{"id":112107,"date":"2023-12-10T15:10:14","date_gmt":"2023-12-10T13:10:14","guid":{"rendered":"https:\/\/prohoster.info\/blog\/novosti-interneta\/vypusk-debian-12-3-otlozhen-iz-za-problemy-privodyashhej-k-povrezhdeniyu-fs-ext4"},"modified":"2023-12-10T15:10:14","modified_gmt":"2023-12-10T13:10:14","slug":"vypusk-debian-12-3-otlozhen-iz-za-problemy-privodyashhej-k-povrezhdeniyu-fs-ext4","status":"publish","type":"post","link":"https:\/\/prohoster.info\/de\/blog\/news\/vypusk-debian-12-3-otlozhen-iz-za-problemy-privodyashhej-k-povrezhdeniyu-fs-ext4","title":{"rendered":"Die Ver\u00f6ffentlichung von Debian 12.3 wurde aufgrund eines Problems, das zu einer Besch\u00e4digung des Ext4-Dateisystems f\u00fchrt, verschoben.","gt_translate_keys":[{"key":"rendered","format":"text"}]},"content":{"rendered":"<p>Die Entwickler des Debian-Projekts haben die Ver\u00f6ffentlichung von Installationsabbildern mit dem Update Debian 12.3 ausgesetzt, da im Linux-Kernel ein Fehler gefunden wurde, der zu Datenbesch\u00e4digung im Ext4-Dateisystem f\u00fchrt. Benutzern bereits installierter Systeme wird geraten, von der Installation von Kernel-Updates aus dem Repository abzusehen, bis ein Fehlerbehebungsupdate ver\u00f6ffentlicht wird.         <\/p>\n<p>Das Problem tritt im stabilen Branch des Linux-Kernels 6.1 auf, in den eine urspr\u00fcnglich in den Branch 6.5 hinzugef\u00fcgte Fehlerbehebung \u00fcbertragen wurde, die einen Absturz aufgrund eines Fehlers im Code zur Gr\u00f6\u00dfenaktualisierung von Dateien, die nach einer direkten Ein-\/Ausgabeoperation mit dem O_SYNC-Flag verkleinert wurde, behebt. Die Besch\u00e4digung wird als nicht kritisch eingestuft (was genau damit gemeint ist, wird nicht erkl\u00e4rt; wahrscheinlich tritt der Datenverlust nur unter sehr seltenen Umst\u00e4nden auf oder die Daten gehen nicht dauerhaft verloren, aber die Dateigr\u00f6\u00dfe ist gr\u00f6\u00dfer als die tats\u00e4chliche).    <\/p>\n<p>Im Kontext von Debian 12 wurde der Fehler in das Kernel-Paket 6.1 \u00fcbertragen, nachdem es mit der Version 6.1.64 synchronisiert wurde. W\u00e4hrend der Diskussion \u00fcber den Fehler erw\u00e4hnten die Debian-Entwickler, dass das Problem im Update 6.1.66 behoben wurde, es ist jedoch unklar, welches der in dieser Version hinzugef\u00fcgten Patches das Problem l\u00f6st, da es im Kernel 6.1.66 keine eindeutig mit VFS und Ext4 verbundenen \u00c4nderungen gibt (es handelt sich wahrscheinlich um die Unterbrechung des Problems in dem deb-Paket auf Basis des Kernels 6.1.66, w\u00e4hrend das eigentliche Patch in den Kernel-Branch 6.1.65 eingef\u00fcgt wurde, der \u00c4nderungen in Bezug auf Ext4 enth\u00e4lt).    <\/p>\n<p>Zusatz: Die aktuelle Version des laufenden Kernels auf Debian 12 kann mit dem Befehl \u201euname -a\u201c \u00fcberpr\u00fcft werden. Fehlerhafte Informationen finden sich in der Kernelversion 6.1.0-14. Falls diese Version installiert wurde, wird als Umgehungsl\u00f6sung empfohlen, die vorherige Kernelsversion zu verwenden, da Debian drei Kernelversionen bei Aktualisierungen speichert.<br \/>\n<br \/>Quelle: <a content=\"nofollow\" rel=\"nofollow\" href=\"https:\/\/www.opennet.ru\/opennews\/art.shtml?num=60261\">opennet.ru<\/a> <\/p>","protected":false,"gt_translate_keys":[{"key":"rendered","format":"html"}]},"excerpt":{"rendered":"<p>\u0420\u0430\u0437\u0440\u0430\u0431\u043e\u0442\u0447\u0438\u043a\u0438 \u043f\u0440\u043e\u0435\u043a\u0442\u0430 Debian \u043e\u0431\u044a\u044f\u0432\u0438\u043b\u0438 \u043e \u043f\u0440\u0438\u043e\u0441\u0442\u0430\u043d\u043e\u0432\u043a\u0435 \u043f\u0443\u0431\u043b\u0438\u043a\u0430\u0446\u0438\u0438 \u0443\u0441\u0442\u0430\u043d\u043e\u0432\u043e\u0447\u043d\u044b\u0445 \u043e\u0431\u0440\u0430\u0437\u043e\u0432 \u0441 \u043e\u0431\u043d\u043e\u0432\u043b\u0435\u043d\u0438\u0435\u043c Debian 12.3 \u0438\u0437-\u0437\u0430 \u0432\u044b\u044f\u0432\u043b\u0435\u043d\u0438\u044f \u0432 \u044f\u0434\u0440\u0435 Linux \u043e\u0448\u0438\u0431\u043a\u0438, \u043f\u0440\u0438\u0432\u043e\u0434\u044f\u0449\u0435\u0439 \u043a \u043f\u043e\u0432\u0440\u0435\u0436\u0434\u0435\u043d\u0438\u044e \u0434\u0430\u043d\u043d\u044b\u0445 \u0432 \u0444\u0430\u0439\u043b\u043e\u0432\u043e\u0439 \u0441\u0438\u0441\u0442\u0435\u043c\u0435 Ext4. \u041f\u043e\u043b\u044c\u0437\u043e\u0432\u0430\u0442\u0435\u043b\u044f\u043c \u0443\u0436\u0435 \u0443\u0441\u0442\u0430\u043d\u043e\u0432\u043b\u0435\u043d\u043d\u044b\u0445 \u0441\u0438\u0441\u0442\u0435\u043c \u0440\u0435\u043a\u043e\u043c\u0435\u043d\u0434\u043e\u0432\u0430\u043d\u043e \u0432\u043e\u0437\u0434\u0435\u0440\u0436\u0430\u0442\u044c\u0441\u044f \u043e\u0442 \u0443\u0441\u0442\u0430\u043d\u043e\u0432\u043a\u0438 \u043e\u0431\u043d\u043e\u0432\u043b\u0435\u043d\u0438\u0439 \u043f\u0430\u043a\u0435\u0442\u043e\u0432 \u0441 \u044f\u0434\u0440\u043e\u043c \u0438\u0437 \u0440\u0435\u043f\u043e\u0437\u0438\u0442\u043e\u0440\u0438\u044f \u0434\u043e \u043f\u0443\u0431\u043b\u0438\u043a\u0430\u0446\u0438\u0438 \u0438\u0441\u043f\u0440\u0430\u0432\u043b\u0435\u043d\u0438\u044f. \u041f\u0440\u043e\u0431\u043b\u0435\u043c\u0430 \u043f\u0440\u043e\u044f\u0432\u043b\u044f\u0435\u0442\u0441\u044f \u0432 \u0441\u0442\u0430\u0431\u0438\u043b\u044c\u043d\u043e\u0439 \u0432\u0435\u0442\u043a\u0435 \u044f\u0434\u0440\u0430 Linux 6.1, \u0432 \u043a\u043e\u0442\u043e\u0440\u0443\u044e \u0431\u044b\u043b\u043e [&hellip;]<\/p>\n","protected":false,"gt_translate_keys":[{"key":"rendered","format":"html"}]},"author":1,"featured_media":0,"comment_status":"open","ping_status":"open","sticky":false,"template":"","format":"standard","meta":{"footnotes":""},"categories":[702],"tags":[],"class_list":["post-112107","post","type-post","status-publish","format-standard","hentry","category-news"],"aioseo_notices":[],"aioseo_head":"\n\t\t<!-- All in One SEO 5.0.1.1 - aioseo.com -->\n\t<meta name=\"description\" content=\"\u0420\u0430\u0437\u0440\u0430\u0431\u043e\u0442\u0447\u0438\u043a\u0438 \u043f\u0440\u043e\u0435\u043a\u0442\u0430 Debian \u043e\u0431\u044a\u044f\u0432\u0438\u043b\u0438 \u043e \u043f\u0440\u0438\u043e\u0441\u0442\u0430\u043d\u043e\u0432\u043a\u0435 \u043f\u0443\u0431\u043b\u0438\u043a\u0430\u0446\u0438\u0438 \u0443\u0441\u0442\u0430\u043d\u043e\u0432\u043e\u0447\u043d\u044b\u0445 \u043e\u0431\u0440\u0430\u0437\u043e\u0432 \u0441 \u043e\u0431\u043d\u043e\u0432\u043b\u0435\u043d\u0438\u0435\u043c Debian 12.3 \u0438\u0437-\u0437\u0430 \u0432\u044b\u044f\u0432\u043b\u0435\u043d\u0438\u044f \u0432 \u044f\u0434\u0440\u0435 Linux \u043e\u0448\u0438\u0431\u043a\u0438, \u043f\u0440\u0438\u0432\u043e\u0434\u044f\u0449\u0435\u0439 \u043a \u043f\u043e\u0432\u0440\u0435\u0436\u0434\u0435\u043d\u0438\u044e \u0434\u0430\u043d\u043d\u044b\u0445 \u0432 \u0444\u0430\u0439\u043b\u043e\u0432\u043e\u0439 \u0441\u0438\u0441\u0442\u0435\u043c\u0435 Ext4.\" \/>\n\t<meta name=\"robots\" content=\"max-image-preview:large\" \/>\n\t<meta name=\"author\" content=\"Yuri Gagarin\"\/>\n\t<link rel=\"canonical\" href=\"https:\/\/prohoster.info\/de\/blog\/news\/vypusk-debian-12-3-otlozhen-iz-za-problemy-privodyashhej-k-povrezhdeniyu-fs-ext4\" \/>\n\t<meta name=\"generator\" content=\"All in One SEO (AIOSEO) 5.0.1.1\" \/>\n\t\t<meta property=\"og:locale\" content=\"de_DE\" \/>\n\t\t<meta property=\"og:site_name\" content=\"ProHoster | \u041a\u0443\u043f\u0438\u0442\u044c \u043d\u0430\u0434\u0435\u0436\u043d\u044b\u0439 \u0445\u043e\u0441\u0442\u0438\u043d\u0433 \u0434\u043b\u044f \u0441\u0430\u0439\u0442\u043e\u0432 \u0441 \u0437\u0430\u0449\u0438\u0442\u043e\u0439 \u043e\u0442 DDoS, VPS VDS \u0441\u0435\u0440\u0432\u0435\u0440\u044b\" \/>\n\t\t<meta property=\"og:type\" content=\"article\" \/>\n\t\t<meta property=\"og:title\" content=\"\ud83e\udd47\u0412\u044b\u043f\u0443\u0441\u043a Debian 12.3 \u043e\u0442\u043b\u043e\u0436\u0435\u043d \u0438\u0437-\u0437\u0430 \u043f\u0440\u043e\u0431\u043b\u0435\u043c\u044b, \u043f\u0440\u0438\u0432\u043e\u0434\u044f\u0449\u0435\u0439 \u043a \u043f\u043e\u0432\u0440\u0435\u0436\u0434\u0435\u043d\u0438\u044e \u0424\u0421 Ext4 | ProHoster\" \/>\n\t\t<meta property=\"og:description\" content=\"\u0420\u0430\u0437\u0440\u0430\u0431\u043e\u0442\u0447\u0438\u043a\u0438 \u043f\u0440\u043e\u0435\u043a\u0442\u0430 Debian \u043e\u0431\u044a\u044f\u0432\u0438\u043b\u0438 \u043e \u043f\u0440\u0438\u043e\u0441\u0442\u0430\u043d\u043e\u0432\u043a\u0435 \u043f\u0443\u0431\u043b\u0438\u043a\u0430\u0446\u0438\u0438 \u0443\u0441\u0442\u0430\u043d\u043e\u0432\u043e\u0447\u043d\u044b\u0445 \u043e\u0431\u0440\u0430\u0437\u043e\u0432 \u0441 \u043e\u0431\u043d\u043e\u0432\u043b\u0435\u043d\u0438\u0435\u043c Debian 12.3 \u0438\u0437-\u0437\u0430 \u0432\u044b\u044f\u0432\u043b\u0435\u043d\u0438\u044f \u0432 \u044f\u0434\u0440\u0435 Linux \u043e\u0448\u0438\u0431\u043a\u0438, \u043f\u0440\u0438\u0432\u043e\u0434\u044f\u0449\u0435\u0439 \u043a \u043f\u043e\u0432\u0440\u0435\u0436\u0434\u0435\u043d\u0438\u044e \u0434\u0430\u043d\u043d\u044b\u0445 \u0432 \u0444\u0430\u0439\u043b\u043e\u0432\u043e\u0439 \u0441\u0438\u0441\u0442\u0435\u043c\u0435 Ext4.\" \/>\n\t\t<meta property=\"og:url\" content=\"https:\/\/prohoster.info\/de\/blog\/news\/vypusk-debian-12-3-otlozhen-iz-za-problemy-privodyashhej-k-povrezhdeniyu-fs-ext4\" \/>\n\t\t<meta property=\"og:image\" content=\"https:\/\/prohoster.info\/wp-content\/uploads\/2021\/11\/logo-350.jpg\" \/>\n\t\t<meta property=\"og:image:secure_url\" content=\"https:\/\/prohoster.info\/wp-content\/uploads\/2021\/11\/logo-350.jpg\" \/>\n\t\t<meta property=\"og:image:width\" content=\"350\" \/>\n\t\t<meta property=\"og:image:height\" content=\"350\" \/>\n\t\t<meta property=\"article:published_time\" content=\"2023-12-10T13:10:14+00:00\" \/>\n\t\t<meta property=\"article:modified_time\" content=\"2023-12-10T13:10:14+00:00\" \/>\n\t\t<meta property=\"article:publisher\" content=\"https:\/\/www.facebook.com\/prohoster\" \/>\n\t\t<meta property=\"article:author\" content=\"https:\/\/www.facebook.com\/prohoster\" \/>\n\t\t<!-- All in One SEO -->\n\n","aioseo_head_json":{"title":"\ud83e\udd47Die Ver\u00f6ffentlichung von Debian 12.3 wurde aufgrund eines Problems, das zu einer Besch\u00e4digung des Ext4-Dateisystems f\u00fchrt, verschoben | ProHoster","description":"Die Entwickler des Debian-Projekts haben die Ver\u00f6ffentlichung von Installationsabbildern mit dem Update Debian 12.3 ausgesetzt, da im Linux-Kernel ein Fehler gefunden wurde, der zu Datenbesch\u00e4digung im Ext4-Dateisystem f\u00fchrt.","canonical_url":"https:\/\/prohoster.info\/de\/blog\/news\/vypusk-debian-12-3-otlozhen-iz-za-problemy-privodyashhej-k-povrezhdeniyu-fs-ext4","robots":"max-image-preview:large","keywords":"","webmasterTools":{"miscellaneous":""},"schema":null,"og:locale":"de_DE","og:site_name":"ProHoster | \u041a\u0443\u043f\u0438\u0442\u044c \u043d\u0430\u0434\u0435\u0436\u043d\u044b\u0439 \u0445\u043e\u0441\u0442\u0438\u043d\u0433 \u0434\u043b\u044f \u0441\u0430\u0439\u0442\u043e\u0432 \u0441 \u0437\u0430\u0449\u0438\u0442\u043e\u0439 \u043e\u0442 DDoS, VPS VDS \u0441\u0435\u0440\u0432\u0435\u0440\u044b","og:type":"article","og:title":"\ud83e\udd47\u0412\u044b\u043f\u0443\u0441\u043a Debian 12.3 \u043e\u0442\u043b\u043e\u0436\u0435\u043d \u0438\u0437-\u0437\u0430 \u043f\u0440\u043e\u0431\u043b\u0435\u043c\u044b, \u043f\u0440\u0438\u0432\u043e\u0434\u044f\u0449\u0435\u0439 \u043a \u043f\u043e\u0432\u0440\u0435\u0436\u0434\u0435\u043d\u0438\u044e \u0424\u0421 Ext4 | ProHoster","og:description":"\u0420\u0430\u0437\u0440\u0430\u0431\u043e\u0442\u0447\u0438\u043a\u0438 \u043f\u0440\u043e\u0435\u043a\u0442\u0430 Debian \u043e\u0431\u044a\u044f\u0432\u0438\u043b\u0438 \u043e \u043f\u0440\u0438\u043e\u0441\u0442\u0430\u043d\u043e\u0432\u043a\u0435 \u043f\u0443\u0431\u043b\u0438\u043a\u0430\u0446\u0438\u0438 \u0443\u0441\u0442\u0430\u043d\u043e\u0432\u043e\u0447\u043d\u044b\u0445 \u043e\u0431\u0440\u0430\u0437\u043e\u0432 \u0441 \u043e\u0431\u043d\u043e\u0432\u043b\u0435\u043d\u0438\u0435\u043c Debian 12.3 \u0438\u0437-\u0437\u0430 \u0432\u044b\u044f\u0432\u043b\u0435\u043d\u0438\u044f \u0432 \u044f\u0434\u0440\u0435 Linux \u043e\u0448\u0438\u0431\u043a\u0438, \u043f\u0440\u0438\u0432\u043e\u0434\u044f\u0449\u0435\u0439 \u043a \u043f\u043e\u0432\u0440\u0435\u0436\u0434\u0435\u043d\u0438\u044e \u0434\u0430\u043d\u043d\u044b\u0445 \u0432 \u0444\u0430\u0439\u043b\u043e\u0432\u043e\u0439 \u0441\u0438\u0441\u0442\u0435\u043c\u0435 Ext4.","og:url":"https:\/\/prohoster.info\/de\/blog\/news\/vypusk-debian-12-3-otlozhen-iz-za-problemy-privodyashhej-k-povrezhdeniyu-fs-ext4","og:image":"https:\/\/prohoster.info\/wp-content\/uploads\/2021\/11\/logo-350.jpg","og:image:secure_url":"https:\/\/prohoster.info\/wp-content\/uploads\/2021\/11\/logo-350.jpg","og:image:width":350,"og:image:height":350,"article:published_time":"2023-12-10T13:10:14+00:00","article:modified_time":"2023-12-10T13:10:14+00:00","article:publisher":"https:\/\/www.facebook.com\/prohoster","article:author":"https:\/\/www.facebook.com\/prohoster"},"aioseo_meta_data":[],"gt_translate_keys":[{"key":"link","format":"url"}],"_links":{"self":[{"href":"https:\/\/prohoster.info\/de\/wp-json\/wp\/v2\/posts\/112107","targetHints":{"allow":["GET"]}}],"collection":[{"href":"https:\/\/prohoster.info\/de\/wp-json\/wp\/v2\/posts"}],"about":[{"href":"https:\/\/prohoster.info\/de\/wp-json\/wp\/v2\/types\/post"}],"author":[{"embeddable":true,"href":"https:\/\/prohoster.info\/de\/wp-json\/wp\/v2\/users\/1"}],"replies":[{"embeddable":true,"href":"https:\/\/prohoster.info\/de\/wp-json\/wp\/v2\/comments?post=112107"}],"version-history":[{"count":0,"href":"https:\/\/prohoster.info\/de\/wp-json\/wp\/v2\/posts\/112107\/revisions"}],"wp:attachment":[{"href":"https:\/\/prohoster.info\/de\/wp-json\/wp\/v2\/media?parent=112107"}],"wp:term":[{"taxonomy":"category","embeddable":true,"href":"https:\/\/prohoster.info\/de\/wp-json\/wp\/v2\/categories?post=112107"},{"taxonomy":"post_tag","embeddable":true,"href":"https:\/\/prohoster.info\/de\/wp-json\/wp\/v2\/tags?post=112107"}],"curies":[{"name":"wp","href":"https:\/\/api.w.org\/{rel}","templated":true}]}}