{"id":117672,"date":"2024-07-16T15:43:38","date_gmt":"2024-07-16T13:43:38","guid":{"rendered":"https:\/\/prohoster.info\/blog\/novosti-interneta\/amd-upomyanula-arhitektury-zen-6-i-zen-6c-v-svoih-planah-a-takzhe-podtverdila-razrabotku-zen-7"},"modified":"2024-07-16T15:43:38","modified_gmt":"2024-07-16T13:43:38","slug":"amd-upomyanula-arhitektury-zen-6-i-zen-6c-v-svoih-planah-a-takzhe-podtverdila-razrabotku-zen-7","status":"publish","type":"post","link":"https:\/\/prohoster.info\/de\/blog\/news\/amd-upomyanula-arhitektury-zen-6-i-zen-6c-v-svoih-planah-a-takzhe-podtverdila-razrabotku-zen-7","title":{"rendered":"AMD erw\u00e4hnte die Architekturen Zen 6 und Zen 6c in seinen Pl\u00e4nen und best\u00e4tigte die Entwicklung von Zen 7.","gt_translate_keys":[{"key":"rendered","format":"text"}]},"content":{"rendered":"<p>Im Rahmen der Veranstaltung Zen5 Tech Day, auf der Details zu den Desktop-Prozessoren enth\u00fcllt wurden, <noindex><a rel=\"nofollow noopener\" href=\"https:\/\/3dnews.ru\/1107987\/amd-rasskazala-kak-uvelichila-na-16-pokazatel-ipc-novih-protsessorov-ryzen-9000\" target=\"_blank\">Ryzen 9000<\/a><\/noindex> und mobilen Chips <noindex><a rel=\"nofollow noopener\" href=\"https:\/\/3dnews.ru\/1107976\/vstroennaya-grafika-radeon-800m-mobilnih-protsessorov-ryzen-ai-300-do-32-bistree-radeon-700m-pri-odinakovom-tdp\" target=\"_blank\">Ryzen AI 300<\/a><\/noindex>, das Unternehmen AMD hat auch Pl\u00e4ne f\u00fcr die Ver\u00f6ffentlichung zuk\u00fcnftiger Architekturen &mdash; Zen 6 und Zen 6c, geteilt.<\/p>\n<p><center><\/center> \t\t\t\t<center><\/center>  <img decoding=\"async\" alt=\"AMD erw\u00e4hnte die Architekturen Zen 6 und Zen 6c in seinen Pl\u00e4nen und best\u00e4tigte die Entwicklung von Zen 7.\" src=\"\/wp-content\/uploads\/2024\/07\/67efbb92f4acb6c5081a92356d521162.jpg\" style=\"display:block;margin: 0 auto;\" \/>    <\/p>\n<p>AMD gab sogar keine ungef\u00e4hren Termine f\u00fcr die Ank\u00fcndigung von Produkten auf Basis von Zen 6 und Zen 6c bekannt und erkl\u00e4rte nicht, welche Fertigungsprozesse f\u00fcr die Herstellung dieser Produkte verwendet werden. Dies ist jedoch das erste Mal, dass das Unternehmen \u00f6ffentlich best\u00e4tigt, dass der Nachfolger von Zen 5 Zen 6 sein wird. Der technische Direktor von AMD, Mark Papermaster, best\u00e4tigte, dass das Unternehmen auch bereits an der Architektur Zen 7 arbeitet. Diese wird, wie auch bei Zen 6, von einem separaten Team von Ingenieuren betreut.<\/p>\n<p>Aus den Aussagen von AMD wird klar, dass die Architekturen Zen 6 und Zen 6c im Rahmen der Plattform Socket AM5 deb\u00fctieren werden. Ob diese Plattform auch Unterst\u00fctzung f\u00fcr die Zen 7-Chips erhalten wird oder ob diese Architektur bereits mit v\u00f6llig neuen Mainboards arbeiten wird, ist jedoch unbekannt. AMD hat best\u00e4tigt, dass es die Unterst\u00fctzung f\u00fcr Socket AM5 bis 2027 und dar\u00fcber hinaus gew\u00e4hrleisten wird, mit einer Garantie f\u00fcr die Kompatibilit\u00e4t von mindestens f\u00fcnf Jahren. <\/p>\n<p><center><\/center> <\/p>\n<p>&laquo;Wir m\u00f6chten einen der Kommentare klarstellen, die w\u00e4hrend des Ingenieurrunden Tischs ge\u00e4u\u00dfert wurden. Damals sagte Joe, dass die Plattform AM5 Unterst\u00fctzung f\u00fcr vier Generationen von CPUs bieten w\u00fcrde. Wie wir bereits zuvor auf der Computex angek\u00fcndigt haben, sind wir entschlossen, dass die Plattform AM5 bis einschlie\u00dflich 2027 unterst\u00fctzt wird&raquo;, &mdash; erkl\u00e4rten die Pressestelle von AMD.<\/p>\n<p>Bis Ende 2027 verbleiben 41 Monate. Der \u00dcbergang von Zen 4 auf Zen 5 dauerte f\u00fcr das Unternehmen 22 Monate. Wenn AMD plant, am gleichen Zyklus f\u00fcr die Einf\u00fchrung neuer Architekturen festzuhalten, k\u00f6nnte Zen 6 Unterst\u00fctzung f\u00fcr AM5 erhalten, w\u00e4hrend Zen 7 m\u00f6glicherweise bereits auf einer neuen Plattform deb\u00fctieren kann.<\/p>\n<p> <img decoding=\"async\" alt=\"AMD erw\u00e4hnte die Architekturen Zen 6 und Zen 6c in seinen Pl\u00e4nen und best\u00e4tigte die Entwicklung von Zen 7.\" src=\"\/wp-content\/uploads\/2024\/07\/c8c1dee8b452b533fea50c5d98200d8c.jpg\" style=\"display:block;margin: 0 auto;\" \/> <\/p>\n<p>Laut dem Portal ComputerBase wird die Plattform der n\u00e4chsten Generation (vermutlich mit dem Namen AM6) gleichzeitig mit dem \u00dcbergang zu DDR6-RAM und dem PCIe 6.0-Interface vorgestellt.<\/p>\n<p> <img decoding=\"async\" alt=\"AMD erw\u00e4hnte die Architekturen Zen 6 und Zen 6c in seinen Pl\u00e4nen und best\u00e4tigte die Entwicklung von Zen 7.\" src=\"\/wp-content\/uploads\/2024\/07\/b6d8c8ac996e07aaaf5aead1b85590de.jpg\" style=\"display:block;margin: 0 auto;\" \/> <\/p>\n<p>Offizielle Details zur Architektur Zen 6 gibt es nicht. Ger\u00fcchten zufolge wird in den Prozessoren dieser Architektur auch integrierte Grafik auf der neuen Architektur RDNA 5 verwendet. Letztere soll im Vergleich zu RDNA 2, die in den neuesten Desktop-Prozessoren der Ryzen 9000-Serie verwendet wird, einen signifikanten Leistungsschub bieten. Bei den neuen Architekturen wird auch der Schwerpunkt auf die Beschleunigung von KI-Aufgaben gelegt: Es wird erwartet, dass agentenbasierte KI, ein stetiger Zugang zu KI-Funktionen, die Unterst\u00fctzung f\u00fcr gro\u00dfe Sprachmodelle und vieles mehr erscheinen werden.<\/p>\n<p><strong>Quellen:<\/strong><\/p>\n<ul class=\"related\">\n<li><noindex><a rel=\"nofollow noopener\" href=\"http:\/\/videocardz.com\/\" target=\"_blank\" title=\"VideoCardz\">VideoCardz<\/a><\/noindex><\/li>\n<li><noindex><a rel=\"nofollow noopener\" href=\"http:\/\/www.computerbase.de\/\" target=\"_blank\" title=\"ComputerBase.de\">ComputerBase.de<\/a><\/noindex><\/li>\n<\/ul>\n<p> \t           \t  <center>     <center>    <\/center>     <center>   <\/center>     <\/center>  <center>     <\/center>   \t\t\t \t\t\t\t<center> \t\t\t\t     \t\t\t\t<\/center><br \/>Quelle: <a content=\"nofollow\" rel=\"nofollow\" href=\"https:\/\/3dnews.ru\/1108030\">3dnews.ru<\/a> <\/p>","protected":false,"gt_translate_keys":[{"key":"rendered","format":"html"}]},"excerpt":{"rendered":"<p>\u0412 \u0440\u0430\u043c\u043a\u0430\u0445 \u043c\u0435\u0440\u043e\u043f\u0440\u0438\u044f\u0442\u0438\u044f Zen5 Tech Day, \u043d\u0430 \u043a\u043e\u0442\u043e\u0440\u043e\u043c \u0431\u044b\u043b\u0438 \u0440\u0430\u0441\u043a\u0440\u044b\u0442\u044b \u0434\u0435\u0442\u0430\u043b\u0438 \u043e \u043d\u0430\u0441\u0442\u043e\u043b\u044c\u043d\u044b\u0445 \u043f\u0440\u043e\u0446\u0435\u0441\u0441\u043e\u0440\u0430\u0445 Ryzen 9000 \u0438 \u043c\u043e\u0431\u0438\u043b\u044c\u043d\u044b\u0445 \u0447\u0438\u043f\u0430\u0445 Ryzen AI 300, \u043a\u043e\u043c\u043f\u0430\u043d\u0438\u044f AMD \u0442\u0430\u043a\u0436\u0435 \u043f\u043e\u0434\u0435\u043b\u0438\u043b\u0430\u0441\u044c \u043f\u043b\u0430\u043d\u0430\u043c\u0438 \u043e\u0442\u043d\u043e\u0441\u0438\u0442\u0435\u043b\u044c\u043d\u043e \u0432\u044b\u043f\u0443\u0441\u043a\u0430 \u0431\u0443\u0434\u0443\u0449\u0438\u0445 \u0430\u0440\u0445\u0438\u0442\u0435\u043a\u0442\u0443\u0440 &mdash; Zen 6 \u0438 Zen 6c. AMD \u043d\u0435 \u0441\u043e\u043e\u0431\u0449\u0438\u043b\u0430 \u0434\u0430\u0436\u0435 \u043f\u0440\u0438\u043c\u0435\u0440\u043d\u044b\u0435 \u0441\u0440\u043e\u043a\u0438 \u0430\u043d\u043e\u043d\u0441\u0430 \u043f\u0440\u043e\u0434\u0443\u043a\u0442\u043e\u0432 \u043d\u0430 \u0431\u0430\u0437\u0435 Zen 6 \u0438 Zen 6c, \u0438 \u043d\u0435 \u0440\u0430\u0441\u0441\u043a\u0430\u0437\u0430\u043b\u0430, [&hellip;]<\/p>\n","protected":false,"gt_translate_keys":[{"key":"rendered","format":"html"}]},"author":1,"featured_media":117673,"comment_status":"","ping_status":"open","sticky":false,"template":"","format":"standard","meta":{"footnotes":""},"categories":[702],"tags":[],"class_list":["post-117672","post","type-post","status-publish","format-standard","has-post-thumbnail","hentry","category-news"],"aioseo_notices":[],"aioseo_head":"\n\t\t<!-- All in One SEO 5.0.1.1 - aioseo.com -->\n\t<meta name=\"description\" content=\"\u0412 \u0440\u0430\u043c\u043a\u0430\u0445 \u043c\u0435\u0440\u043e\u043f\u0440\u0438\u044f\u0442\u0438\u044f Zen5 Tech Day, \u043d\u0430 \u043a\u043e\u0442\u043e\u0440\u043e\u043c \u0431\u044b\u043b\u0438 \u0440\u0430\u0441\u043a\u0440\u044b\u0442\u044b \u0434\u0435\u0442\u0430\u043b\u0438 \u043e \u043d\u0430\u0441\u0442\u043e\u043b\u044c\u043d\u044b\u0445 \u043f\u0440\u043e\u0446\u0435\u0441\u0441\u043e\u0440\u0430\u0445\" \/>\n\t<meta name=\"robots\" content=\"max-image-preview:large\" \/>\n\t<meta name=\"author\" content=\"Yuri Gagarin\"\/>\n\t<link rel=\"canonical\" href=\"https:\/\/prohoster.info\/de\/blog\/news\/amd-upomyanula-arhitektury-zen-6-i-zen-6c-v-svoih-planah-a-takzhe-podtverdila-razrabotku-zen-7\" \/>\n\t<meta name=\"generator\" content=\"All in One SEO (AIOSEO) 5.0.1.1\" \/>\n\t\t<meta property=\"og:locale\" content=\"de_DE\" \/>\n\t\t<meta property=\"og:site_name\" content=\"ProHoster | \u041a\u0443\u043f\u0438\u0442\u044c \u043d\u0430\u0434\u0435\u0436\u043d\u044b\u0439 \u0445\u043e\u0441\u0442\u0438\u043d\u0433 \u0434\u043b\u044f \u0441\u0430\u0439\u0442\u043e\u0432 \u0441 \u0437\u0430\u0449\u0438\u0442\u043e\u0439 \u043e\u0442 DDoS, VPS VDS \u0441\u0435\u0440\u0432\u0435\u0440\u044b\" \/>\n\t\t<meta property=\"og:type\" content=\"article\" \/>\n\t\t<meta property=\"og:title\" content=\"\ud83e\udd47AMD \u0443\u043f\u043e\u043c\u044f\u043d\u0443\u043b\u0430 \u0430\u0440\u0445\u0438\u0442\u0435\u043a\u0442\u0443\u0440\u044b Zen 6 \u0438 Zen 6c \u0432 \u0441\u0432\u043e\u0438\u0445 \u043f\u043b\u0430\u043d\u0430\u0445, \u0430 \u0442\u0430\u043a\u0436\u0435 \u043f\u043e\u0434\u0442\u0432\u0435\u0440\u0434\u0438\u043b\u0430 \u0440\u0430\u0437\u0440\u0430\u0431\u043e\u0442\u043a\u0443 Zen 7 | ProHoster\" \/>\n\t\t<meta property=\"og:description\" content=\"\u0412 \u0440\u0430\u043c\u043a\u0430\u0445 \u043c\u0435\u0440\u043e\u043f\u0440\u0438\u044f\u0442\u0438\u044f Zen5 Tech Day, \u043d\u0430 \u043a\u043e\u0442\u043e\u0440\u043e\u043c \u0431\u044b\u043b\u0438 \u0440\u0430\u0441\u043a\u0440\u044b\u0442\u044b \u0434\u0435\u0442\u0430\u043b\u0438 \u043e \u043d\u0430\u0441\u0442\u043e\u043b\u044c\u043d\u044b\u0445 \u043f\u0440\u043e\u0446\u0435\u0441\u0441\u043e\u0440\u0430\u0445\" \/>\n\t\t<meta property=\"og:url\" content=\"https:\/\/prohoster.info\/de\/blog\/news\/amd-upomyanula-arhitektury-zen-6-i-zen-6c-v-svoih-planah-a-takzhe-podtverdila-razrabotku-zen-7\" \/>\n\t\t<meta property=\"og:image\" content=\"https:\/\/prohoster.info\/wp-content\/uploads\/2021\/11\/logo-350.jpg\" \/>\n\t\t<meta property=\"og:image:secure_url\" content=\"https:\/\/prohoster.info\/wp-content\/uploads\/2021\/11\/logo-350.jpg\" \/>\n\t\t<meta property=\"og:image:width\" content=\"350\" \/>\n\t\t<meta property=\"og:image:height\" content=\"350\" \/>\n\t\t<meta property=\"article:published_time\" content=\"2024-07-16T13:43:38+00:00\" \/>\n\t\t<meta property=\"article:modified_time\" content=\"2024-07-16T13:43:38+00:00\" \/>\n\t\t<meta property=\"article:publisher\" content=\"https:\/\/www.facebook.com\/prohoster\" \/>\n\t\t<meta property=\"article:author\" content=\"https:\/\/www.facebook.com\/prohoster\" \/>\n\t\t<!-- All in One SEO -->\n\n","aioseo_head_json":{"title":"\ud83e\udd47AMD erw\u00e4hnte die Architekturen Zen 6 und Zen 6c in ihren Pl\u00e4nen und best\u00e4tigte die Entwicklung von Zen 7 | ProHoster","description":"Im Rahmen der Veranstaltung Zen5 Tech Day, auf der Details zu den Desktop-Prozessoren enth\u00fcllt wurden,","canonical_url":"https:\/\/prohoster.info\/de\/blog\/news\/amd-upomyanula-arhitektury-zen-6-i-zen-6c-v-svoih-planah-a-takzhe-podtverdila-razrabotku-zen-7","robots":"max-image-preview:large","keywords":"","webmasterTools":{"miscellaneous":""},"schema":null,"og:locale":"de_DE","og:site_name":"ProHoster | \u041a\u0443\u043f\u0438\u0442\u044c \u043d\u0430\u0434\u0435\u0436\u043d\u044b\u0439 \u0445\u043e\u0441\u0442\u0438\u043d\u0433 \u0434\u043b\u044f \u0441\u0430\u0439\u0442\u043e\u0432 \u0441 \u0437\u0430\u0449\u0438\u0442\u043e\u0439 \u043e\u0442 DDoS, VPS VDS \u0441\u0435\u0440\u0432\u0435\u0440\u044b","og:type":"article","og:title":"\ud83e\udd47AMD \u0443\u043f\u043e\u043c\u044f\u043d\u0443\u043b\u0430 \u0430\u0440\u0445\u0438\u0442\u0435\u043a\u0442\u0443\u0440\u044b Zen 6 \u0438 Zen 6c \u0432 \u0441\u0432\u043e\u0438\u0445 \u043f\u043b\u0430\u043d\u0430\u0445, \u0430 \u0442\u0430\u043a\u0436\u0435 \u043f\u043e\u0434\u0442\u0432\u0435\u0440\u0434\u0438\u043b\u0430 \u0440\u0430\u0437\u0440\u0430\u0431\u043e\u0442\u043a\u0443 Zen 7 | ProHoster","og:description":"\u0412 \u0440\u0430\u043c\u043a\u0430\u0445 \u043c\u0435\u0440\u043e\u043f\u0440\u0438\u044f\u0442\u0438\u044f Zen5 Tech Day, \u043d\u0430 \u043a\u043e\u0442\u043e\u0440\u043e\u043c \u0431\u044b\u043b\u0438 \u0440\u0430\u0441\u043a\u0440\u044b\u0442\u044b \u0434\u0435\u0442\u0430\u043b\u0438 \u043e \u043d\u0430\u0441\u0442\u043e\u043b\u044c\u043d\u044b\u0445 \u043f\u0440\u043e\u0446\u0435\u0441\u0441\u043e\u0440\u0430\u0445","og:url":"https:\/\/prohoster.info\/de\/blog\/news\/amd-upomyanula-arhitektury-zen-6-i-zen-6c-v-svoih-planah-a-takzhe-podtverdila-razrabotku-zen-7","og:image":"https:\/\/prohoster.info\/wp-content\/uploads\/2021\/11\/logo-350.jpg","og:image:secure_url":"https:\/\/prohoster.info\/wp-content\/uploads\/2021\/11\/logo-350.jpg","og:image:width":350,"og:image:height":350,"article:published_time":"2024-07-16T13:43:38+00:00","article:modified_time":"2024-07-16T13:43:38+00:00","article:publisher":"https:\/\/www.facebook.com\/prohoster","article:author":"https:\/\/www.facebook.com\/prohoster"},"aioseo_meta_data":{"post_id":"117672","title":null,"description":null,"keywords":null,"keyphrases":null,"primary_term":null,"canonical_url":null,"og_title":null,"og_description":null,"og_object_type":"default","og_image_type":"default","og_image_url":null,"og_image_width":null,"og_image_height":null,"og_image_custom_url":null,"og_image_custom_fields":null,"og_video":null,"og_custom_url":null,"og_article_section":null,"og_article_tags":null,"twitter_use_og":false,"twitter_card":"default","twitter_image_type":"default","twitter_image_url":null,"twitter_image_custom_url":null,"twitter_image_custom_fields":null,"twitter_title":null,"twitter_description":null,"schema":{"blockGraphs":[],"customGraphs":[],"default":{"data":{"Article":[],"Course":[],"Dataset":[],"FAQPage":[],"Movie":[],"Person":[],"Product":[],"ProductReview":[],"Car":[],"Recipe":[],"Service":[],"SoftwareApplication":[],"WebPage":[]},"graphName":"","isEnabled":true},"graphs":[]},"schema_type":"default","schema_type_options":null,"pillar_content":false,"robots_default":true,"robots_noindex":false,"robots_noarchive":false,"robots_nosnippet":false,"robots_nofollow":false,"robots_noimageindex":false,"robots_noodp":false,"robots_notranslate":false,"robots_max_snippet":null,"robots_max_videopreview":null,"robots_max_imagepreview":"large","priority":null,"frequency":null,"local_seo":null,"seo_analyzer_scan_date":"2026-01-23 04:21:19","breadcrumb_settings":null,"limit_modified_date":false,"reviewed_by":null,"ai":null,"created":"2026-01-23 04:21:19","updated":"2026-01-23 04:21:19","focus_keyword":null,"additional_keywords":null,"truseo_locale":null},"gt_translate_keys":[{"key":"link","format":"url"}],"_links":{"self":[{"href":"https:\/\/prohoster.info\/de\/wp-json\/wp\/v2\/posts\/117672","targetHints":{"allow":["GET"]}}],"collection":[{"href":"https:\/\/prohoster.info\/de\/wp-json\/wp\/v2\/posts"}],"about":[{"href":"https:\/\/prohoster.info\/de\/wp-json\/wp\/v2\/types\/post"}],"author":[{"embeddable":true,"href":"https:\/\/prohoster.info\/de\/wp-json\/wp\/v2\/users\/1"}],"replies":[{"embeddable":true,"href":"https:\/\/prohoster.info\/de\/wp-json\/wp\/v2\/comments?post=117672"}],"version-history":[{"count":0,"href":"https:\/\/prohoster.info\/de\/wp-json\/wp\/v2\/posts\/117672\/revisions"}],"wp:featuredmedia":[{"embeddable":true,"href":"https:\/\/prohoster.info\/de\/wp-json\/wp\/v2\/media\/117673"}],"wp:attachment":[{"href":"https:\/\/prohoster.info\/de\/wp-json\/wp\/v2\/media?parent=117672"}],"wp:term":[{"taxonomy":"category","embeddable":true,"href":"https:\/\/prohoster.info\/de\/wp-json\/wp\/v2\/categories?post=117672"},{"taxonomy":"post_tag","embeddable":true,"href":"https:\/\/prohoster.info\/de\/wp-json\/wp\/v2\/tags?post=117672"}],"curies":[{"name":"wp","href":"https:\/\/api.w.org\/{rel}","templated":true}]}}