{"id":123067,"date":"2025-04-02T12:55:19","date_gmt":"2025-04-02T10:55:19","guid":{"rendered":"https:\/\/prohoster.info\/?p=123067"},"modified":"2025-04-02T12:55:19","modified_gmt":"2025-04-02T10:55:19","slug":"predstavlen-pervyj-v-mire-elektricheskij-velosiped-s-zaryadkoj-cherez-usb-type-c","status":"publish","type":"post","link":"https:\/\/prohoster.info\/de\/blog\/news\/predstavlen-pervyj-v-mire-elektricheskij-velosiped-s-zaryadkoj-cherez-usb-type-c","title":{"rendered":"Weltweit erstes E-Bike mit USB Type-C Ladeanschluss vorgestellt","gt_translate_keys":[{"key":"rendered","format":"text"}]},"content":{"rendered":"<p>Das estnische Unternehmen Ampler hat die E-Bikes Nova und Nova Pro angek\u00fcndigt. Ihr Hauptmerkmal ist, dass zum Nachladen des Akkus eine in den Rahmen integrierte USB Type-C-Schnittstelle verwendet wird, die bei Bedarf auch zum Aufladen verschiedener Ger\u00e4te genutzt werden kann.<\/p>\n<p><center><\/center> \t\t\t\t  <img decoding=\"async\" alt=\"Weltweit erstes E-Bike mit USB Type-C Ladeanschluss vorgestellt\" src=\"\/wp-content\/uploads\/2025\/04\/c46ed4e0f59b969d7ced6294aed6ef9a.jpg\" style=\"display:block;margin: 0 auto;\" \/>    <\/p>\n<p>Bei den E-Bikes von Nova kommen relativ kleine integrierte Akkus mit 48 V und 336 Wh (abnehmbar nur zur Wartung) zum Einsatz, die innerhalb von drei Stunden von 0 auf 100 % aufgeladen werden k\u00f6nnen, wobei ein USB-C PD 3.1 Ladeger\u00e4t mit bis zu 140 W verwendet wird.<\/p>\n<p> <img decoding=\"async\" alt=\"Weltweit erstes E-Bike mit USB Type-C Ladeanschluss vorgestellt\" src=\"\/wp-content\/uploads\/2025\/04\/d8be20bafbfe987646f48c95d12e720e.jpg\" style=\"display:block;margin: 0 auto;\" \/> <\/p>\n<p>Zum Vergleich: Der Ladevorgang von Fahrr\u00e4dern mit \u00e4hnlichen Batterien dauert in der Regel etwa f\u00fcnf Stunden, w\u00e4hrend Ladeger\u00e4te mit einer Leistung von 300 W und mehr rund zwei Stunden ben\u00f6tigen. Da 240-Watt-USB-C-Ladeger\u00e4te bereits auf den Markt gekommen sind, kann man davon ausgehen, dass USB-C f\u00fcr Fahrr\u00e4der in naher Zukunft ein wettbewerbsf\u00e4higer Schnittstelle bleibt. <\/p>\n<p><center><\/center> <img decoding=\"async\" alt=\"Weltweit erstes E-Bike mit USB Type-C Ladeanschluss vorgestellt\" src=\"\/wp-content\/uploads\/2025\/04\/6fb28e29c24df17ec860eb2f6edccabb.jpg\" style=\"display:block;margin: 0 auto;\" \/> <\/p>\n<p>Laut vorliegenden Informationen hat Ampler neue Fahrr\u00e4der auf die Kompatibilit\u00e4t mit weniger leistungsstarken Ladeger\u00e4ten von Ikea und MacBook getestet, die den \u00e4lteren Standard USB-C PD 3.0 unterst\u00fctzen. Wenn der Benutzer kein solches Ladeger\u00e4t hat, kann er das originale 140-Watt-Ladeger\u00e4t von Ampler f\u00fcr 80 \u20ac separat erwerben. Obwohl der USB-C-Anschluss an den Fahrr\u00e4dern zur Aufladung verschiedener Gadgets genutzt werden kann, wird nur eine Ladeleistung von bis zu 15 W unterst\u00fctzt.<\/p>\n<p> <img decoding=\"async\" alt=\"Weltweit erstes E-Bike mit USB Type-C Ladeanschluss vorgestellt\" src=\"\/wp-content\/uploads\/2025\/04\/c1860dd7f967e3a9f4418c48d125f200.jpg\" style=\"display:block;margin: 0 auto;\" \/> <\/p>\n<p>Was die Fahrr\u00e4der selbst betrifft, so kostet das Modell Nova 2990 \u20ac und das Nova Pro 3490 \u20ac. Es sind Versionen mit Step-over-Rahmen (f\u00fcr M\u00e4nner) und Step-through-Rahmen (f\u00fcr Frauen) sowie einem Standardmotor mit 250 W erh\u00e4ltlich, der eine Geschwindigkeit von bis zu 25 km\/h erm\u00f6glicht.<\/p>\n<p> <img decoding=\"async\" alt=\"Weltweit erstes E-Bike mit USB Type-C Ladeanschluss vorgestellt\" src=\"\/wp-content\/uploads\/2025\/04\/5ce14b45ae3a37b9a11758340f0cb7e8.jpg\" style=\"display:block;margin: 0 auto;\" \/> <\/p>\n<p>Das Standardmodell Nova ist mit breiten 27,5-Zoll-R\u00e4dern, einer Kette und einer 9-Gang-Schaltung ausgestattet. Nova Pro ist in Versionen mit einem einstufigen Gates Carbon Riemenantrieb oder einer 10-Gang-Schaltung Shimano Deore erh\u00e4ltlich.<\/p>\n<p> <img decoding=\"async\" alt=\"Weltweit erstes E-Bike mit USB Type-C Ladeanschluss vorgestellt\" src=\"\/wp-content\/uploads\/2025\/04\/4021478c6ac16819c52319410e86d91b.jpg\" style=\"display:block;margin: 0 auto;\" \/> <\/p>\n<p>Beide Fahrr\u00e4der, Ampler Nova und Nova Pro, k\u00f6nnen bereits in der EU vorbestellt werden. Ob sie au\u00dferhalb der Region verkauft werden, ist unbekannt.<\/p>\n<p><strong>Quelle:<\/strong><\/p>\n<ul class=\"related\">\n<li><noindex><a rel=\"nofollow\" href=\"https:\/\/www.theverge.com\/\" target=\"_blank\" title=\"The Verge\">The Verge<\/a><\/noindex><\/li>\n<\/ul>\n<p> \t           \t  <center>     <center>    <\/center>     <center>   <\/center>     <\/center>  \t\t\t \t\t\t\t<center> \t\t\t\t\t\t\t\t<\/center><br \/>Quelle: <a content=\"nofollow\" rel=\"nofollow\" href=\"https:\/\/3dnews.ru\/1120640\">3dnews.ru<\/a> <\/p>","protected":false,"gt_translate_keys":[{"key":"rendered","format":"html"}]},"excerpt":{"rendered":"<p>\u042d\u0441\u0442\u043e\u043d\u0441\u043a\u0430\u044f \u043a\u043e\u043c\u043f\u0430\u043d\u0438\u044f Ampler \u0430\u043d\u043e\u043d\u0441\u0438\u0440\u043e\u0432\u0430\u043b\u0430 \u044d\u043b\u0435\u043a\u0442\u0440\u0438\u0447\u0435\u0441\u043a\u0438\u0435 \u0432\u0435\u043b\u043e\u0441\u0438\u043f\u0435\u0434\u044b Nova \u0438 Nova Pro. \u0413\u043b\u0430\u0432\u043d\u0430\u044f \u0438\u0445 \u043e\u0441\u043e\u0431\u0435\u043d\u043d\u043e\u0441\u0442\u044c \u0432 \u0442\u043e\u043c, \u0447\u0442\u043e \u0434\u043b\u044f \u0432\u043e\u0441\u043f\u043e\u043b\u043d\u0435\u043d\u0438\u044f \u044d\u043d\u0435\u0440\u0433\u0438\u0438 \u0430\u043a\u043a\u0443\u043c\u0443\u043b\u044f\u0442\u043e\u0440\u043d\u043e\u0439 \u0431\u0430\u0442\u0430\u0440\u0435\u0438 \u0438\u0441\u043f\u043e\u043b\u044c\u0437\u0443\u0435\u0442\u0441\u044f \u0432\u0441\u0442\u0440\u043e\u0435\u043d\u043d\u044b\u0439 \u0432 \u0440\u0430\u043c\u0443 \u0438\u043d\u0442\u0435\u0440\u0444\u0435\u0439\u0441 USB Type-C, \u043a\u043e\u0442\u043e\u0440\u044b\u0439 \u0442\u0430\u043a\u0436\u0435 \u0432 \u0441\u043b\u0443\u0447\u0430\u0435 \u043d\u0435\u043e\u0431\u0445\u043e\u0434\u0438\u043c\u043e\u0441\u0442\u0438 \u043c\u043e\u0436\u043d\u043e \u0437\u0430\u0434\u0435\u0439\u0441\u0442\u0432\u043e\u0432\u0430\u0442\u044c \u0434\u043b\u044f \u043f\u043e\u0434\u0437\u0430\u0440\u044f\u0434\u043a\u0438 \u0440\u0430\u0437\u043d\u044b\u0445 \u0433\u0430\u0434\u0436\u0435\u0442\u043e\u0432. \u0412 \u044d\u043b\u0435\u043a\u0442\u0440\u0438\u0447\u0435\u0441\u043a\u0438\u0445 \u0432\u0435\u043b\u043e\u0441\u0438\u043f\u0435\u0434\u0430\u0445 Nova \u0438\u0441\u043f\u043e\u043b\u044c\u0437\u0443\u044e\u0442\u0441\u044f \u043e\u0442\u043d\u043e\u0441\u0438\u0442\u0435\u043b\u044c\u043d\u043e \u043d\u0435\u0431\u043e\u043b\u044c\u0448\u0438\u0435 \u0432\u0441\u0442\u0440\u043e\u0435\u043d\u043d\u044b\u0435 \u0430\u043a\u043a\u0443\u043c\u0443\u043b\u044f\u0442\u043e\u0440\u044b 48 \u0412 336 \u0412\u0442&middot;\u0447 (\u0441\u044a\u0451\u043c\u043d\u044b\u0435 \u0442\u043e\u043b\u044c\u043a\u043e \u0434\u043b\u044f [&hellip;]<\/p>\n","protected":false,"gt_translate_keys":[{"key":"rendered","format":"html"}]},"author":1,"featured_media":123068,"comment_status":"open","ping_status":"open","sticky":false,"template":"","format":"standard","meta":{"footnotes":""},"categories":[702],"tags":[],"class_list":["post-123067","post","type-post","status-publish","format-standard","has-post-thumbnail","hentry","category-news"],"aioseo_notices":[],"aioseo_head":"\n\t\t<!-- All in One SEO 5.0.1.1 - aioseo.com -->\n\t<meta name=\"description\" content=\"\u042d\u0441\u0442\u043e\u043d\u0441\u043a\u0430\u044f \u043a\u043e\u043c\u043f\u0430\u043d\u0438\u044f Ampler \u0430\u043d\u043e\u043d\u0441\u0438\u0440\u043e\u0432\u0430\u043b\u0430 \u044d\u043b\u0435\u043a\u0442\u0440\u0438\u0447\u0435\u0441\u043a\u0438\u0435 \u0432\u0435\u043b\u043e\u0441\u0438\u043f\u0435\u0434\u044b Nova \u0438 Nova Pro.\" \/>\n\t<meta name=\"robots\" content=\"max-image-preview:large\" \/>\n\t<meta name=\"author\" content=\"Yuri Gagarin\"\/>\n\t<link rel=\"canonical\" href=\"https:\/\/prohoster.info\/de\/blog\/news\/predstavlen-pervyj-v-mire-elektricheskij-velosiped-s-zaryadkoj-cherez-usb-type-c\" \/>\n\t<meta name=\"generator\" content=\"All in One SEO (AIOSEO) 5.0.1.1\" \/>\n\t\t<meta property=\"og:locale\" content=\"de_DE\" \/>\n\t\t<meta property=\"og:site_name\" content=\"ProHoster | \u041a\u0443\u043f\u0438\u0442\u044c \u043d\u0430\u0434\u0435\u0436\u043d\u044b\u0439 \u0445\u043e\u0441\u0442\u0438\u043d\u0433 \u0434\u043b\u044f \u0441\u0430\u0439\u0442\u043e\u0432 \u0441 \u0437\u0430\u0449\u0438\u0442\u043e\u0439 \u043e\u0442 DDoS, VPS VDS \u0441\u0435\u0440\u0432\u0435\u0440\u044b\" \/>\n\t\t<meta property=\"og:type\" content=\"article\" \/>\n\t\t<meta property=\"og:title\" content=\"\ud83e\udd47\u041f\u0440\u0435\u0434\u0441\u0442\u0430\u0432\u043b\u0435\u043d \u043f\u0435\u0440\u0432\u044b\u0439 \u0432 \u043c\u0438\u0440\u0435 \u044d\u043b\u0435\u043a\u0442\u0440\u0438\u0447\u0435\u0441\u043a\u0438\u0439 \u0432\u0435\u043b\u043e\u0441\u0438\u043f\u0435\u0434 \u0441 \u0437\u0430\u0440\u044f\u0434\u043a\u043e\u0439 \u0447\u0435\u0440\u0435\u0437 USB Type-C | ProHoster\" \/>\n\t\t<meta property=\"og:description\" content=\"\u042d\u0441\u0442\u043e\u043d\u0441\u043a\u0430\u044f \u043a\u043e\u043c\u043f\u0430\u043d\u0438\u044f Ampler \u0430\u043d\u043e\u043d\u0441\u0438\u0440\u043e\u0432\u0430\u043b\u0430 \u044d\u043b\u0435\u043a\u0442\u0440\u0438\u0447\u0435\u0441\u043a\u0438\u0435 \u0432\u0435\u043b\u043e\u0441\u0438\u043f\u0435\u0434\u044b Nova \u0438 Nova Pro.\" \/>\n\t\t<meta property=\"og:url\" content=\"https:\/\/prohoster.info\/de\/blog\/news\/predstavlen-pervyj-v-mire-elektricheskij-velosiped-s-zaryadkoj-cherez-usb-type-c\" \/>\n\t\t<meta property=\"og:image\" content=\"https:\/\/prohoster.info\/wp-content\/uploads\/2021\/11\/logo-350.jpg\" \/>\n\t\t<meta property=\"og:image:secure_url\" content=\"https:\/\/prohoster.info\/wp-content\/uploads\/2021\/11\/logo-350.jpg\" \/>\n\t\t<meta property=\"og:image:width\" content=\"350\" \/>\n\t\t<meta property=\"og:image:height\" content=\"350\" \/>\n\t\t<meta property=\"article:published_time\" content=\"2025-04-02T10:55:19+00:00\" \/>\n\t\t<meta property=\"article:modified_time\" content=\"2025-04-02T10:55:19+00:00\" \/>\n\t\t<meta property=\"article:publisher\" content=\"https:\/\/www.facebook.com\/prohoster\" \/>\n\t\t<meta property=\"article:author\" content=\"https:\/\/www.facebook.com\/prohoster\" \/>\n\t\t<!-- All in One SEO -->\n\n","aioseo_head_json":{"title":"\ud83e\udd47Der erste elektrisch betriebene Fahrrad mit USB Type-C Aufladung wurde vorgestellt | ProHoster","description":"Das estnische Unternehmen Ampler hat die E-Bikes Nova und Nova Pro angek\u00fcndigt.","canonical_url":"https:\/\/prohoster.info\/de\/blog\/news\/predstavlen-pervyj-v-mire-elektricheskij-velosiped-s-zaryadkoj-cherez-usb-type-c","robots":"max-image-preview:large","keywords":"","webmasterTools":{"miscellaneous":""},"schema":null,"og:locale":"de_DE","og:site_name":"ProHoster | \u041a\u0443\u043f\u0438\u0442\u044c \u043d\u0430\u0434\u0435\u0436\u043d\u044b\u0439 \u0445\u043e\u0441\u0442\u0438\u043d\u0433 \u0434\u043b\u044f \u0441\u0430\u0439\u0442\u043e\u0432 \u0441 \u0437\u0430\u0449\u0438\u0442\u043e\u0439 \u043e\u0442 DDoS, VPS VDS \u0441\u0435\u0440\u0432\u0435\u0440\u044b","og:type":"article","og:title":"\ud83e\udd47\u041f\u0440\u0435\u0434\u0441\u0442\u0430\u0432\u043b\u0435\u043d \u043f\u0435\u0440\u0432\u044b\u0439 \u0432 \u043c\u0438\u0440\u0435 \u044d\u043b\u0435\u043a\u0442\u0440\u0438\u0447\u0435\u0441\u043a\u0438\u0439 \u0432\u0435\u043b\u043e\u0441\u0438\u043f\u0435\u0434 \u0441 \u0437\u0430\u0440\u044f\u0434\u043a\u043e\u0439 \u0447\u0435\u0440\u0435\u0437 USB Type-C | ProHoster","og:description":"\u042d\u0441\u0442\u043e\u043d\u0441\u043a\u0430\u044f \u043a\u043e\u043c\u043f\u0430\u043d\u0438\u044f Ampler \u0430\u043d\u043e\u043d\u0441\u0438\u0440\u043e\u0432\u0430\u043b\u0430 \u044d\u043b\u0435\u043a\u0442\u0440\u0438\u0447\u0435\u0441\u043a\u0438\u0435 \u0432\u0435\u043b\u043e\u0441\u0438\u043f\u0435\u0434\u044b Nova \u0438 Nova Pro.","og:url":"https:\/\/prohoster.info\/de\/blog\/news\/predstavlen-pervyj-v-mire-elektricheskij-velosiped-s-zaryadkoj-cherez-usb-type-c","og:image":"https:\/\/prohoster.info\/wp-content\/uploads\/2021\/11\/logo-350.jpg","og:image:secure_url":"https:\/\/prohoster.info\/wp-content\/uploads\/2021\/11\/logo-350.jpg","og:image:width":350,"og:image:height":350,"article:published_time":"2025-04-02T10:55:19+00:00","article:modified_time":"2025-04-02T10:55:19+00:00","article:publisher":"https:\/\/www.facebook.com\/prohoster","article:author":"https:\/\/www.facebook.com\/prohoster"},"aioseo_meta_data":{"post_id":"123067","title":null,"description":null,"keywords":null,"keyphrases":null,"primary_term":null,"canonical_url":null,"og_title":null,"og_description":null,"og_object_type":"default","og_image_type":"default","og_image_url":null,"og_image_width":null,"og_image_height":null,"og_image_custom_url":null,"og_image_custom_fields":null,"og_video":null,"og_custom_url":null,"og_article_section":null,"og_article_tags":null,"twitter_use_og":false,"twitter_card":"default","twitter_image_type":"default","twitter_image_url":null,"twitter_image_custom_url":null,"twitter_image_custom_fields":null,"twitter_title":null,"twitter_description":null,"schema":{"blockGraphs":[],"customGraphs":[],"default":{"data":{"Article":[],"Course":[],"Dataset":[],"FAQPage":[],"Movie":[],"Person":[],"Product":[],"ProductReview":[],"Car":[],"Recipe":[],"Service":[],"SoftwareApplication":[],"WebPage":[]},"graphName":"","isEnabled":true},"graphs":[]},"schema_type":"default","schema_type_options":null,"pillar_content":false,"robots_default":true,"robots_noindex":false,"robots_noarchive":false,"robots_nosnippet":false,"robots_nofollow":false,"robots_noimageindex":false,"robots_noodp":false,"robots_notranslate":false,"robots_max_snippet":null,"robots_max_videopreview":null,"robots_max_imagepreview":"large","priority":null,"frequency":null,"local_seo":null,"seo_analyzer_scan_date":"2026-01-23 11:44:19","breadcrumb_settings":null,"limit_modified_date":false,"reviewed_by":null,"ai":null,"created":"2026-01-23 11:44:19","updated":"2026-01-23 11:44:19","focus_keyword":null,"additional_keywords":null,"truseo_locale":null},"gt_translate_keys":[{"key":"link","format":"url"}],"_links":{"self":[{"href":"https:\/\/prohoster.info\/de\/wp-json\/wp\/v2\/posts\/123067","targetHints":{"allow":["GET"]}}],"collection":[{"href":"https:\/\/prohoster.info\/de\/wp-json\/wp\/v2\/posts"}],"about":[{"href":"https:\/\/prohoster.info\/de\/wp-json\/wp\/v2\/types\/post"}],"author":[{"embeddable":true,"href":"https:\/\/prohoster.info\/de\/wp-json\/wp\/v2\/users\/1"}],"replies":[{"embeddable":true,"href":"https:\/\/prohoster.info\/de\/wp-json\/wp\/v2\/comments?post=123067"}],"version-history":[{"count":0,"href":"https:\/\/prohoster.info\/de\/wp-json\/wp\/v2\/posts\/123067\/revisions"}],"wp:featuredmedia":[{"embeddable":true,"href":"https:\/\/prohoster.info\/de\/wp-json\/wp\/v2\/media\/123068"}],"wp:attachment":[{"href":"https:\/\/prohoster.info\/de\/wp-json\/wp\/v2\/media?parent=123067"}],"wp:term":[{"taxonomy":"category","embeddable":true,"href":"https:\/\/prohoster.info\/de\/wp-json\/wp\/v2\/categories?post=123067"},{"taxonomy":"post_tag","embeddable":true,"href":"https:\/\/prohoster.info\/de\/wp-json\/wp\/v2\/tags?post=123067"}],"curies":[{"name":"wp","href":"https:\/\/api.w.org\/{rel}","templated":true}]}}