{"id":153586,"date":"2026-01-15T17:12:03","date_gmt":"2026-01-15T15:12:03","guid":{"rendered":"https:\/\/prohoster.info\/blog\/novosti-interneta\/v-debian-14-namereny-prekratit-postavku-gtk2"},"modified":"2026-01-15T17:12:03","modified_gmt":"2026-01-15T15:12:03","slug":"v-debian-14-namereny-prekratit-postavku-gtk2","status":"publish","type":"post","link":"https:\/\/prohoster.info\/de\/blog\/news\/v-debian-14-namereny-prekratit-postavku-gtk2","title":{"rendered":"In Debian 14 plant man, die GTK2-Bereitstellung einzustellen.","gt_translate_keys":[{"key":"rendered","format":"text"}]},"content":{"rendered":"<p>Das Team der Debian-Betreuer, das f\u00fcr die GNOME-Pakete zust\u00e4ndig ist, plant, die GTK2-Tools nicht im Debian 14-Betriebssystem bereitzustellen, dessen Ver\u00f6ffentlichung f\u00fcr den Sommer 2027 erwartet wird. Die GTK-Entwickler haben die Unterst\u00fctzung f\u00fcr GTK2 vor mehr als f\u00fcnf Jahren eingestellt, und die Pflege des veralteten GTK2 in den Hauptrepositories wird zunehmend problematisch. Zu den Distributionen, die bereits die Bereitstellung von GTK2 eingestellt haben, geh\u00f6ren Red Hat Enterprise Linux, SUSE Linux Enterprise Server 16, openSUSE 16 und Arch Linux. Debian wird geraten, diesem Beispiel zu folgen.        <\/p>\n<p>Bis vor kurzem war GIMP das einzige bedeutende Projekt, das an GTK2 gebunden war, aber seit GIMP 3.0 wurde dieser Grafikeditor auf GTK3 portiert. GTK wird auch im beliebten Audiobearbeitungsprogramm Ardour verwendet, jedoch ist dieses Projekt nicht von externen Bibliotheken abh\u00e4ngig und unterst\u00fctzt einen eigenen Fork von GTK2 \u2014 YTK.         <\/p>\n<p>Das gr\u00f6\u00dfte Hindernis f\u00fcr die Entfernung von GTK2 ist die Tatsache, dass GTK2 weiterhin im grafischen Installer von Debian verwendet wird. Im Debian-Repository sind auch noch etwa 150 Pakete vorhanden, die von GTK2 abh\u00e4ngen, und wenn die Bereitstellung von GTK2 eingestellt wird, m\u00fcssen diese Pakete entfernt werden, da sie \u00fcberwiegend nicht weiterentwickelt werden und eine Portierung auf GTK3 unwahrscheinlich ist.         <\/p>\n<p>Viele dieser Pakete haben aktive Nutzer, die nicht bereit sind, auf andere Programme umzusteigen. Es fand sich au\u00dferdem eine Gruppe von Entwicklern, die sich f\u00fcr die Beibehaltung der GTK2-Unterst\u00fctzung in Debian ausgesprochen haben, und die den Grund f\u00fcr dessen Entfernung als nicht nachvollziehbar ansehen. Zum Beispiel wird gesagt, dass es keinen Sinn macht, zu erw\u00e4hnen, dass GTK3 vor 15 Jahren ver\u00f6ffentlicht wurde, da GTK3 GTK2 nicht ersetzt, ebenso wie GTK4 nicht GTK3 ersetzt.     <\/p>\n<p>Solche Argumente wie die fehlende HiDPI- und Wayland-Unterst\u00fctzung in GTK2 werden ebenfalls in Frage gestellt, da sie darin nicht ben\u00f6tigt werden und die Nutzer zufrieden sind. Der Vergleich mit Arch Linux, in dem GTK2 aus dem Haupt-Repository ausgeschlossen und nur in inoffiziellen verf\u00fcgbar ist, wird als unangemessen bezeichnet. In der Diskussion wurde auch gefragt, inwiefern GTK2 schlechter ist als GCC 3.3, das mehr als 20 Jahre lang bis Debian 12 bereitgestellt wurde, von denen 16 Jahre nur dazu dienten, libstdc++5 f\u00fcr veraltete ausf\u00fchrbare Dateien bereitzustellen.    <\/p>\n<p>Bef\u00fcrworter der Entfernung von GTK2 nennen als einen der Gr\u00fcnde die Unm\u00f6glichkeit, die Sicherheit des Pakets zu gew\u00e4hrleisten, w\u00e4hrend Gegner entgegnen, dass die Sicherheit von GTK2 in Debian bisher kaum jemanden gest\u00f6rt hat und der letzte Fehler, der als Sicherheitsanf\u00e4lligkeit gekennzeichnet war, aus dem Jahr 2015 stammt.          <\/p>\n<p>Derzeit wird diskutiert, wie die Unterst\u00fctzung f\u00fcr Anwendungen, die an GTK2 gebunden sind, in der Distribution aufrechterhalten werden kann. Eine der Vorschl\u00e4ge besteht darin, GTK2 und die daran gebundenen Anwendungen in ein separates inoffizielles Repository auszulagern. Auch die Idee, eine Wrapper-L\u00f6sung zu schaffen, die die API von GTK2 in GTK3 \u00fcbertr\u00e4gt, sowie der \u00dcbergang zur Bereitstellung eines Forks von GTK2 aus dem Ardour-Projekt wird erw\u00e4hnt. Zudem wurde vorgeschlagen, die Pakete nicht sofort zu entfernen, sondern sie in den Zustand \u201eorphaned\u201c zu versetzen, in der Hoffnung, dass jemand bereit ist, ihre Wartung fortzusetzen.                    <\/p>\n<p>Zu den beliebten Paketen, die auf GTK2 basieren, geh\u00f6ren:  <\/p>\n<ul>\n<li> afterstep\n<li> amsynth\n<li> doublecmd (Double Commander)\n<li> fpc\n<li> geg\n<li> gkrellm\n<li> gmpc\n<li> gnome-paint\n<li> gkrellm\n<li> grpn\n<li> hexchat\n<li> ibus\n<li> lazarus\n<li> mplayer\n<li> navit\n<li> openjdk-8\n<li> pidgin\n<li> rlvm\n<li> sane-frontends\n<li> sawfish\n<li> scim\n<li> seqtools\n<li> soundmodem\n<li> sylpheed\n<li> tenace\n<li> tickr\n<li> tilem\n<li> uim\n<li> usermode\n<li> xlog\n<li> xournal\n<li> xsane\n<li> xzgv\n<li> z88  <\/ul>\n<p>Quelle: <a content=\"nofollow\" rel=\"nofollow\" href=\"https:\/\/www.opennet.ru\/opennews\/art.shtml?num=64618\">opennet.ru<\/a> <\/p>","protected":false,"gt_translate_keys":[{"key":"rendered","format":"html"}]},"excerpt":{"rendered":"<p>\u041a\u043e\u043c\u0430\u043d\u0434\u0430 \u0441\u043e\u043f\u0440\u043e\u0432\u043e\u0436\u0434\u0430\u044e\u0449\u0438\u0445 Debian, \u043e\u0442\u0432\u0435\u0447\u0430\u044e\u0449\u0438\u0445 \u0437\u0430 \u043f\u0430\u043a\u0435\u0442\u044b \u0441 GNOME, \u043f\u043b\u0430\u043d\u0438\u0440\u0443\u0435\u0442 \u043d\u0435 \u043f\u043e\u0441\u0442\u0430\u0432\u043b\u044f\u0442\u044c \u0438\u043d\u0441\u0442\u0440\u0443\u043c\u0435\u043d\u0442\u0430\u0440\u0438\u0439 GTK2 \u0432 \u0441\u043e\u0441\u0442\u0430\u0432\u0435 \u0434\u0438\u0441\u0442\u0440\u0438\u0431\u0443\u0442\u0438\u0432\u0430 Debian 14, \u0440\u0435\u043b\u0438\u0437 \u043a\u043e\u0442\u043e\u0440\u043e\u0433\u043e \u043e\u0436\u0438\u0434\u0430\u0435\u0442\u0441\u044f \u043b\u0435\u0442\u043e\u043c 2027 \u0433\u043e\u0434\u0430. \u0420\u0430\u0437\u0440\u0430\u0431\u043e\u0442\u0447\u0438\u043a\u0438 \u043f\u0440\u043e\u0435\u043a\u0442\u0430 GTK \u043f\u0440\u0435\u043a\u0440\u0430\u0442\u0438\u043b\u0438 \u0441\u043e\u043f\u0440\u043e\u0432\u043e\u0436\u0434\u0435\u043d\u0438\u0435 GTK2 \u0431\u043e\u043b\u0435\u0435 \u043f\u044f\u0442\u0438 \u043b\u0435\u0442 \u043d\u0430\u0437\u0430\u0434 \u0438 \u0441\u043e\u043f\u0440\u043e\u0432\u043e\u0436\u0434\u0435\u043d\u0438\u0435 \u0437\u0430\u0431\u0440\u043e\u0448\u0435\u043d\u043d\u043e\u0433\u043e GTK2 \u0432 \u043e\u0441\u043d\u043e\u0432\u043d\u043e\u043c \u0440\u0435\u043f\u043e\u0437\u0438\u0442\u043e\u0440\u0438\u0438 \u0441\u0442\u0430\u043d\u043e\u0432\u0438\u0442\u0441\u044f \u043f\u0440\u043e\u0431\u043b\u0435\u043c\u0430\u0442\u0438\u0447\u043d\u044b\u043c. \u0418\u0437 \u0434\u0438\u0441\u0442\u0440\u0438\u0431\u0443\u0442\u0438\u0432\u043e\u0432, \u0443\u0436\u0435 \u043f\u0440\u0435\u043a\u0440\u0430\u0442\u0438\u0432\u0448\u0438\u0445 \u043f\u043e\u0441\u0442\u0430\u0432\u043a\u0443 GTK2, \u043e\u0442\u043c\u0435\u0447\u0430\u044e\u0442\u0441\u044f Red Hat Enterprise Linux, SUSE [&hellip;]<\/p>\n","protected":false,"gt_translate_keys":[{"key":"rendered","format":"html"}]},"author":1,"featured_media":0,"comment_status":"open","ping_status":"open","sticky":false,"template":"","format":"standard","meta":{"footnotes":""},"categories":[702],"tags":[],"class_list":["post-153586","post","type-post","status-publish","format-standard","hentry","category-news"],"aioseo_notices":[],"aioseo_head":"\n\t\t<!-- All in One SEO 5.0.1.1 - aioseo.com -->\n\t<meta name=\"description\" content=\"\u041a\u043e\u043c\u0430\u043d\u0434\u0430 \u0441\u043e\u043f\u0440\u043e\u0432\u043e\u0436\u0434\u0430\u044e\u0449\u0438\u0445 Debian, \u043e\u0442\u0432\u0435\u0447\u0430\u044e\u0449\u0438\u0445 \u0437\u0430 \u043f\u0430\u043a\u0435\u0442\u044b \u0441 GNOME, \u043f\u043b\u0430\u043d\u0438\u0440\u0443\u0435\u0442 \u043d\u0435 \u043f\u043e\u0441\u0442\u0430\u0432\u043b\u044f\u0442\u044c \u0438\u043d\u0441\u0442\u0440\u0443\u043c\u0435\u043d\u0442\u0430\u0440\u0438\u0439 GTK2 \u0432 \u0441\u043e\u0441\u0442\u0430\u0432\u0435 \u0434\u0438\u0441\u0442\u0440\u0438\u0431\u0443\u0442\u0438\u0432\u0430 Debian 14, \u0440\u0435\u043b\u0438\u0437 \u043a\u043e\u0442\u043e\u0440\u043e\u0433\u043e \u043e\u0436\u0438\u0434\u0430\u0435\u0442\u0441\u044f \u043b\u0435\u0442\u043e\u043c 2027 \u0433\u043e\u0434\u0430.\" \/>\n\t<meta name=\"robots\" content=\"max-image-preview:large\" \/>\n\t<meta name=\"author\" content=\"Yuri Gagarin\"\/>\n\t<link rel=\"canonical\" href=\"https:\/\/prohoster.info\/de\/blog\/news\/v-debian-14-namereny-prekratit-postavku-gtk2\" \/>\n\t<meta name=\"generator\" content=\"All in One SEO (AIOSEO) 5.0.1.1\" \/>\n\t\t<meta property=\"og:locale\" content=\"de_DE\" \/>\n\t\t<meta property=\"og:site_name\" content=\"ProHoster | \u041a\u0443\u043f\u0438\u0442\u044c \u043d\u0430\u0434\u0435\u0436\u043d\u044b\u0439 \u0445\u043e\u0441\u0442\u0438\u043d\u0433 \u0434\u043b\u044f \u0441\u0430\u0439\u0442\u043e\u0432 \u0441 \u0437\u0430\u0449\u0438\u0442\u043e\u0439 \u043e\u0442 DDoS, VPS VDS \u0441\u0435\u0440\u0432\u0435\u0440\u044b\" \/>\n\t\t<meta property=\"og:type\" content=\"article\" \/>\n\t\t<meta property=\"og:title\" content=\"\ud83e\udd47\u0412 Debian 14 \u043d\u0430\u043c\u0435\u0440\u0435\u043d\u044b \u043f\u0440\u0435\u043a\u0440\u0430\u0442\u0438\u0442\u044c \u043f\u043e\u0441\u0442\u0430\u0432\u043a\u0443 GTK2 | ProHoster\" \/>\n\t\t<meta property=\"og:description\" content=\"\u041a\u043e\u043c\u0430\u043d\u0434\u0430 \u0441\u043e\u043f\u0440\u043e\u0432\u043e\u0436\u0434\u0430\u044e\u0449\u0438\u0445 Debian, \u043e\u0442\u0432\u0435\u0447\u0430\u044e\u0449\u0438\u0445 \u0437\u0430 \u043f\u0430\u043a\u0435\u0442\u044b \u0441 GNOME, \u043f\u043b\u0430\u043d\u0438\u0440\u0443\u0435\u0442 \u043d\u0435 \u043f\u043e\u0441\u0442\u0430\u0432\u043b\u044f\u0442\u044c \u0438\u043d\u0441\u0442\u0440\u0443\u043c\u0435\u043d\u0442\u0430\u0440\u0438\u0439 GTK2 \u0432 \u0441\u043e\u0441\u0442\u0430\u0432\u0435 \u0434\u0438\u0441\u0442\u0440\u0438\u0431\u0443\u0442\u0438\u0432\u0430 Debian 14, \u0440\u0435\u043b\u0438\u0437 \u043a\u043e\u0442\u043e\u0440\u043e\u0433\u043e \u043e\u0436\u0438\u0434\u0430\u0435\u0442\u0441\u044f \u043b\u0435\u0442\u043e\u043c 2027 \u0433\u043e\u0434\u0430.\" \/>\n\t\t<meta property=\"og:url\" content=\"https:\/\/prohoster.info\/de\/blog\/news\/v-debian-14-namereny-prekratit-postavku-gtk2\" \/>\n\t\t<meta property=\"og:image\" content=\"https:\/\/prohoster.info\/wp-content\/uploads\/2021\/11\/logo-350.jpg\" \/>\n\t\t<meta property=\"og:image:secure_url\" content=\"https:\/\/prohoster.info\/wp-content\/uploads\/2021\/11\/logo-350.jpg\" \/>\n\t\t<meta property=\"og:image:width\" content=\"350\" \/>\n\t\t<meta property=\"og:image:height\" content=\"350\" \/>\n\t\t<meta property=\"article:published_time\" content=\"2026-01-15T15:12:03+00:00\" \/>\n\t\t<meta property=\"article:modified_time\" content=\"2026-01-15T15:12:03+00:00\" \/>\n\t\t<meta property=\"article:publisher\" content=\"https:\/\/www.facebook.com\/prohoster\" \/>\n\t\t<meta property=\"article:author\" content=\"https:\/\/www.facebook.com\/prohoster\" \/>\n\t\t<!-- All in One SEO -->\n\n","aioseo_head_json":{"title":"\ud83e\udd47In Debian 14 beabsichtigt man, die Bereitstellung von GTK2 einzustellen | ProHoster","description":"Das Team der Debian-Betreuer, die f\u00fcr die GNOME-Pakete verantwortlich sind, plant, das GTK2-Toolkit nicht im Distribution Debian 14 bereitzustellen, dessen Ver\u00f6ffentlichung f\u00fcr den Sommer 2027 geplant ist.","canonical_url":"https:\/\/prohoster.info\/de\/blog\/news\/v-debian-14-namereny-prekratit-postavku-gtk2","robots":"max-image-preview:large","keywords":"","webmasterTools":{"miscellaneous":""},"schema":null,"og:locale":"de_DE","og:site_name":"ProHoster | \u041a\u0443\u043f\u0438\u0442\u044c \u043d\u0430\u0434\u0435\u0436\u043d\u044b\u0439 \u0445\u043e\u0441\u0442\u0438\u043d\u0433 \u0434\u043b\u044f \u0441\u0430\u0439\u0442\u043e\u0432 \u0441 \u0437\u0430\u0449\u0438\u0442\u043e\u0439 \u043e\u0442 DDoS, VPS VDS \u0441\u0435\u0440\u0432\u0435\u0440\u044b","og:type":"article","og:title":"\ud83e\udd47\u0412 Debian 14 \u043d\u0430\u043c\u0435\u0440\u0435\u043d\u044b \u043f\u0440\u0435\u043a\u0440\u0430\u0442\u0438\u0442\u044c \u043f\u043e\u0441\u0442\u0430\u0432\u043a\u0443 GTK2 | ProHoster","og:description":"\u041a\u043e\u043c\u0430\u043d\u0434\u0430 \u0441\u043e\u043f\u0440\u043e\u0432\u043e\u0436\u0434\u0430\u044e\u0449\u0438\u0445 Debian, \u043e\u0442\u0432\u0435\u0447\u0430\u044e\u0449\u0438\u0445 \u0437\u0430 \u043f\u0430\u043a\u0435\u0442\u044b \u0441 GNOME, \u043f\u043b\u0430\u043d\u0438\u0440\u0443\u0435\u0442 \u043d\u0435 \u043f\u043e\u0441\u0442\u0430\u0432\u043b\u044f\u0442\u044c \u0438\u043d\u0441\u0442\u0440\u0443\u043c\u0435\u043d\u0442\u0430\u0440\u0438\u0439 GTK2 \u0432 \u0441\u043e\u0441\u0442\u0430\u0432\u0435 \u0434\u0438\u0441\u0442\u0440\u0438\u0431\u0443\u0442\u0438\u0432\u0430 Debian 14, \u0440\u0435\u043b\u0438\u0437 \u043a\u043e\u0442\u043e\u0440\u043e\u0433\u043e \u043e\u0436\u0438\u0434\u0430\u0435\u0442\u0441\u044f \u043b\u0435\u0442\u043e\u043c 2027 \u0433\u043e\u0434\u0430.","og:url":"https:\/\/prohoster.info\/de\/blog\/news\/v-debian-14-namereny-prekratit-postavku-gtk2","og:image":"https:\/\/prohoster.info\/wp-content\/uploads\/2021\/11\/logo-350.jpg","og:image:secure_url":"https:\/\/prohoster.info\/wp-content\/uploads\/2021\/11\/logo-350.jpg","og:image:width":350,"og:image:height":350,"article:published_time":"2026-01-15T15:12:03+00:00","article:modified_time":"2026-01-15T15:12:03+00:00","article:publisher":"https:\/\/www.facebook.com\/prohoster","article:author":"https:\/\/www.facebook.com\/prohoster"},"aioseo_meta_data":{"post_id":"153586","title":null,"description":null,"keywords":null,"keyphrases":null,"primary_term":null,"canonical_url":null,"og_title":null,"og_description":null,"og_object_type":"default","og_image_type":"default","og_image_url":null,"og_image_width":null,"og_image_height":null,"og_image_custom_url":null,"og_image_custom_fields":null,"og_video":null,"og_custom_url":null,"og_article_section":null,"og_article_tags":null,"twitter_use_og":false,"twitter_card":"default","twitter_image_type":"default","twitter_image_url":null,"twitter_image_custom_url":null,"twitter_image_custom_fields":null,"twitter_title":null,"twitter_description":null,"schema":{"blockGraphs":[],"customGraphs":[],"default":{"data":{"Article":[],"Course":[],"Dataset":[],"FAQPage":[],"Movie":[],"Person":[],"Product":[],"ProductReview":[],"Car":[],"Recipe":[],"Service":[],"SoftwareApplication":[],"WebPage":[]},"graphName":"","isEnabled":true},"graphs":[]},"schema_type":"default","schema_type_options":null,"pillar_content":false,"robots_default":true,"robots_noindex":false,"robots_noarchive":false,"robots_nosnippet":false,"robots_nofollow":false,"robots_noimageindex":false,"robots_noodp":false,"robots_notranslate":false,"robots_max_snippet":null,"robots_max_videopreview":null,"robots_max_imagepreview":"large","priority":null,"frequency":null,"local_seo":null,"seo_analyzer_scan_date":"2026-01-20 14:12:19","breadcrumb_settings":null,"limit_modified_date":false,"reviewed_by":null,"ai":null,"created":"2026-01-20 14:12:19","updated":"2026-01-20 14:12:19","focus_keyword":null,"additional_keywords":null,"truseo_locale":null},"gt_translate_keys":[{"key":"link","format":"url"}],"_links":{"self":[{"href":"https:\/\/prohoster.info\/de\/wp-json\/wp\/v2\/posts\/153586","targetHints":{"allow":["GET"]}}],"collection":[{"href":"https:\/\/prohoster.info\/de\/wp-json\/wp\/v2\/posts"}],"about":[{"href":"https:\/\/prohoster.info\/de\/wp-json\/wp\/v2\/types\/post"}],"author":[{"embeddable":true,"href":"https:\/\/prohoster.info\/de\/wp-json\/wp\/v2\/users\/1"}],"replies":[{"embeddable":true,"href":"https:\/\/prohoster.info\/de\/wp-json\/wp\/v2\/comments?post=153586"}],"version-history":[{"count":0,"href":"https:\/\/prohoster.info\/de\/wp-json\/wp\/v2\/posts\/153586\/revisions"}],"wp:attachment":[{"href":"https:\/\/prohoster.info\/de\/wp-json\/wp\/v2\/media?parent=153586"}],"wp:term":[{"taxonomy":"category","embeddable":true,"href":"https:\/\/prohoster.info\/de\/wp-json\/wp\/v2\/categories?post=153586"},{"taxonomy":"post_tag","embeddable":true,"href":"https:\/\/prohoster.info\/de\/wp-json\/wp\/v2\/tags?post=153586"}],"curies":[{"name":"wp","href":"https:\/\/api.w.org\/{rel}","templated":true}]}}