{"id":30558,"date":"2019-10-31T21:36:11","date_gmt":"2019-10-31T18:36:11","guid":{"rendered":"https:\/\/prohoster.info\/blog\/kak-poehat-na-dvuh-kolesah-na-rabotu\/"},"modified":"2019-10-31T21:36:11","modified_gmt":"2019-10-31T18:36:11","slug":"kak-poehat-na-dvuh-kolesah-na-rabotu","status":"publish","type":"post","link":"https:\/\/prohoster.info\/de\/blog\/news\/kak-poehat-na-dvuh-kolesah-na-rabotu","title":{"rendered":"Wie man mit zwei R\u00e4dern zur Arbeit f\u00e4hrt","gt_translate_keys":[{"key":"rendered","format":"text"}]},"content":{"rendered":"<p>Guten Tag, gesch\u00e4tzte Habro-Community. <\/p>\n<p>Vor einem Jahr war genau so ein Fr\u00fchlingstag wie heute. Wie gewohnt fuhr ich mit \u00f6ffentlichen Verkehrsmitteln zur Arbeit und erlebte all die wunderbaren Gef\u00fchle, die jedem bekannt sind, der zu Sto\u00dfzeiten mit dem Transport unterwegs ist. Hinter mir dr\u00fcckte die fast schlie\u00dfend T\u00fcr des Busses. Mir wehten st\u00e4ndig die Haare eines M\u00e4dchens ins Gesicht, das leidenschaftlich mit einer Dame mittleren Alters streitete und dabei jede halbe Minute den Kopf drehte. Erg\u00e4nzt wurde das Bild durch einen starken Geruch, als w\u00e4re ich in einer K\u00e4serei irgendwo im S\u00fcden Frankreichs. Der Verursacher des Geruchs, dieser Liebhaber von Roquefort und Brie de Meaux, ein Nachfolger Ludwigs XIV. in der Kunst der Wasseranwendungen, schlief friedlich auf dem Bussitz. An diesem Tag beschloss ich, dass es an der Zeit sei, auf \u00f6ffentliche Verkehrsmittel zu verzichten und stattdessen ein eigenes zu nutzen.<\/p>\n<p><img decoding=\"async\" alt=\"Wie man mit zwei R\u00e4dern zur Arbeit f\u00e4hrt\" src=\"\/wp-content\/uploads\/2019\/03\/391bf975f79f16526523aa6b1f0d9d59.jpeg\" style=\"display:block;margin: 0 auto;\" \/><br \/>\n<br \/>\nIm folgenden Artikel m\u00f6chte ich erz\u00e4hlen, wie ich zu der Entscheidung gekommen bin, das Fahrrad als Transportmittel f\u00fcr meine Strecke von Zuhause zur Arbeit und zur\u00fcck zu nutzen, sowie auf Fragen der Ausr\u00fcstung f\u00fcr das Radfahren, sowohl notwendiger als auch weniger wichtiger, eingehen und Tipps zum Verhalten auf der Stra\u00dfe mit dem Zweirad teilen.<br \/>\n<noindex><a rel=\"nofollow\" name=\"habracut\"><\/a><\/noindex><\/p>\n<h3>Wie und warum ich auf zwei R\u00e4der umgestiegen bin.<\/h3>\n<p>\nMit dem starken Wunsch, von \u00f6ffentlichen Verkehrsmitteln Abstand zu nehmen und dabei innerhalb des Jahresbudgets meiner Familie zu bleiben, stand ich vor einem schwierigen Dilemma. Die Gegebenheiten waren folgende: <\/p>\n<ul>\n<li>Die Ausgaben f\u00fcr \u00f6ffentliche Verkehrsmittel lagen bei etwa 1,5 $ pro Tag, also etwa 550 $ pro Jahr.<\/li>\n<li>Die maximale Strecke, die zur\u00fcckgelegt werden musste: 8 km von Zuhause zur Arbeit + 12 km von der Arbeit zum Training + 12 km vom Training nach Hause. Insgesamt etwa 32 km am Tag. Auf dem Weg gab es einen ziemlich langen Anstieg (etwa 2 km bei einer Steigung von 8-12 %) und ein St\u00fcck unebener Stra\u00dfe durch ein Industriegebiet.<\/li>\n<li>Zwischen den Punkten wollte ich mich so schnell wie m\u00f6glich bewegen. <\/li>\n<\/ul>\n<p>\nDie Optionen, die ich sofort ausgeschlossen habe:<\/p>\n<ul>\n<li>Taxi \/ eigenes Auto \/ Carsharing \u2013 passten einfach nicht in das Budget, selbst bei den ausgekl\u00fcgeltsten Pl\u00e4nen.<\/li>\n<li>Ein Segway, ein Einrad oder ein Scooter k\u00f6nnen die Kombination aus Geschwindigkeit und Sicherheit auf dem Teil der Strecke, der durch das Industriegebiet f\u00fchrt, nicht gew\u00e4hrleisten, wo von der Stra\u00dfe nur der Name und das Schild 1.16 Unebene Stra\u00dfe bleiben. Und den Anstieg werden sie vermutlich auch nicht bew\u00e4ltigen.<\/li>\n<li>Zu Fu\u00df \u2013 dauert zu lange. Ich habe versucht, von der Arbeit nach Hause zu gehen. Das hat anderthalb Stunden gedauert. Zum Training hatte ich mit meinem aktuellen Arbeitszeitplan keinen Zeit, selbst mit Laufschritt.<\/li>\n<\/ul>\n<p>\n<img decoding=\"async\" alt=\"Wie man mit zwei R\u00e4dern zur Arbeit f\u00e4hrt\" src=\"\/wp-content\/uploads\/2019\/03\/b15eb281cb7c353c06cff7270b544d72.jpeg\" style=\"display:block;margin: 0 auto;\" \/><br \/>\n<br \/>\nEs bleiben zwei Optionen: Motorroller\/Motorrad und Fahrrad. Leider habe ich, egal wie sehr ich mir den Kopf zerbrach, nicht herausgefunden, wo ich das Motorrad \u00fcber Nacht abstellen kann. Egal wie ich suchte, es war entweder weit weg, teuer oder unsicher. <\/p>\n<p>Am Ende \u2013 das Fahrrad. Es scheint eine Entscheidung getroffen zu sein, aber ich hatte Bedenken, da ich seit etwa 15 Jahren kein Fahrrad mehr hatte, und das war ein alter Aist, auf dem ich im Hof mit den Jungs fuhr. Aber w\u00e4hrend einer Reise zu Freunden in Europa hatte ich die M\u00f6glichkeit, in einem europ\u00e4ischen Vorort auf einem guten Fahrrad zu fahren, und es stellte sich heraus, dass es wahr ist, was man sagt: Man lernt, mit dem Fahrrad zu fahren, nur einmal und f\u00fcr das ganze Leben.<\/p>\n<p><img decoding=\"async\" alt=\"Wie man mit zwei R\u00e4dern zur Arbeit f\u00e4hrt\" src=\"\/wp-content\/uploads\/2019\/03\/6fca964a1aebd2ca16a3e7f82b62b580.jpeg\" style=\"display:block;margin: 0 auto;\" \/><br \/>\n<\/p>\n<h3>Analyse der M\u00f6glichkeit, Fahrrad zu fahren <\/h3>\n<p>\nIch m\u00f6chte gleich sagen, dass ich nicht ganz verstehe, warum es so viele propagandistische Bem\u00fchungen um das Fahrrad gibt, die besagen, dass das Fahrrad die L\u00f6sung aller Probleme ist. Meiner Meinung nach ist das nicht der Fall. Wenn man systematisch an die Sache herangeht, ist das Fahrrad trotz all seiner Vorteile im Allgemeinen ein bequemes Transportmittel von Punkt A nach Punkt B unter ziemlich eingeschr\u00e4nkten Nutzungsm\u00f6glichkeiten. Ich habe die Bedingungen in mehrere Kategorien unterteilt.<\/p>\n<h4>Notwendige Bedingungen:<\/h4>\n<p><\/p>\n<ul>\n<li>kurze Distanzen. Das Fahrrad eignet sich als t\u00e4glich genutztes Transportmittel wohl kaum f\u00fcr Menschen, die mehr als 50 km pro Tag zur\u00fccklegen, obwohl es Ausnahmen gibt. Studien in Kopenhagen zeigen, dass der Gro\u00dfteil der Fahrradfahrten 5 km in eine Richtung betr\u00e4gt. Wie ich bereits erw\u00e4hnt habe, habe ich etwas mehr, aber ich f\u00fchle mich nicht besonders m\u00fcde.<\/li>\n<li>das Fehlen der Notwendigkeit, w\u00e4hrend des Arbeitstags dienstlich zu fahren oder Kinder\/Ehepartner zur Schule\/Kita\/Arbeit zu bringen. Hier habe ich Gl\u00fcck \u2013 ich arbeite im B\u00fcro, 8 Stunden. Ich bringe mein Essen von zu Hause mit.<\/li>\n<li>Saisonabh\u00e4ngigkeit und Wetterbedingungen sollten komfortable Bewegungen auf zwei R\u00e4dern unterst\u00fctzen. Ich m\u00f6chte sagen, dass alles relativ ist. Wenn man den Willen hat, kann kein Wetter einen aufhalten, aber trotzdem hat mein Zweirad die ganze Zeit im Winter in einer Kiste hinter dem Schrank verbracht. <\/li>\n<\/ul>\n<p>\n<img decoding=\"async\" alt=\"Wie man mit zwei R\u00e4dern zur Arbeit f\u00e4hrt\" src=\"\/wp-content\/uploads\/2019\/03\/97b1aa791445d3fa01e5e98094f57786.jpeg\" style=\"display:block;margin: 0 auto;\" \/><br \/>\n<\/p>\n<h4>W\u00fcnschenswerte Bedingungen<\/h4>\n<p><\/p>\n<ul>\n<li>Vorhandensein von Fahrrad-Infrastruktur. Mit Radwegen ist es nicht so eindeutig, in den GUS-L\u00e4ndern scheinen Radwege gebaut zu werden, aber es ist schwierig, sie zu nutzen. Pl\u00f6tzliche Hindernisse in Form von Menschen, Schachtdeckeln, Abfl\u00fcssen, Pfosten und L\u00f6chern auf den Radwegen machen deren Existenz fast obsolet.<\/li>\n<li>Fahrradabstellplatz, Umkleideraum und Dusche bei der Arbeit. In Fahrradforen wird gesagt, dass man fahren kann, ohne zu schwitzen, oder sich im WC mit einem nassen Handtuch abzutrocknen. Es wird auch erw\u00e4hnt, dass man die Sicherheitskr\u00e4fte um Aufsicht bitten oder das Fahrrad in Nebenr\u00e4umen abstellen kann, wenn kein Fahrradabstellplatz vorhanden ist. Aber ich hatte hier wirklich Gl\u00fcck \u2014 mein Arbeitgeber stellt einen Fahrradabstellplatz und eine Dusche zur Verf\u00fcgung.<\/li>\n<li>Platz zum Abstellen des Fahrrads zu Hause. Nicht ganz offensichtlich, aber eine \u00e4u\u00dferst wichtige Bedingung, sowohl f\u00fcr die Sicherheit des Fahrrads als auch f\u00fcr den Komfort der Haushaltsmitglieder. An Arbeitstagen verlasse ich das Haus als Erster und komme als Letzter zur\u00fcck, daher steht das Fahrrad im Flur direkt hinter der Eingangst\u00fcr. Wenn G\u00e4ste geplant sind oder ein Wochenende bevorsteht, bringe ich das Fahrrad auf den Balkon. Im Winter habe ich es in eine Kiste gepackt und hinter den Schrank gestellt.<\/li>\n<\/ul>\n<p>\n<img decoding=\"async\" alt=\"Wie man mit zwei R\u00e4dern zur Arbeit f\u00e4hrt\" src=\"\/wp-content\/uploads\/2019\/03\/2231ae696155c8b739b80bd28366dc55.jpeg\" style=\"display:block;margin: 0 auto;\" \/><br \/>\n<br \/>\nEs scheint, als seien alle Sterne g\u00fcnstig gestanden, es ist Zeit zu kaufen. Die Feinheiten der Fahrradwahl, Tipps zur Auswahl eines Fahrrads und die penible Durchsicht von Fahrradforen zu Fragen wie welches besser ist, 27,5\u201d+ oder 29\u201d, lasse ich hier einmal au\u00dfen vor oder schreibe m\u00f6glicherweise einen separaten Artikel, wenn dieses Thema von Interesse ist und auf Habr relevant ist. Ich kann nur sagen, dass ich ein Mountainbike-Hardtail-Niner (mit gro\u00dfen R\u00e4dern) f\u00fcr 300 $ gew\u00e4hlt habe. Es kam in einem Karton zu mir und ich habe es an einem Abend zusammengebaut und auf mich eingestellt. So, morgen geht's mit dem Fahrrad zur Arbeit, obwohl warte mal, ich glaube, ich habe etwas vergessen...<\/p>\n<h3>Ausr\u00fcstung<\/h3>\n<p>\nNach dem Lesen der Stra\u00dfenverkehrsordnung war ich sehr \u00fcberrascht, dass f\u00fcr Fahrr\u00e4der das vorgeschriebene Minimum an Ausr\u00fcstung nur ein wei\u00dfer Reflektor vorne, ein roter hinten und orange Reflektoren an den Seiten ist. Und nachts eine Lampe vorne. Das war's. Nichts \u00fcber ein blinkendes rotes Licht hinten oder \u00fcber einen Helm. Kein Wort. Nachdem ich Dutzende von Websites mit Tipps zur Ausr\u00fcstung f\u00fcr Fahrrad-Neulinge gelesen und mehrere Stunden Reviews angesehen habe, bin ich zu folgender Liste gekommen, was ich jeden Tag mit mir f\u00fchre:<\/p>\n<ul>\n<li><b>Fahrradhelm<\/b>\n<p>Das umstrittenste Element der Fahrrad-Ausr\u00fcstung. Nach meinen Beobachtungen fahren mehr als 80% der Radfahrer in meiner Stadt ohne Helme. Die Hauptargumente f\u00fcr das Fahren ohne Helm, so glaube ich, hat <noindex><a rel=\"nofollow\" href=\"https:\/\/www.youtube.com\/watch?v=6gQS6qaG7fk\">Warlamow in seinem Video formuliert. <\/a><\/noindex>. Auch w\u00e4hrend meiner Reisen durch Europa ist mir aufgefallen, dass die Leute in den St\u00e4dten meistens ohne Helm fahren. Aber wie mir ein bekannter Radfahrer sagte: Anf\u00e4nger und Profis tragen nicht ohne Grund Helme. Ich habe beschlossen, dass ich ja ein Anf\u00e4nger bin, und mein erstes Kauf neben dem Fahrrad war ein Helm. Seitdem fahre ich immer mit Helm.<\/li>\n<li><b>Beleuchtung<\/b>\n<p>Da ich ungef\u00e4hr 50 % der Zeit nachts fahre, habe ich eine Vielzahl von Lampen\/Blitzlichtern\/Ger\u00e4ten ausprobiert. Am Ende reduzierte sich mein finales Set auf folgende Komponenten:<\/p>\n<p><img decoding=\"async\" alt=\"Wie man mit zwei R\u00e4dern zur Arbeit f\u00e4hrt\" src=\"\/wp-content\/uploads\/2019\/03\/515f6b72e0677f4111aba10f4077573c.jpeg\" style=\"display:block;margin: 0 auto;\" \/><br \/>\n<br \/>\nZwei Scheinwerfer vorne \u2014 einer mit breitem Lichtwinkel, der andere mit intensivem Spot.<\/p>\n<p>Vier kleine R\u00fccklichter \u2014 zwei wei\u00dfe an der Gabel und zwei rote neben dem Hinterrad.<\/p>\n<p>Zwei rote R\u00fccklichter an den Enden des Lenkers.<\/p>\n<p>Ein St\u00fcck wei\u00dfe LED-Leiste unter dem Rahmen.<\/p>\n<p>Zwei rote R\u00fccklichter hinten \u2014 eines leuchtet konstant, das andere blinkt.<\/p>\n<p>All diese leuchtenden Vorrichtungen ben\u00f6tigen Batterien oder haben ihre eigenen kleinen eingebauten Akkus, die f\u00fcr anderthalb bis zwei Stunden ausreichten. Daher habe ich beschlossen, die gesamte Beleuchtung von einer Quelle speisen zu lassen. Gesagt, getan. Es dauerte etwa drei Abende. Das Geh\u00e4use auseinandernehmen, Dr\u00e4hte anl\u00f6ten, zusammenbauen, wiederholen. Am Ende l\u00e4uft jetzt alles \u00fcber eine Batterie mit USB 5 Volt und 2,1 A und einer Kapazit\u00e4t von 10 Ah. Nach Messungen reicht das f\u00fcr etwa 10 Stunden kontinuierliches Licht.<\/p>\n<p>Zus\u00e4tzlich habe ich einen orangefarbenen 3W-LED auf meinen Fahrrad-Handschuh zur Anzeige von Abbiegesignalen angebracht. Ich habe ihn mit einer 3V CR2025 Batterie betrieben und einen Knopf in der N\u00e4he des Zeigefingers angen\u00e4ht. Er leuchtet auch tags\u00fcber gut sichtbar.<\/li>\n<li><b>Fahrradschloss<\/b>\n<p>Ein weiteres Zubeh\u00f6r, das ich sofort nach dem Kauf des Fahrrads erworben habe, da das Fahrrad w\u00e4hrend des Arbeitstags auf dem Parkplatz vor dem B\u00fcro abgestellt bleibt. Ich habe lange nach einem Fahrradschloss gesucht, bin aber schlie\u00dflich zu dem Schluss gekommen, dass es \u00fcbertrieben w\u00e4re, ein 300 $ Fahrrad mit einem 100 $ Schloss zu sichern, und habe mich f\u00fcr ein mittelpreisiges Zahlenschloss entschieden. <\/li>\n<li><b>Kleidung und Fahrradbrille<\/b>\n<p>Die Kleidung ist ganz gew\u00f6hnlich \u2014 ein helles T-Shirt und Hose\/Shorts. Um auff\u00e4lliger zu sein \u2014 eine helle H\u00fclle f\u00fcr den Rucksack.<\/p>\n<p><img decoding=\"async\" alt=\"Wie man mit zwei R\u00e4dern zur Arbeit f\u00e4hrt\" src=\"\/wp-content\/uploads\/2019\/03\/00e2283efc9d7cb78fd2798dfbce22eb.jpeg\" style=\"display:block;margin: 0 auto;\" \/><br \/>\n<br \/>\nUnd reflektierende Armb\u00e4nder.<\/p>\n<p><img decoding=\"async\" alt=\"Wie man mit zwei R\u00e4dern zur Arbeit f\u00e4hrt\" src=\"\/wp-content\/uploads\/2019\/03\/379a177b521382bf8def3c19ae866305.jpeg\" style=\"display:block;margin: 0 auto;\" \/><br \/>\n<br \/>\nEine Fahrradbrille ist n\u00f6tig, wenn man am Stra\u00dfenrand f\u00e4hrt, wo Staub und Insekten fliegen. Ich kann niemandem raten, sich einen Maik\u00e4fer ins Auge zu fangen, auch nicht bei einer Geschwindigkeit von 25 km\/h. Ein praktisches Zubeh\u00f6r sind auch fingerlose Fahrradhandschuhe \u2014 sie verhindern, dass die H\u00e4nde schwitzen und auf dem Lenker rutschen.<\/li>\n<li><b>Wasser<\/b>\n<p>Wenn man nicht weit f\u00e4hrt, ist eine Wasserflasche nur \u00fcberfl\u00fcssiges Gewicht. Aber wenn die Strecke l\u00e4nger als 5 km ist, verliert ein energisch fahrender Radfahrer sehr schnell Fl\u00fcssigkeit, weshalb man oft trinken muss. Nehmen Sie alle f\u00fcnfzehn Minuten ein paar Schl\u00fccke. Zun\u00e4chst hatte ich in meinem Rucksack eine ganz normale Literflasche Wasser. Dann kam der Flaschenhalter am Rahmen \u2014 dort passte hervorragend eine halbe Liter Flasche kalten Tee rein. Jetzt habe ich mir einen Hydrator gekauft, benutze ihn aber noch aktiv, da man bei K\u00e4lte nicht so viel Durst hat und eine halbe Liter f\u00fcr den gesamten Weg ausreicht.<\/li>\n<li><b>Werkzeug f\u00fcr Reparaturen<\/b>\n<p>In all der Zeit, in der ich durch die Stadt fahre, habe ich nur ein paar Mal die G\u00e4nge mit einem Innensechskant eingestellt, aber ich habe immer eine Pumpe (eine kleine Fahrradpumpe), einen Ersatzschlauch, einen Satz Innensechskanten, einen kleinen verstellbaren Schl\u00fcssel und ein Messer dabei. Theoretisch k\u00f6nnte all dies irgendwann n\u00fctzlich sein.<\/li>\n<li><b>Fahrradtasche, noch eine und noch eine f\u00fcr pers\u00f6nliche Kleinigkeiten<\/b>\n<p>Zuerst kaufte ich mir eine kleine Tasche im Dreieck des Rahmens f\u00fcr den Ersatzschlauch und die Schl\u00fcssel, aber nach dem Verzicht auf Einwegbatterien und dem Umstieg auf eine Powerbank wurde der Platz knapp. So kam eine weitere Tasche hinzu und dann noch eine zusammen mit dem Gep\u00e4cktr\u00e4ger. Aber ich nehme jeden Tag so viele Sachen mit, dass der Platz immer noch nicht ausreicht und ich noch einen Rucksack mitnehmen muss.<\/li>\n<li><b>Fahrradcomputer<\/b>\n<p>Ein Fahrradcomputer ist zwar nicht unbedingt notwendig, aber es ist sch\u00f6n, wenn man genau sagen kann, dass man insgesamt bereits 2803 km in 150 Stunden gefahren ist. Und dass die H\u00f6chstgeschwindigkeit bei 56,43 km\/h lag und der Durchschnitt in der letzten Fahrt bei 22,32 km\/h war. Die ersten 999 auf dem Fahrradcomputer werden f\u00fcr immer in Erinnerung bleiben.<\/p>\n<p><img decoding=\"async\" alt=\"Wie man mit zwei R\u00e4dern zur Arbeit f\u00e4hrt\" src=\"\/wp-content\/uploads\/2019\/03\/98a78916f3986f2d8149a0fc2f540852.jpeg\" style=\"display:block;margin: 0 auto;\" \/><\/li>\n<li><b>Fenders f\u00fcr das Fahrrad<\/b>\n<p>Sie helfen beim Fahren w\u00e4hrend und nach dem Regen. Die Kleidung und die Schuhe werden nicht so schmutzig. Und auch bei trockenem Wetter sind sie nicht \u00fcberfl\u00fcssig, denn man kann nicht vorhersagen, ob die Stra\u00dfe nach dem Platzen eines Wasserrohrs auf dem Weg zu einem Fluss wird.<\/li>\n<\/ul>\n<p><\/p>\n<h3>Route<\/h3>\n<p>\nIn der ersten Zeit f\u00fchrte meine Route entlang gro\u00dfer st\u00e4dtischer Hauptstra\u00dfen, da ich dachte, dass dort die Stra\u00dfen ebener und anscheinend k\u00fcrzer und schneller sind. Es ist ein separates Vergn\u00fcgen, entlang der im Stau stehenden Autos zu fahren. Die Fahrt von zuhause zur Arbeit verk\u00fcrzte sich von 60-90 Minuten mit \u00f6ffentlichen Verkehrsmitteln auf konstant 25-30 Minuten mit dem Fahrrad + 15 Minuten f\u00fcr die Dusche im B\u00fcro.<\/p>\n<p><img decoding=\"async\" alt=\"Wie man mit zwei R\u00e4dern zur Arbeit f\u00e4hrt\" src=\"\/wp-content\/uploads\/2019\/03\/254b390c059537a8ce81ce13e0a5a99a.jpeg\" style=\"display:block;margin: 0 auto;\" \/><br \/>\n<br \/>\nAber einmal stie\u00df ich auf Habr auf einen Artikel \u00fcber <noindex><a rel=\"nofollow\" href=\"https:\/\/habr.com\/ru\/post\/414433\/\">Dienst zur Erstellung interessanter Fu\u00dfwege<\/a><\/noindex>. Danke dir <noindex><a rel=\"nofollow\" href=\"https:\/\/habr.com\/ru\/users\/jediphilosopher\/\" class=\"user_link\">JediPhilosopher<\/a><\/noindex>. Kurz gesagt, der Dienst erstellt Routen durch interessante Sehensw\u00fcrdigkeiten und Parks. Nach etwa 3-4 Tagen mit der Karte habe ich eine Route erstellt, die zu 80 % aus kleinen Stra\u00dfen mit langsamerem Verkehr (Geschwindigkeitsbegrenzung 40) oder Parks besteht. Es dauerte zwar etwas l\u00e4nger, aber subjektiv f\u00fchle ich mich viel sicherer, da neben mir jetzt Autos sind, die aus den H\u00f6fen herausfahren und maximal 40 km\/h fahren, anstatt Kleinbusse, die mit 60 km\/h fahren und dabei drei- oder viermal innerhalb von zwei Minuten die Spur wechseln. Daher mein n\u00e4chster Ratschlag: Plane deine Route durch kleine Stra\u00dfen und H\u00f6fe. Ja, in H\u00f6fen gibt es ihre eigene Spezifik, wie marginale Elemente, Hunde und pl\u00f6tzlich herauslaufende Kinder. Aber mit jeder dieser \u201eSpezifika\u201c kann man ohne Schaden f\u00fcr sie und f\u00fcr sich selbst verhandeln. Mit einem Lkw, der sich entscheiden k\u00f6nnte, ohne Blinker ins Seitenfeld zu wechseln, ist es jedoch schwieriger, ohne Folgen eine Einigung zu erzielen.<\/p>\n<h3>Mit dem Fahrrad zur Arbeit in einer Gro\u00dfstadt. \u00dcberleben um jeden Preis.<\/h3>\n<p>\n<img decoding=\"async\" alt=\"Wie man mit zwei R\u00e4dern zur Arbeit f\u00e4hrt\" src=\"\/wp-content\/uploads\/2019\/03\/3b958c2aa74d1a5ec6fdbde70ed3dc72.jpeg\" style=\"display:block;margin: 0 auto;\" \/><br \/>\n<br \/>\nWie das Sprichwort sagt, lernt man am besten aus den Fehlern anderer, weshalb ich einige Stunden damit verbrachte, Videos von Fahrrad-Unf\u00e4llen anzusehen. Subjektiv betrachtet, komme ich zu dem Schluss, dass in etwa 85-90 % der F\u00e4lle der Fahrradfahrer schuld an den Unf\u00e4llen ist. Ich verstehe, dass Videos auf YouTube nicht repr\u00e4sentativ sind, aber sie haben einige Verhaltensmuster im Stra\u00dfenverkehr bei mir gepr\u00e4gt. Die grundlegenden Regeln, an die ich mich auf der Stra\u00dfe halten w\u00fcrde, sind:<\/p>\n<ul>\n<li>Seien Sie im Stra\u00dfenverkehr sichtbar. Tags\u00fcber \u2014 helle Kleidung, nachts \u2014 so viel Licht und reflektierende Elemente wie m\u00f6glich. Glauben Sie mir, das ist wichtig. Selbst der Autopilot von Uber konnte einen Radfahrer in schwarzer Kleidung bei Nacht nicht erkennen. Ich habe einmal einen Angler in camouflagefarbenen Kleidern auf einem Fahrrad ohne reflektierende Elemente und Lampen fast \u00fcberfahren. Ich sah ihn buchst\u00e4blich erst in wenigen Metern Entfernung. Und wenn ich nicht mit 25 km\/h, sondern schneller gefahren w\u00e4re, h\u00e4tte ich ihn ganz sicher erwischt.<\/li>\n<li>Seien Sie vorhersehbar. Keine pl\u00f6tzlichen Fahrbahnwechsel (wenn eine Vertiefung voraus ist \u2013 bremsen Sie, schauen Sie sich um und wechseln Sie erst dann die Fahrbahn). Bei Fahrbahnwechseln \u2013 zeigen Sie die Fahrtrichtungsanzeige, aber denken Sie daran, dass selbst wenn Sie ihn gezeigt haben, es nicht sicher ist, dass Sie verstanden oder gesehen wurden \u2013 schauen Sie sich unbedingt um und stellen Sie sicher, dass der Man\u00f6ver sicher ist. Besser zweimal schauen.<\/li>\n<li>Halten Sie sich an die Verkehrsregeln \u2013 dazu gibt es keine Kommentare. <\/li>\n<li>Versuchen Sie, die Bewegungen der Fahrzeuge vorherzusagen. Wenn der Verkehr auf der linken Seite stoppt, gibt es vielleicht jemanden im Gegenverkehr, der abbiegen m\u00f6chte und Vorfahrt gew\u00e4hrt bekommt. An Kreuzungen, selbst wenn es die Hauptstra\u00dfe ist, bremsen Sie, bis Sie sehen, dass der Fahrer, der von der Nebenstra\u00dfe kommt, Sie bemerkt hat.<\/li>\n<li>Ein separates Thema sind parkende Autos \u2013 die T\u00fcren solcher Fahrzeuge k\u00f6nnen sich \u00f6ffnen, und aus ihnen k\u00f6nnen \u00fcberraschend Menschen aussteigen. Und w\u00e4hrend Fahrer beim \u00d6ffnen der T\u00fcren irgendwie in den Spiegel schauen, \u00f6ffnen die Passagiere die T\u00fcr so weit und so schnell wie m\u00f6glich. Auch kann ein parkendes Auto beschlie\u00dfen, dass es Zeit ist, sich auf den Weg in eine strahlende Zukunft zu machen und ohne Blinker oder andere Anzeichen zu fahren. Au\u00dferdem kommen M\u00fctter mit Kinderwagen aus parkenden Autos, wobei der Kinderwagen zuerst herausrollt und erst dann die Dame selbst erscheint. Und auch Kinder springen heraus, manchmal Tiere\u2026 Kurz gesagt, bleiben Sie so aufmerksam wie m\u00f6glich und erwarten Sie das Unvorhersehbare.<\/li>\n<li>Beeilen Sie sich nicht. Selbst wenn Sie sp\u00e4t dran sind, lassen Sie immer Platz f\u00fcr Man\u00f6ver.<\/li>\n<\/ul>\n<p><\/p>\n<h3>Anstelle eines Fazits.<\/h3>\n<p>\nIm vergangenen Jahr bin ich etwas mehr als zweieinhalbtausend Kilometer auf Stadtstra\u00dfen gefahren. Ich hoffe, dieser Artikel wird denen n\u00fctzlich sein, die versuchen m\u00f6chten, in diesem Bereich aktiv zu werden. Nicht einmal im Jahr zu einer Aktion mit dem Fahrrad zur Arbeit, sondern mindestens vier Tage in der Woche f\u00fcr sechs Monate im Jahr. <\/p>\n<p><img decoding=\"async\" alt=\"Wie man mit zwei R\u00e4dern zur Arbeit f\u00e4hrt\" src=\"\/wp-content\/uploads\/2019\/03\/8bc316d4995d95594636a8531de662d9.jpeg\" style=\"display:block;margin: 0 auto;\" \/><br \/>\n<br \/>\nAu\u00dferdem habe ich Anfang Februar ein 350 W Motorrad gekauft und installiert. Ich bin bereits etwa 400 km damit gefahren. Aber das ist eine ganz andere Geschichte, die ich Ihnen im n\u00e4chsten Artikel erz\u00e4hlen kann.<br \/>\n<br \/>Quelle: <a content=\"nofollow\" rel=\"nofollow\" href=\"https:\/\/habr.com\/ru\/post\/444420\/\">habr.com<\/a><\/p>","protected":false,"gt_translate_keys":[{"key":"rendered","format":"html"}]},"excerpt":{"rendered":"<p>\u0414\u043e\u0431\u0440\u043e\u0433\u043e \u0432\u0440\u0435\u043c\u0435\u043d\u0438 \u0441\u0443\u0442\u043e\u043a, \u0443\u0432\u0430\u0436\u0430\u0435\u043c\u043e\u0435 \u0425\u0430\u0431\u0440\u043e\u0441\u043e\u043e\u0431\u0449\u0435\u0441\u0442\u0432\u043e. \u0413\u043e\u0434 \u043d\u0430\u0437\u0430\u0434 \u0431\u044b\u043b \u0442\u043e\u0447\u043d\u043e \u0442\u0430\u043a\u043e\u0439 \u0436\u0435 \u0432\u0435\u0441\u0435\u043d\u043d\u0438\u0439 \u0434\u0435\u043d\u044c, \u043a\u0430\u043a \u0438 \u0441\u0435\u0433\u043e\u0434\u043d\u044f. \u042f \u043a\u0430\u043a \u043e\u0431\u044b\u0447\u043d\u043e \u0435\u0445\u0430\u043b \u043d\u0430 \u0440\u0430\u0431\u043e\u0442\u0443 \u043d\u0430 \u043e\u0431\u0449\u0435\u0441\u0442\u0432\u0435\u043d\u043d\u043e\u043c \u0442\u0440\u0430\u043d\u0441\u043f\u043e\u0440\u0442\u0435, \u0438\u0441\u043f\u044b\u0442\u044b\u0432\u0430\u044f \u0432\u0441\u0435 \u0442\u0435 \u043f\u0440\u0435\u043a\u0440\u0430\u0441\u043d\u044b\u0435 \u0447\u0443\u0432\u0441\u0442\u0432\u0430, \u0437\u043d\u0430\u043a\u043e\u043c\u044b\u0435 \u0432\u0441\u0435\u043c, \u043a\u0442\u043e \u0435\u0437\u0434\u0438\u0442 \u0432 \u0442\u0440\u0430\u043d\u0441\u043f\u043e\u0440\u0442\u0435 \u0432 \u0447\u0430\u0441 \u043f\u0438\u043a. \u0421\u0437\u0430\u0434\u0438 \u043c\u0435\u043d\u044f \u043f\u043e\u0434\u043f\u0438\u0440\u0430\u043b\u0430 \u0435\u043b\u0435 \u0437\u0430\u043a\u0440\u044b\u0432\u0448\u0430\u044f\u0441\u044f \u0434\u0432\u0435\u0440\u044c \u0430\u0432\u0442\u043e\u0431\u0443\u0441\u0430. \u0412 \u043b\u0438\u0446\u043e \u043c\u043d\u0435 \u043f\u043e\u0441\u0442\u043e\u044f\u043d\u043d\u043e \u043b\u0435\u0437\u043b\u0438 \u0432\u043e\u043b\u043e\u0441\u044b \u0434\u0435\u0432\u0443\u0448\u043a\u0438, \u043a\u043e\u0442\u043e\u0440\u0430\u044f \u044d\u043c\u043e\u0446\u0438\u043e\u043d\u0430\u043b\u044c\u043d\u043e [&hellip;]<\/p>\n","protected":false,"gt_translate_keys":[{"key":"rendered","format":"html"}]},"author":1,"featured_media":22554,"comment_status":"open","ping_status":"open","sticky":false,"template":"","format":"standard","meta":{"footnotes":""},"categories":[702],"tags":[],"class_list":["post-30558","post","type-post","status-publish","format-standard","has-post-thumbnail","hentry","category-news"],"aioseo_notices":[],"aioseo_head":"\n\t\t<!-- All in One SEO 5.0.1.1 - aioseo.com -->\n\t<meta name=\"description\" content=\"\u0414\u043e\u0431\u0440\u043e\u0433\u043e \u0432\u0440\u0435\u043c\u0435\u043d\u0438 \u0441\u0443\u0442\u043e\u043a, \u0443\u0432\u0430\u0436\u0430\u0435\u043c\u043e\u0435 \u0425\u0430\u0431\u0440\u043e\u0441\u043e\u043e\u0431\u0449\u0435\u0441\u0442\u0432\u043e. \u0413\u043e\u0434 \u043d\u0430\u0437\u0430\u0434 \u0431\u044b\u043b \u0442\u043e\u0447\u043d\u043e \u0442\u0430\u043a\u043e\u0439 \u0436\u0435 \u0432\u0435\u0441\u0435\u043d\u043d\u0438\u0439 \u0434\u0435\u043d\u044c, \u043a\u0430\u043a \u0438 \u0441\u0435\u0433\u043e\u0434\u043d\u044f.\" \/>\n\t<meta name=\"robots\" content=\"max-image-preview:large\" \/>\n\t<meta name=\"author\" content=\"Yuri Gagarin\"\/>\n\t<link rel=\"canonical\" href=\"https:\/\/prohoster.info\/de\/blog\/news\/kak-poehat-na-dvuh-kolesah-na-rabotu\" \/>\n\t<meta name=\"generator\" content=\"All in One SEO (AIOSEO) 5.0.1.1\" \/>\n\t\t<meta property=\"og:locale\" content=\"de_DE\" \/>\n\t\t<meta property=\"og:site_name\" content=\"ProHoster | \u041a\u0443\u043f\u0438\u0442\u044c \u043d\u0430\u0434\u0435\u0436\u043d\u044b\u0439 \u0445\u043e\u0441\u0442\u0438\u043d\u0433 \u0434\u043b\u044f \u0441\u0430\u0439\u0442\u043e\u0432 \u0441 \u0437\u0430\u0449\u0438\u0442\u043e\u0439 \u043e\u0442 DDoS, VPS VDS \u0441\u0435\u0440\u0432\u0435\u0440\u044b\" \/>\n\t\t<meta property=\"og:type\" content=\"article\" \/>\n\t\t<meta property=\"og:title\" content=\"\ud83e\udd47\u041a\u0430\u043a \u043f\u043e\u0435\u0445\u0430\u0442\u044c \u043d\u0430 \u0434\u0432\u0443\u0445 \u043a\u043e\u043b\u0435\u0441\u0430\u0445 \u043d\u0430 \u0440\u0430\u0431\u043e\u0442\u0443 | ProHoster\" \/>\n\t\t<meta property=\"og:description\" content=\"\u0414\u043e\u0431\u0440\u043e\u0433\u043e \u0432\u0440\u0435\u043c\u0435\u043d\u0438 \u0441\u0443\u0442\u043e\u043a, \u0443\u0432\u0430\u0436\u0430\u0435\u043c\u043e\u0435 \u0425\u0430\u0431\u0440\u043e\u0441\u043e\u043e\u0431\u0449\u0435\u0441\u0442\u0432\u043e. \u0413\u043e\u0434 \u043d\u0430\u0437\u0430\u0434 \u0431\u044b\u043b \u0442\u043e\u0447\u043d\u043e \u0442\u0430\u043a\u043e\u0439 \u0436\u0435 \u0432\u0435\u0441\u0435\u043d\u043d\u0438\u0439 \u0434\u0435\u043d\u044c, \u043a\u0430\u043a \u0438 \u0441\u0435\u0433\u043e\u0434\u043d\u044f.\" \/>\n\t\t<meta property=\"og:url\" content=\"https:\/\/prohoster.info\/de\/blog\/news\/kak-poehat-na-dvuh-kolesah-na-rabotu\" \/>\n\t\t<meta property=\"og:image\" content=\"https:\/\/prohoster.info\/wp-content\/uploads\/2021\/11\/logo-350.jpg\" \/>\n\t\t<meta property=\"og:image:secure_url\" content=\"https:\/\/prohoster.info\/wp-content\/uploads\/2021\/11\/logo-350.jpg\" \/>\n\t\t<meta property=\"og:image:width\" content=\"350\" \/>\n\t\t<meta property=\"og:image:height\" content=\"350\" \/>\n\t\t<meta property=\"article:published_time\" content=\"2019-10-31T18:36:11+00:00\" \/>\n\t\t<meta property=\"article:modified_time\" content=\"2019-10-31T18:36:11+00:00\" \/>\n\t\t<meta property=\"article:publisher\" content=\"https:\/\/www.facebook.com\/prohoster\" \/>\n\t\t<meta property=\"article:author\" content=\"https:\/\/www.facebook.com\/prohoster\" \/>\n\t\t<!-- All in One SEO -->\n\n","aioseo_head_json":{"title":"\ud83e\udd47Wie man mit zwei R\u00e4dern zur Arbeit f\u00e4hrt | ProHoster","description":"Guten Tag, gesch\u00e4tzte Community. Vor einem Jahr war genau so ein fr\u00fchlingshafter Tag wie heute.","canonical_url":"https:\/\/prohoster.info\/de\/blog\/news\/kak-poehat-na-dvuh-kolesah-na-rabotu","robots":"max-image-preview:large","keywords":"","webmasterTools":{"miscellaneous":""},"schema":null,"og:locale":"de_DE","og:site_name":"ProHoster | \u041a\u0443\u043f\u0438\u0442\u044c \u043d\u0430\u0434\u0435\u0436\u043d\u044b\u0439 \u0445\u043e\u0441\u0442\u0438\u043d\u0433 \u0434\u043b\u044f \u0441\u0430\u0439\u0442\u043e\u0432 \u0441 \u0437\u0430\u0449\u0438\u0442\u043e\u0439 \u043e\u0442 DDoS, VPS VDS \u0441\u0435\u0440\u0432\u0435\u0440\u044b","og:type":"article","og:title":"\ud83e\udd47\u041a\u0430\u043a \u043f\u043e\u0435\u0445\u0430\u0442\u044c \u043d\u0430 \u0434\u0432\u0443\u0445 \u043a\u043e\u043b\u0435\u0441\u0430\u0445 \u043d\u0430 \u0440\u0430\u0431\u043e\u0442\u0443 | ProHoster","og:description":"\u0414\u043e\u0431\u0440\u043e\u0433\u043e \u0432\u0440\u0435\u043c\u0435\u043d\u0438 \u0441\u0443\u0442\u043e\u043a, \u0443\u0432\u0430\u0436\u0430\u0435\u043c\u043e\u0435 \u0425\u0430\u0431\u0440\u043e\u0441\u043e\u043e\u0431\u0449\u0435\u0441\u0442\u0432\u043e. \u0413\u043e\u0434 \u043d\u0430\u0437\u0430\u0434 \u0431\u044b\u043b \u0442\u043e\u0447\u043d\u043e \u0442\u0430\u043a\u043e\u0439 \u0436\u0435 \u0432\u0435\u0441\u0435\u043d\u043d\u0438\u0439 \u0434\u0435\u043d\u044c, \u043a\u0430\u043a \u0438 \u0441\u0435\u0433\u043e\u0434\u043d\u044f.","og:url":"https:\/\/prohoster.info\/de\/blog\/news\/kak-poehat-na-dvuh-kolesah-na-rabotu","og:image":"https:\/\/prohoster.info\/wp-content\/uploads\/2021\/11\/logo-350.jpg","og:image:secure_url":"https:\/\/prohoster.info\/wp-content\/uploads\/2021\/11\/logo-350.jpg","og:image:width":350,"og:image:height":350,"article:published_time":"2019-10-31T18:36:11+00:00","article:modified_time":"2019-10-31T18:36:11+00:00","article:publisher":"https:\/\/www.facebook.com\/prohoster","article:author":"https:\/\/www.facebook.com\/prohoster"},"aioseo_meta_data":{"post_id":"30558","title":null,"description":null,"keywords":null,"keyphrases":null,"primary_term":null,"canonical_url":null,"og_title":null,"og_description":null,"og_object_type":"default","og_image_type":"default","og_image_url":null,"og_image_width":null,"og_image_height":null,"og_image_custom_url":null,"og_image_custom_fields":null,"og_video":null,"og_custom_url":null,"og_article_section":null,"og_article_tags":null,"twitter_use_og":false,"twitter_card":"default","twitter_image_type":"default","twitter_image_url":null,"twitter_image_custom_url":null,"twitter_image_custom_fields":null,"twitter_title":null,"twitter_description":null,"schema":{"blockGraphs":[],"customGraphs":[],"default":{"data":{"Article":[],"Course":[],"Dataset":[],"FAQPage":[],"Movie":[],"Person":[],"Product":[],"ProductReview":[],"Car":[],"Recipe":[],"Service":[],"SoftwareApplication":[],"WebPage":[]},"graphName":"","isEnabled":true},"graphs":[]},"schema_type":null,"schema_type_options":null,"pillar_content":false,"robots_default":true,"robots_noindex":false,"robots_noarchive":false,"robots_nosnippet":false,"robots_nofollow":false,"robots_noimageindex":false,"robots_noodp":false,"robots_notranslate":false,"robots_max_snippet":null,"robots_max_videopreview":null,"robots_max_imagepreview":"large","priority":null,"frequency":null,"local_seo":null,"seo_analyzer_scan_date":"2026-01-21 01:48:37","breadcrumb_settings":null,"limit_modified_date":false,"reviewed_by":null,"ai":null,"created":"2021-03-01 03:32:37","updated":"2026-01-21 01:48:37","focus_keyword":null,"additional_keywords":null,"truseo_locale":null},"gt_translate_keys":[{"key":"link","format":"url"}],"_links":{"self":[{"href":"https:\/\/prohoster.info\/de\/wp-json\/wp\/v2\/posts\/30558","targetHints":{"allow":["GET"]}}],"collection":[{"href":"https:\/\/prohoster.info\/de\/wp-json\/wp\/v2\/posts"}],"about":[{"href":"https:\/\/prohoster.info\/de\/wp-json\/wp\/v2\/types\/post"}],"author":[{"embeddable":true,"href":"https:\/\/prohoster.info\/de\/wp-json\/wp\/v2\/users\/1"}],"replies":[{"embeddable":true,"href":"https:\/\/prohoster.info\/de\/wp-json\/wp\/v2\/comments?post=30558"}],"version-history":[{"count":0,"href":"https:\/\/prohoster.info\/de\/wp-json\/wp\/v2\/posts\/30558\/revisions"}],"wp:featuredmedia":[{"embeddable":true,"href":"https:\/\/prohoster.info\/de\/wp-json\/wp\/v2\/media\/22554"}],"wp:attachment":[{"href":"https:\/\/prohoster.info\/de\/wp-json\/wp\/v2\/media?parent=30558"}],"wp:term":[{"taxonomy":"category","embeddable":true,"href":"https:\/\/prohoster.info\/de\/wp-json\/wp\/v2\/categories?post=30558"},{"taxonomy":"post_tag","embeddable":true,"href":"https:\/\/prohoster.info\/de\/wp-json\/wp\/v2\/tags?post=30558"}],"curies":[{"name":"wp","href":"https:\/\/api.w.org\/{rel}","templated":true}]}}