{"id":32570,"date":"2019-10-31T21:47:44","date_gmt":"2019-10-31T18:47:44","guid":{"rendered":"https:\/\/prohoster.info\/blog\/asrock-a320tm-itx-materinskaya-plata-redkogo-form-faktora-thin-mini-itx-dlya-protsessorov-amd\/"},"modified":"2019-10-31T21:47:44","modified_gmt":"2019-10-31T18:47:44","slug":"asrock-a320tm-itx-materinskaya-plata-redkogo-form-faktora-thin-mini-itx-dlya-protsessorov-amd","status":"publish","type":"post","link":"https:\/\/prohoster.info\/de\/blog\/news\/asrock-a320tm-itx-materinskaya-plata-redkogo-form-faktora-thin-mini-itx-dlya-protsessorov-amd","title":{"rendered":"ASRock A320TM-ITX: Ein Motherboard im seltenen Formfaktor Thin Mini-ITX f\u00fcr AMD-Prozessoren","gt_translate_keys":[{"key":"rendered","format":"text"}]},"content":{"rendered":"<p>Das Unternehmen ASRock hat ein durchaus ungew\u00f6hnliches Motherboard mit dem Namen A320TM-ITX vorgestellt, das im eher seltenen Formfaktor Thin Mini-ITX gestaltet ist. Die Einzigartigkeit des neuen Modells liegt darin, dass es zuvor keine vergleichbaren Motherboards f\u00fcr AMD-Prozessoren mit dem Sockel AM4 gegeben hat.<\/p>\n<p><img decoding=\"async\" alt=\"ASRock A320TM-ITX: Ein Motherboard im seltenen Formfaktor Thin Mini-ITX f\u00fcr AMD-Prozessoren\" src=\"\/wp-content\/uploads\/2019\/04\/1680bcd9e61cbc2a124cb192adeb625e.jpg\" style=\"display:block;margin: 0 auto;\" \/><\/p>\n<p>Mainboards im Format Thin Mini-ITX zeichnen sich nicht nur durch ihre geringe L\u00e4nge und Breite (170 &times; 170 mm) aus, sondern auch durch die minimalen H\u00f6hen der Komponenten von etwa 2 cm. Dies erm\u00f6glicht ihren Einsatz in sehr schlanken und kompakten Geh\u00e4usen. Im Allgemeinen k\u00f6nnen solche Boards auch in jedem Computergeh\u00e4use verwendet werden, das f\u00fcr Mini-ITX-Boards ausgelegt ist. Au\u00dferdem sei darauf hingewiesen, dass die Thin Mini-ITX-Boards, einschlie\u00dflich des neuen Modells von ASRock, den Anschluss eines externen oder internen Netzteils mit 19 V vorsehen.<\/p>\n<p><img decoding=\"async\" alt=\"ASRock A320TM-ITX: Ein Motherboard im seltenen Formfaktor Thin Mini-ITX f\u00fcr AMD-Prozessoren\" src=\"\/wp-content\/uploads\/2019\/04\/273e1ddf93c13956b1c82e3166baaaa6.jpg\" style=\"display:block;margin: 0 auto;\" \/><\/p>\n<p>Wie der Name schon andeutet, basiert das ASRock A320TM-ITX auf der Systemlogik AMD A320. Das neue Modell ist f\u00fcr den Aufbau von Systemen mit hybriden Prozessoren von AMD im Sockel AM4, also den Generationen Raven Ridge und Bristol Ridge, gedacht. Der Grund, warum ein herk\u00f6mmlicher Ryzen-Prozessor in diesem Modell nicht verwendet werden kann, liegt daran, dass es keinen PCI Express-Steckplatz gibt und daher kein Anschluss f\u00fcr eine dedizierte Grafikkarte zur Bildausgabe vorgesehen ist. Das Sortiment an Videoausg\u00e4ngen umfasst zwei HDMI 1.4-Anschl\u00fcsse und einen LVDS-Anschluss.<\/p>\n<p><img decoding=\"async\" alt=\"ASRock A320TM-ITX: Ein Motherboard im seltenen Formfaktor Thin Mini-ITX f\u00fcr AMD-Prozessoren\" src=\"\/wp-content\/uploads\/2019\/04\/e953cb0f11a402b462efef6be6a62fd8.jpg\" style=\"display:block;margin: 0 auto;\" \/><\/p>\n<p>Das neue Motherboard verf\u00fcgt au\u00dferdem \u00fcber zwei Steckpl\u00e4tze f\u00fcr DDR4 SO-DIMM-RAM-Module, die horizontal ausgerichtet sind (wie in Laptops). Der maximal unterst\u00fctzte RAM betr\u00e4gt 32 GB. Es wird Unterst\u00fctzung f\u00fcr RAM mit einer Frequenz von bis zu 2933 MHz angegeben. F\u00fcr Speicherger\u00e4te gibt es einen SATA III-Anschluss und einen M.2-Key M-Steckplatz. Au\u00dferdem gibt es einen M.2-Key E-Steckplatz f\u00fcr den Anschluss eines Wi-Fi- und Bluetooth-Moduls. F\u00fcr die Netzwerkverbindung sorgt der Gigabit-Controller Realtek RTL8111. Die Audiosubsystem ist auf dem Codec Realtek ALC233 aufgebaut.<\/p>\n<p><center><\/center><br \/>\n<img decoding=\"async\" alt=\"ASRock A320TM-ITX: Ein Motherboard im seltenen Formfaktor Thin Mini-ITX f\u00fcr AMD-Prozessoren\" src=\"\/wp-content\/uploads\/2019\/04\/05ca19c4b7c9d740b21bd7be45bc54b8.jpg\" style=\"display:block;margin: 0 auto;\" \/><\/p>\n<p>Leider sind der Preis und das Verkaufsdatum des ASRock A320TM-ITX-Motherboards derzeit noch nicht bekannt.<\/p>\n<p><center><\/p>\n<p><\/center><\/p>\n<p>\t\t\t\t<center><br \/>\n\t\t\t\t\t\t\t\t<\/center><br \/>Quelle: <a content=\"nofollow\" rel=\"nofollow\" href=\"https:\/\/3dnews.ru\/986473\">3dnews.ru<\/a><\/p>","protected":false,"gt_translate_keys":[{"key":"rendered","format":"html"}]},"excerpt":{"rendered":"<p>\u041a\u043e\u043c\u043f\u0430\u043d\u0438\u044f ASRock \u043f\u0440\u0435\u0434\u0441\u0442\u0430\u0432\u0438\u043b\u0430 \u0432\u0435\u0441\u044c\u043c\u0430 \u043d\u0435\u043e\u0431\u044b\u0447\u043d\u0443\u044e \u043c\u0430\u0442\u0435\u0440\u0438\u043d\u0441\u043a\u0443\u044e \u043f\u043b\u0430\u0442\u0443 \u043f\u043e\u0434 \u043d\u0430\u0437\u0432\u0430\u043d\u0438\u0435\u043c A320TM-ITX, \u043a\u043e\u0442\u043e\u0440\u0430\u044f \u0432\u044b\u043f\u043e\u043b\u043d\u0435\u043d\u0430 \u0432 \u043d\u0435 \u0441\u0430\u043c\u043e\u043c \u0440\u0430\u0441\u043f\u0440\u043e\u0441\u0442\u0440\u0430\u043d\u0451\u043d\u043d\u043e\u043c \u0444\u043e\u0440\u043c-\u0444\u0430\u043a\u0442\u043e\u0440\u0435 Thin Mini-ITX. \u0423\u043d\u0438\u043a\u0430\u043b\u044c\u043d\u043e\u0441\u0442\u044c \u043d\u043e\u0432\u0438\u043d\u043a\u0438 \u0437\u0430\u043a\u043b\u044e\u0447\u0430\u0435\u0442\u0441\u044f \u0432 \u0442\u043e\u043c, \u0447\u0442\u043e \u0440\u0430\u043d\u0435\u0435 \u043f\u043e\u0434\u043e\u0431\u043d\u044b\u0445 \u043c\u0430\u0442\u0435\u0440\u0438\u043d\u0441\u043a\u0438\u0445 \u043f\u043b\u0430\u0442 \u043f\u043e\u0434 \u043f\u0440\u043e\u0446\u0435\u0441\u0441\u043e\u0440\u044b AMD \u0432 \u0438\u0441\u043f\u043e\u043b\u043d\u0435\u043d\u0438\u0438 Socket AM4 \u043f\u043e\u043f\u0440\u043e\u0441\u0442\u0443 \u043d\u0435 \u0431\u044b\u043b\u043e. \u041c\u0430\u0442\u0435\u0440\u0438\u043d\u0441\u043a\u0438\u0435 \u043f\u043b\u0430\u0442\u044b \u0442\u0438\u043f\u043e\u0440\u0430\u0437\u043c\u0435\u0440\u0430 Thin Mini-ITX \u043e\u0442\u043b\u0438\u0447\u0430\u044e\u0442\u0441\u044f \u043d\u0435 \u0442\u043e\u043b\u044c\u043a\u043e \u043d\u0435\u0431\u043e\u043b\u044c\u0448\u043e\u0439 \u0434\u043b\u0438\u043d\u043e\u0439 \u0438 \u0448\u0438\u0440\u0438\u043d\u043e\u0439 (170 &times; 170 \u043c\u043c), [&hellip;]<\/p>\n","protected":false,"gt_translate_keys":[{"key":"rendered","format":"html"}]},"author":1,"featured_media":24366,"comment_status":"open","ping_status":"open","sticky":false,"template":"","format":"standard","meta":{"footnotes":""},"categories":[702],"tags":[],"class_list":["post-32570","post","type-post","status-publish","format-standard","has-post-thumbnail","hentry","category-news"],"aioseo_notices":[],"aioseo_head":"\n\t\t<!-- All in One SEO 5.0.1.1 - aioseo.com -->\n\t<meta name=\"description\" content=\"\u041a\u043e\u043c\u043f\u0430\u043d\u0438\u044f ASRock \u043f\u0440\u0435\u0434\u0441\u0442\u0430\u0432\u0438\u043b\u0430 \u0432\u0435\u0441\u044c\u043c\u0430 \u043d\u0435\u043e\u0431\u044b\u0447\u043d\u0443\u044e \u043c\u0430\u0442\u0435\u0440\u0438\u043d\u0441\u043a\u0443\u044e \u043f\u043b\u0430\u0442\u0443 \u043f\u043e\u0434 \u043d\u0430\u0437\u0432\u0430\u043d\u0438\u0435\u043c A320TM-ITX, \u043a\u043e\u0442\u043e\u0440\u0430\u044f \u0432\u044b\u043f\u043e\u043b\u043d\u0435\u043d\u0430 \u0432 \u043d\u0435 \u0441\u0430\u043c\u043e\u043c \u0440\u0430\u0441\u043f\u0440\u043e\u0441\u0442\u0440\u0430\u043d\u0451\u043d\u043d\u043e\u043c \u0444\u043e\u0440\u043c-\u0444\u0430\u043a\u0442\u043e\u0440\u0435 Thin Mini-ITX.\" \/>\n\t<meta name=\"robots\" content=\"max-image-preview:large\" \/>\n\t<meta name=\"author\" content=\"Yuri Gagarin\"\/>\n\t<link rel=\"canonical\" href=\"https:\/\/prohoster.info\/de\/blog\/news\/asrock-a320tm-itx-materinskaya-plata-redkogo-form-faktora-thin-mini-itx-dlya-protsessorov-amd\" \/>\n\t<meta name=\"generator\" content=\"All in One SEO (AIOSEO) 5.0.1.1\" \/>\n\t\t<meta property=\"og:locale\" content=\"de_DE\" \/>\n\t\t<meta property=\"og:site_name\" content=\"ProHoster | \u041a\u0443\u043f\u0438\u0442\u044c \u043d\u0430\u0434\u0435\u0436\u043d\u044b\u0439 \u0445\u043e\u0441\u0442\u0438\u043d\u0433 \u0434\u043b\u044f \u0441\u0430\u0439\u0442\u043e\u0432 \u0441 \u0437\u0430\u0449\u0438\u0442\u043e\u0439 \u043e\u0442 DDoS, VPS VDS \u0441\u0435\u0440\u0432\u0435\u0440\u044b\" \/>\n\t\t<meta property=\"og:type\" content=\"article\" \/>\n\t\t<meta property=\"og:title\" content=\"\ud83e\udd47ASRock A320TM-ITX: \u043c\u0430\u0442\u0435\u0440\u0438\u043d\u0441\u043a\u0430\u044f \u043f\u043b\u0430\u0442\u0430 \u0440\u0435\u0434\u043a\u043e\u0433\u043e \u0444\u043e\u0440\u043c-\u0444\u0430\u043a\u0442\u043e\u0440\u0430 Thin Mini-ITX \u0434\u043b\u044f \u043f\u0440\u043e\u0446\u0435\u0441\u0441\u043e\u0440\u043e\u0432 AMD | ProHoster\" \/>\n\t\t<meta property=\"og:description\" content=\"\u041a\u043e\u043c\u043f\u0430\u043d\u0438\u044f ASRock \u043f\u0440\u0435\u0434\u0441\u0442\u0430\u0432\u0438\u043b\u0430 \u0432\u0435\u0441\u044c\u043c\u0430 \u043d\u0435\u043e\u0431\u044b\u0447\u043d\u0443\u044e \u043c\u0430\u0442\u0435\u0440\u0438\u043d\u0441\u043a\u0443\u044e \u043f\u043b\u0430\u0442\u0443 \u043f\u043e\u0434 \u043d\u0430\u0437\u0432\u0430\u043d\u0438\u0435\u043c A320TM-ITX, \u043a\u043e\u0442\u043e\u0440\u0430\u044f \u0432\u044b\u043f\u043e\u043b\u043d\u0435\u043d\u0430 \u0432 \u043d\u0435 \u0441\u0430\u043c\u043e\u043c \u0440\u0430\u0441\u043f\u0440\u043e\u0441\u0442\u0440\u0430\u043d\u0451\u043d\u043d\u043e\u043c \u0444\u043e\u0440\u043c-\u0444\u0430\u043a\u0442\u043e\u0440\u0435 Thin Mini-ITX.\" \/>\n\t\t<meta property=\"og:url\" content=\"https:\/\/prohoster.info\/de\/blog\/news\/asrock-a320tm-itx-materinskaya-plata-redkogo-form-faktora-thin-mini-itx-dlya-protsessorov-amd\" \/>\n\t\t<meta property=\"og:image\" content=\"https:\/\/prohoster.info\/wp-content\/uploads\/2021\/11\/logo-350.jpg\" \/>\n\t\t<meta property=\"og:image:secure_url\" content=\"https:\/\/prohoster.info\/wp-content\/uploads\/2021\/11\/logo-350.jpg\" \/>\n\t\t<meta property=\"og:image:width\" content=\"350\" \/>\n\t\t<meta property=\"og:image:height\" content=\"350\" \/>\n\t\t<meta property=\"article:published_time\" content=\"2019-10-31T18:47:44+00:00\" \/>\n\t\t<meta property=\"article:modified_time\" content=\"2019-10-31T18:47:44+00:00\" \/>\n\t\t<meta property=\"article:publisher\" content=\"https:\/\/www.facebook.com\/prohoster\" \/>\n\t\t<meta property=\"article:author\" content=\"https:\/\/www.facebook.com\/prohoster\" \/>\n\t\t<!-- All in One SEO -->\n\n","aioseo_head_json":{"title":"\ud83e\udd47ASRock A320TM-ITX: Motherboard in seltenem Formfaktor Thin Mini-ITX f\u00fcr AMD-Prozessoren | ProHoster","description":"Das Unternehmen ASRock hat ein durchaus ungew\u00f6hnliches Motherboard mit dem Namen A320TM-ITX vorgestellt, das im eher seltenen Formfaktor Thin Mini-ITX gestaltet ist.","canonical_url":"https:\/\/prohoster.info\/de\/blog\/news\/asrock-a320tm-itx-materinskaya-plata-redkogo-form-faktora-thin-mini-itx-dlya-protsessorov-amd","robots":"max-image-preview:large","keywords":"","webmasterTools":{"miscellaneous":""},"schema":null,"og:locale":"de_DE","og:site_name":"ProHoster | \u041a\u0443\u043f\u0438\u0442\u044c \u043d\u0430\u0434\u0435\u0436\u043d\u044b\u0439 \u0445\u043e\u0441\u0442\u0438\u043d\u0433 \u0434\u043b\u044f \u0441\u0430\u0439\u0442\u043e\u0432 \u0441 \u0437\u0430\u0449\u0438\u0442\u043e\u0439 \u043e\u0442 DDoS, VPS VDS \u0441\u0435\u0440\u0432\u0435\u0440\u044b","og:type":"article","og:title":"\ud83e\udd47ASRock A320TM-ITX: \u043c\u0430\u0442\u0435\u0440\u0438\u043d\u0441\u043a\u0430\u044f \u043f\u043b\u0430\u0442\u0430 \u0440\u0435\u0434\u043a\u043e\u0433\u043e \u0444\u043e\u0440\u043c-\u0444\u0430\u043a\u0442\u043e\u0440\u0430 Thin Mini-ITX \u0434\u043b\u044f \u043f\u0440\u043e\u0446\u0435\u0441\u0441\u043e\u0440\u043e\u0432 AMD | ProHoster","og:description":"\u041a\u043e\u043c\u043f\u0430\u043d\u0438\u044f ASRock \u043f\u0440\u0435\u0434\u0441\u0442\u0430\u0432\u0438\u043b\u0430 \u0432\u0435\u0441\u044c\u043c\u0430 \u043d\u0435\u043e\u0431\u044b\u0447\u043d\u0443\u044e \u043c\u0430\u0442\u0435\u0440\u0438\u043d\u0441\u043a\u0443\u044e \u043f\u043b\u0430\u0442\u0443 \u043f\u043e\u0434 \u043d\u0430\u0437\u0432\u0430\u043d\u0438\u0435\u043c A320TM-ITX, \u043a\u043e\u0442\u043e\u0440\u0430\u044f \u0432\u044b\u043f\u043e\u043b\u043d\u0435\u043d\u0430 \u0432 \u043d\u0435 \u0441\u0430\u043c\u043e\u043c \u0440\u0430\u0441\u043f\u0440\u043e\u0441\u0442\u0440\u0430\u043d\u0451\u043d\u043d\u043e\u043c \u0444\u043e\u0440\u043c-\u0444\u0430\u043a\u0442\u043e\u0440\u0435 Thin Mini-ITX.","og:url":"https:\/\/prohoster.info\/de\/blog\/news\/asrock-a320tm-itx-materinskaya-plata-redkogo-form-faktora-thin-mini-itx-dlya-protsessorov-amd","og:image":"https:\/\/prohoster.info\/wp-content\/uploads\/2021\/11\/logo-350.jpg","og:image:secure_url":"https:\/\/prohoster.info\/wp-content\/uploads\/2021\/11\/logo-350.jpg","og:image:width":350,"og:image:height":350,"article:published_time":"2019-10-31T18:47:44+00:00","article:modified_time":"2019-10-31T18:47:44+00:00","article:publisher":"https:\/\/www.facebook.com\/prohoster","article:author":"https:\/\/www.facebook.com\/prohoster"},"aioseo_meta_data":{"post_id":"32570","title":null,"description":null,"keywords":null,"keyphrases":null,"primary_term":null,"canonical_url":null,"og_title":null,"og_description":null,"og_object_type":"default","og_image_type":"default","og_image_url":null,"og_image_width":null,"og_image_height":null,"og_image_custom_url":null,"og_image_custom_fields":null,"og_video":null,"og_custom_url":null,"og_article_section":null,"og_article_tags":null,"twitter_use_og":false,"twitter_card":"default","twitter_image_type":"default","twitter_image_url":null,"twitter_image_custom_url":null,"twitter_image_custom_fields":null,"twitter_title":null,"twitter_description":null,"schema":{"blockGraphs":[],"customGraphs":[],"default":{"data":{"Article":[],"Course":[],"Dataset":[],"FAQPage":[],"Movie":[],"Person":[],"Product":[],"ProductReview":[],"Car":[],"Recipe":[],"Service":[],"SoftwareApplication":[],"WebPage":[]},"graphName":"","isEnabled":true},"graphs":[]},"schema_type":null,"schema_type_options":null,"pillar_content":false,"robots_default":true,"robots_noindex":false,"robots_noarchive":false,"robots_nosnippet":false,"robots_nofollow":false,"robots_noimageindex":false,"robots_noodp":false,"robots_notranslate":false,"robots_max_snippet":null,"robots_max_videopreview":null,"robots_max_imagepreview":"large","priority":null,"frequency":null,"local_seo":null,"seo_analyzer_scan_date":"2026-01-21 11:33:21","breadcrumb_settings":null,"limit_modified_date":false,"reviewed_by":null,"ai":null,"created":"2021-02-28 10:32:09","updated":"2026-01-21 11:33:21","focus_keyword":null,"additional_keywords":null,"truseo_locale":null},"gt_translate_keys":[{"key":"link","format":"url"}],"_links":{"self":[{"href":"https:\/\/prohoster.info\/de\/wp-json\/wp\/v2\/posts\/32570","targetHints":{"allow":["GET"]}}],"collection":[{"href":"https:\/\/prohoster.info\/de\/wp-json\/wp\/v2\/posts"}],"about":[{"href":"https:\/\/prohoster.info\/de\/wp-json\/wp\/v2\/types\/post"}],"author":[{"embeddable":true,"href":"https:\/\/prohoster.info\/de\/wp-json\/wp\/v2\/users\/1"}],"replies":[{"embeddable":true,"href":"https:\/\/prohoster.info\/de\/wp-json\/wp\/v2\/comments?post=32570"}],"version-history":[{"count":0,"href":"https:\/\/prohoster.info\/de\/wp-json\/wp\/v2\/posts\/32570\/revisions"}],"wp:featuredmedia":[{"embeddable":true,"href":"https:\/\/prohoster.info\/de\/wp-json\/wp\/v2\/media\/24366"}],"wp:attachment":[{"href":"https:\/\/prohoster.info\/de\/wp-json\/wp\/v2\/media?parent=32570"}],"wp:term":[{"taxonomy":"category","embeddable":true,"href":"https:\/\/prohoster.info\/de\/wp-json\/wp\/v2\/categories?post=32570"},{"taxonomy":"post_tag","embeddable":true,"href":"https:\/\/prohoster.info\/de\/wp-json\/wp\/v2\/tags?post=32570"}],"curies":[{"name":"wp","href":"https:\/\/api.w.org\/{rel}","templated":true}]}}