{"id":32619,"date":"2019-10-31T21:48:00","date_gmt":"2019-10-31T18:48:00","guid":{"rendered":"https:\/\/prohoster.info\/blog\/seti-kabelnogo-televideniya-dlya-samyh-malenkih-chast-2-sostav-i-forma-signala\/"},"modified":"2019-10-31T21:48:00","modified_gmt":"2019-10-31T18:48:00","slug":"seti-kabelnogo-televideniya-dlya-samyh-malenkih-chast-2-sostav-i-forma-signala","status":"publish","type":"post","link":"https:\/\/prohoster.info\/de\/blog\/news\/seti-kabelnogo-televideniya-dlya-samyh-malenkih-chast-2-sostav-i-forma-signala","title":{"rendered":"Kabel-TV-Netze f\u00fcr die Kleinsten. Teil 2: Inhalt und Form des Signals","gt_translate_keys":[{"key":"rendered","format":"text"}]},"content":{"rendered":"<p><img decoding=\"async\" alt=\"Kabel-TV-Netze f\u00fcr die Kleinsten. Teil 2: Inhalt und Form des Signals\" src=\"\/wp-content\/uploads\/2019\/04\/7b3a15cd9dddaf07211c89457054d0cd.jpeg\" style=\"display:block;margin: 0 auto;\" \/><br \/>\n<br \/>\nDas \u00fcber das Kabel-TV-Netz \u00fcbertragene Signal ist ein Breitband-, frequenciespektral geteiltes Spektrum. Die Signaleigenschaften, einschlie\u00dflich der Frequenzen und Kanalnummern in Russland, werden durch GOST 7845-92 und GOST R 52023-2003 geregelt, doch der Inhalt jedes Kanals kann vom Anbieter nach eigenem Ermessen ausgew\u00e4hlt werden.<br \/>\n<noindex><a rel=\"nofollow\" name=\"habracut\"><\/a><\/noindex><br \/>\n<b class=\"spoiler_title\">Inhalt der Artikelreihe<\/b><\/p>\n<ul>\n<li><noindex><a rel=\"nofollow\" href=\"https:\/\/habr.com\/ru\/post\/449322\/\">Teil 1: Allgemeine Architektur des KTV-Netzes<\/a><\/noindex><\/li>\n<li>Teil 2: Zusammensetzung und Form des Signals<\/li>\n<li>Teil 3: Analoge Signalbestandteile<\/li>\n<li>Teil 4: Digitale Signalbestandteile<\/li>\n<li>Teil 5: Koaxiales Verteilernetz<\/li>\n<li>Teil 6: RF-Signalverst\u00e4rker<\/li>\n<li>Teil 7: Optische Empf\u00e4nger<\/li>\n<li>Teil 8: Optisches Hauptnetz<\/li>\n<li>Teil 9: Kopfstation<\/li>\n<li>Teil 10: Fehlersuche und -behebung im KTV-Netz<\/li>\n<\/ul>\n<p>Ich erinnere daran, dass ich kein Lehrbuch schreibe, sondern einen Bildungsbeitrag zur Erweiterung des Horizonts und zum Einstieg in die Welt des Kabel-TV. Deshalb bem\u00fche ich mich, in einfacher Sprache zu schreiben, w\u00e4hrend ich Schl\u00fcsselbegriffe f\u00fcr Interessierte beibehalte und nicht in Technologien vertiefe, die ohne mich bereits hunderte Male beschrieben sind.<\/p>\n<h1>Womit messen wir<\/h1>\n<p>\nUm Informationen \u00fcber das Signal im Koaxialkabel zu erhalten, verwendet unser technisches Personal haupts\u00e4chlich das Ger\u00e4t Deviser DS2400T.<br \/>\n<img decoding=\"async\" alt=\"Kabel-TV-Netze f\u00fcr die Kleinsten. Teil 2: Inhalt und Form des Signals\" src=\"\/wp-content\/uploads\/2019\/04\/16736bb28accd24fa63aba18629d83eb.jpeg\" style=\"display:block;margin: 0 auto;\" \/><br \/>\n<br \/>\nEs handelt sich im Grunde um einen TV-Empf\u00e4nger, aber anstelle von Bild und Ton sehen wir quantitative und qualitative Merkmale des gesamten Spektrums sowie einzelner Kan\u00e4le. Die im Folgenden gezeigten Illustrationen sind Screenshots von diesem Ger\u00e4t.<\/p>\n<p>Ein solches Deviser-Ger\u00e4t hat sogar einen etwas \u00fcberfl\u00fcssigen Funktionsumfang, aber es gibt auch leistungsst\u00e4rkere Ger\u00e4te: mit einem Bildschirm, der direkt das TV-Bild anzeigt, mit Empfang von optischen Signalen und einem, was dem Deviser fehlt, dem Empfang von Satellitensignalen DVB-S (aber das ist eine ganz andere Geschichte).<\/p>\n<h1>Spektrum des Signals<\/h1>\n<p>\nDer Spectrum-Anzeigemodus erm\u00f6glicht eine schnelle Einsch\u00e4tzung des Signalzustands \u201eauf den ersten Blick\u201c<\/p>\n<p><img decoding=\"async\" alt=\"Kabel-TV-Netze f\u00fcr die Kleinsten. Teil 2: Inhalt und Form des Signals\" src=\"\/wp-content\/uploads\/2019\/04\/2b012db5798f40c20514290ed44d89e4.jpeg\" style=\"display:block;margin: 0 auto;\" \/><br \/>\n<br \/>\nIn diesem Modus scannt das Ger\u00e4t die Kan\u00e4le gem\u00e4\u00df dem festgelegten Frequenzplan. Zur \u00dcbersichtlichkeit wurden nicht genutzte Frequenzen aus unserem Netzwerk aus dem vollst\u00e4ndigen Spektrum entfernt, sodass das resultierende Bild eine Kanalkette darstellt.<\/p>\n<p><img decoding=\"async\" alt=\"Kabel-TV-Netze f\u00fcr die Kleinsten. Teil 2: Inhalt und Form des Signals\" src=\"\/wp-content\/uploads\/2019\/04\/f6817317f6d0918c03eedd7f5684023e.jpeg\" style=\"display:block;margin: 0 auto;\" \/><br \/>\n<br \/>\nDie digitalen Kan\u00e4le sind blau markiert, die analogen in Gelb. Der gr\u00fcne Teil des analogen Kanals ist dessen Audiosignal.<\/p>\n<p>Der Unterschied in den Pegeln der verschiedenen Kan\u00e4le ist deutlich sichtbar: Die individuelle Ungleichm\u00e4\u00dfigkeit h\u00e4ngt von den Transponder-Einstellungen an der Station ab, w\u00e4hrend der allgemeine Unterschied zwischen hohen und niedrigen Frequenzen eine bestimmte Bedeutung hat, \u00fcber die ich weiter unten berichten werde.<\/p>\n<p>In diesem Modus sind starke Abweichungen von der Norm gut sichtbar, und wenn es ernsthafte Probleme im Netzwerk gibt, wird dies sofort erkennbar. Zum Beispiel ist auf dem dargestellten Bild der Ausfall von zwei digitalen Kan\u00e4len im Hochfrequenzbereich sichtbar: Sie sind nur in Form von kurzen Streifen vorhanden, die kaum den Pegel von 10 dB\u00b5V erreichen (oben ist der Referenzpegel von 80 dB\u00b5V angegeben \u2014 dies ist die obere Grenze des Diagramms), was im Grunde genommen Rauschen ist, das das Kabel wie eine Antenne empf\u00e4ngt oder das von aktiven Ger\u00e4ten eingef\u00fchrt wird. Diese beiden Kan\u00e4le sind Testkan\u00e4le und wurden zum Zeitpunkt des Schreibens des Artikels abgeschaltet.<\/p>\n<p>Verwirrung kann durch die ungleichm\u00e4\u00dfige Anordnung der digitalen und analogen Kan\u00e4le entstehen. Dies ist nat\u00fcrlich nicht korrekt und geschah aufgrund der evolution\u00e4ren Entwicklung des Netzwerks: Zus\u00e4tzliche Kan\u00e4le wurden einfach in den freien Teilen des Frequenzspektrums hinzugef\u00fcgt. Wenn man einen Frequenzplan von Grund auf neu erstellen w\u00fcrde, w\u00e4re es richtig, alle analogen Kan\u00e4le im unteren Teil des Spektrums anzuordnen. Dar\u00fcber hinaus gibt es f\u00fcr das Stationierungsger\u00e4t, das zur Signalformung f\u00fcr europ\u00e4ische L\u00e4nder bestimmt ist, Einschr\u00e4nkungen bei der Verwendung von Frequenzen zur \u00dcbertragung digitaler Signale, und obwohl es in unserem Land keine solchen Einschr\u00e4nkungen gibt, muss man beim Einsatz solcher Ger\u00e4te digitale Kan\u00e4le im Spektrum entgegen der Logik anordnen.<\/p>\n<h1>Signalform<\/h1>\n<p>\nWie aus der grundlegenden Physik bekannt ist, nimmt die D\u00e4mpfung einer Welle mit steigender Frequenz zu. Bei der \u00dcbertragung eines so breitbandigen Signals wie dem im KTV-Netz kann die D\u00e4mpfung im Verteilnetz mehrere Dezibel pro Abschnitt erreichen, w\u00e4hrend sie im unteren Frequenzbereich um ein Vielfaches geringer ist. Daher sehen wir, nachdem wir ein gleichm\u00e4\u00dfiges Signal vom Keller in den Steigleiter geschickt haben, im 25. Stock ungef\u00e4hr Folgendes:<\/p>\n<p><img decoding=\"async\" alt=\"Kabel-TV-Netze f\u00fcr die Kleinsten. Teil 2: Inhalt und Form des Signals\" src=\"\/wp-content\/uploads\/2019\/04\/df8b02e3904023bb254de8f1dd9d7d3c.jpeg\" style=\"display:block;margin: 0 auto;\" \/><br \/>\n<br \/>\nDer Pegel der oberen Frequenzen ist deutlich geringer als der der unteren. In der Realit\u00e4t k\u00f6nnte der Fernseher, ohne es zu bemerken, schw\u00e4chere Kan\u00e4le einfach als Rauschen werten und herausfiltern. Und wenn in der Wohnung ein Verst\u00e4rker installiert ist, kann es beim Versuch, ihn f\u00fcr einen qualitativ hochwertigen Empfang der Kan\u00e4le im oberen Bereich des Frequenzspektrums einzustellen, zu einer \u00dcberverst\u00e4rkung im unteren Bereich kommen. Die Standards regeln einen Unterschied von nicht mehr als 15 dB\u00b5V \u00fcber das gesamte Spektrum.<\/p>\n<p>Um dies zu vermeiden, wird bei der Einrichtung aktiver Ger\u00e4te zun\u00e4chst ein h\u00f6heres Niveau im Hochfrequenzbereich eingeplant. Dies wird als \u201egerade Steigung\u201c oder einfach \u201eSteigung\u201c bezeichnet. Das, was auf dem Bild dargestellt ist, wird als \u201enegative Steigung\u201c bezeichnet, und dieses Bild ist bereits ein Notfall. Oder mindestens ein Hinweis darauf, dass mit dem Kabel bis zur Messstelle etwas nicht stimmt. <\/p>\n<p>Es gibt auch die umgekehrte Situation, in der niedrige Frequenzen praktisch fehlen, w\u00e4hrend die hohen gerade \u00fcber das Ger\u00e4uschlevel hinausdringen:<\/p>\n<p><img decoding=\"async\" alt=\"Kabel-TV-Netze f\u00fcr die Kleinsten. Teil 2: Inhalt und Form des Signals\" src=\"\/wp-content\/uploads\/2019\/04\/a69fd310c5115b09f4cdf6d209e04fef.jpeg\" style=\"display:block;margin: 0 auto;\" \/><br \/>\n<br \/>\nDies weist ebenfalls auf eine Besch\u00e4digung des Kabels hin, insbesondere des zentralen Leiters: Je h\u00f6her die Frequenz, desto n\u00e4her an der Kante des Wellenleiters breitet sie sich aus (Skin-Effekt in coaxialen Kabeln). Daher sehen wir nur die Kan\u00e4le, die in den oberen Frequenzen propagieren, aber normalerweise kann das Fernseher sie mit einem solchen Niveau nicht empfangen.<br \/>\n<br \/>Quelle: <a content=\"nofollow\" rel=\"nofollow\" href=\"https:\/\/habr.com\/ru\/post\/449902\/\">habr.com<\/a><\/p>","protected":false,"gt_translate_keys":[{"key":"rendered","format":"html"}]},"excerpt":{"rendered":"<p>\u0421\u0438\u0433\u043d\u0430\u043b, \u043f\u0435\u0440\u0435\u0434\u0430\u0432\u0430\u0435\u043c\u044b\u0439 \u043f\u043e \u0441\u0435\u0442\u0438 \u043a\u0430\u0431\u0435\u043b\u044c\u043d\u043e\u0433\u043e \u0442\u0435\u043b\u0435\u0432\u0438\u0434\u0435\u043d\u0438\u044f \u043f\u0440\u0435\u0434\u0441\u0442\u0430\u0432\u043b\u044f\u0435\u0442 \u0438\u0437 \u0441\u0435\u0431\u044f \u0448\u0438\u0440\u043e\u043a\u043e\u043f\u043e\u043b\u043e\u0441\u043d\u044b\u0439, \u0447\u0430\u0441\u0442\u043e\u0442\u043d\u043e \u0440\u0430\u0437\u0434\u0435\u043b\u0451\u043d\u043d\u044b\u0439 \u0441\u043f\u0435\u043a\u0442\u0440. \u041f\u0430\u0440\u0430\u043c\u0435\u0442\u0440\u044b \u0441\u0438\u0433\u043d\u0430\u043b\u0430, \u0432 \u0442\u043e\u043c \u0447\u0438\u0441\u043b\u0435 \u0447\u0430\u0441\u0442\u043e\u0442\u044b \u0438 \u043d\u043e\u043c\u0435\u0440\u0430 \u043a\u0430\u043d\u0430\u043b\u043e\u0432 \u0432 \u0420\u043e\u0441\u0441\u0438\u0438 \u0440\u0435\u0433\u043b\u0430\u043c\u0435\u043d\u0442\u0438\u0440\u0443\u044e\u0442\u0441\u044f \u0413\u041e\u0421\u0422 7845-92 \u0438 \u0413\u041e\u0421\u0422 \u0420 52023-2003, \u043d\u043e \u043d\u0430\u043f\u043e\u043b\u043d\u0435\u043d\u0438\u0435 \u043a\u0430\u0436\u0434\u043e\u0433\u043e \u0438\u0437 \u043a\u0430\u043d\u0430\u043b\u043e\u0432 \u043e\u043f\u0435\u0440\u0430\u0442\u043e\u0440 \u0432\u043e\u043b\u0435\u043d \u0432\u044b\u0431\u0438\u0440\u0430\u0442\u044c \u043d\u0430 \u0441\u0432\u043e\u0451 \u0443\u0441\u043c\u043e\u0442\u0440\u0435\u043d\u0438\u0435. \u0421\u043e\u0434\u0435\u0440\u0436\u0430\u043d\u0438\u0435 \u0441\u0435\u0440\u0438\u0438 \u0441\u0442\u0430\u0442\u0435\u0439 \u0427\u0430\u0441\u0442\u044c 1: \u041e\u0431\u0449\u0430\u044f \u0430\u0440\u0445\u0438\u0442\u0435\u043a\u0442\u0443\u0440\u0430 \u0441\u0435\u0442\u0438 \u041a\u0422\u0412 \u0427\u0430\u0441\u0442\u044c 2: \u0421\u043e\u0441\u0442\u0430\u0432 \u0438 [&hellip;]<\/p>\n","protected":false,"gt_translate_keys":[{"key":"rendered","format":"html"}]},"author":1,"featured_media":24410,"comment_status":"open","ping_status":"open","sticky":false,"template":"","format":"standard","meta":{"footnotes":""},"categories":[702],"tags":[],"class_list":["post-32619","post","type-post","status-publish","format-standard","has-post-thumbnail","hentry","category-news"],"aioseo_notices":[],"aioseo_head":"\n\t\t<!-- All in One SEO 5.0.1.1 - aioseo.com -->\n\t<meta name=\"robots\" content=\"max-image-preview:large\" \/>\n\t<meta name=\"author\" content=\"Yuri Gagarin\"\/>\n\t<link rel=\"canonical\" href=\"https:\/\/prohoster.info\/de\/blog\/news\/seti-kabelnogo-televideniya-dlya-samyh-malenkih-chast-2-sostav-i-forma-signala\" \/>\n\t<meta name=\"generator\" content=\"All in One SEO (AIOSEO) 5.0.1.1\" \/>\n\t\t<meta property=\"og:locale\" content=\"de_DE\" \/>\n\t\t<meta property=\"og:site_name\" content=\"ProHoster | \u041a\u0443\u043f\u0438\u0442\u044c \u043d\u0430\u0434\u0435\u0436\u043d\u044b\u0439 \u0445\u043e\u0441\u0442\u0438\u043d\u0433 \u0434\u043b\u044f \u0441\u0430\u0439\u0442\u043e\u0432 \u0441 \u0437\u0430\u0449\u0438\u0442\u043e\u0439 \u043e\u0442 DDoS, VPS VDS \u0441\u0435\u0440\u0432\u0435\u0440\u044b\" \/>\n\t\t<meta property=\"og:type\" content=\"article\" \/>\n\t\t<meta property=\"og:title\" content=\"\ud83e\udd47\u0421\u0435\u0442\u0438 \u043a\u0430\u0431\u0435\u043b\u044c\u043d\u043e\u0433\u043e \u0442\u0435\u043b\u0435\u0432\u0438\u0434\u0435\u043d\u0438\u044f \u0434\u043b\u044f \u0441\u0430\u043c\u044b\u0445 \u043c\u0430\u043b\u0435\u043d\u044c\u043a\u0438\u0445. \u0427\u0430\u0441\u0442\u044c 2: \u0421\u043e\u0441\u0442\u0430\u0432 \u0438 \u0444\u043e\u0440\u043c\u0430 \u0441\u0438\u0433\u043d\u0430\u043b\u0430 | ProHoster\" \/>\n\t\t<meta property=\"og:url\" content=\"https:\/\/prohoster.info\/de\/blog\/news\/seti-kabelnogo-televideniya-dlya-samyh-malenkih-chast-2-sostav-i-forma-signala\" \/>\n\t\t<meta property=\"og:image\" content=\"https:\/\/prohoster.info\/wp-content\/uploads\/2021\/11\/logo-350.jpg\" \/>\n\t\t<meta property=\"og:image:secure_url\" content=\"https:\/\/prohoster.info\/wp-content\/uploads\/2021\/11\/logo-350.jpg\" \/>\n\t\t<meta property=\"og:image:width\" content=\"350\" \/>\n\t\t<meta property=\"og:image:height\" content=\"350\" \/>\n\t\t<meta property=\"article:published_time\" content=\"2019-10-31T18:48:00+00:00\" \/>\n\t\t<meta property=\"article:modified_time\" content=\"2019-10-31T18:48:00+00:00\" \/>\n\t\t<meta property=\"article:publisher\" content=\"https:\/\/www.facebook.com\/prohoster\" \/>\n\t\t<meta property=\"article:author\" content=\"https:\/\/www.facebook.com\/prohoster\" \/>\n\t\t<!-- All in One SEO -->\n\n","aioseo_head_json":{"title":"\ud83e\udd47Kabel-TV-Netzwerke f\u00fcr die Kleinsten. Teil 2: Zusammensetzung und Form des Signals | ProHoster","description":"","canonical_url":"https:\/\/prohoster.info\/de\/blog\/news\/seti-kabelnogo-televideniya-dlya-samyh-malenkih-chast-2-sostav-i-forma-signala","robots":"max-image-preview:large","keywords":"","webmasterTools":{"miscellaneous":""},"schema":null,"og:locale":"de_DE","og:site_name":"ProHoster | \u041a\u0443\u043f\u0438\u0442\u044c \u043d\u0430\u0434\u0435\u0436\u043d\u044b\u0439 \u0445\u043e\u0441\u0442\u0438\u043d\u0433 \u0434\u043b\u044f \u0441\u0430\u0439\u0442\u043e\u0432 \u0441 \u0437\u0430\u0449\u0438\u0442\u043e\u0439 \u043e\u0442 DDoS, VPS VDS \u0441\u0435\u0440\u0432\u0435\u0440\u044b","og:type":"article","og:title":"\ud83e\udd47\u0421\u0435\u0442\u0438 \u043a\u0430\u0431\u0435\u043b\u044c\u043d\u043e\u0433\u043e \u0442\u0435\u043b\u0435\u0432\u0438\u0434\u0435\u043d\u0438\u044f \u0434\u043b\u044f \u0441\u0430\u043c\u044b\u0445 \u043c\u0430\u043b\u0435\u043d\u044c\u043a\u0438\u0445. \u0427\u0430\u0441\u0442\u044c 2: \u0421\u043e\u0441\u0442\u0430\u0432 \u0438 \u0444\u043e\u0440\u043c\u0430 \u0441\u0438\u0433\u043d\u0430\u043b\u0430 | ProHoster","og:url":"https:\/\/prohoster.info\/de\/blog\/news\/seti-kabelnogo-televideniya-dlya-samyh-malenkih-chast-2-sostav-i-forma-signala","og:image":"https:\/\/prohoster.info\/wp-content\/uploads\/2021\/11\/logo-350.jpg","og:image:secure_url":"https:\/\/prohoster.info\/wp-content\/uploads\/2021\/11\/logo-350.jpg","og:image:width":350,"og:image:height":350,"article:published_time":"2019-10-31T18:48:00+00:00","article:modified_time":"2019-10-31T18:48:00+00:00","article:publisher":"https:\/\/www.facebook.com\/prohoster","article:author":"https:\/\/www.facebook.com\/prohoster"},"aioseo_meta_data":{"post_id":"32619","title":null,"description":null,"keywords":null,"keyphrases":null,"primary_term":null,"canonical_url":null,"og_title":null,"og_description":null,"og_object_type":"default","og_image_type":"default","og_image_url":null,"og_image_width":null,"og_image_height":null,"og_image_custom_url":null,"og_image_custom_fields":null,"og_video":null,"og_custom_url":null,"og_article_section":null,"og_article_tags":null,"twitter_use_og":false,"twitter_card":"default","twitter_image_type":"default","twitter_image_url":null,"twitter_image_custom_url":null,"twitter_image_custom_fields":null,"twitter_title":null,"twitter_description":null,"schema":{"blockGraphs":[],"customGraphs":[],"default":{"data":{"Article":[],"Course":[],"Dataset":[],"FAQPage":[],"Movie":[],"Person":[],"Product":[],"ProductReview":[],"Car":[],"Recipe":[],"Service":[],"SoftwareApplication":[],"WebPage":[]},"graphName":"","isEnabled":true},"graphs":[]},"schema_type":null,"schema_type_options":null,"pillar_content":false,"robots_default":true,"robots_noindex":false,"robots_noarchive":false,"robots_nosnippet":false,"robots_nofollow":false,"robots_noimageindex":false,"robots_noodp":false,"robots_notranslate":false,"robots_max_snippet":null,"robots_max_videopreview":null,"robots_max_imagepreview":"large","priority":null,"frequency":null,"local_seo":null,"seo_analyzer_scan_date":"2026-01-21 11:48:20","breadcrumb_settings":null,"limit_modified_date":false,"reviewed_by":null,"ai":null,"created":"2021-03-01 02:55:24","updated":"2026-01-21 11:48:20","focus_keyword":null,"additional_keywords":null,"truseo_locale":null},"gt_translate_keys":[{"key":"link","format":"url"}],"_links":{"self":[{"href":"https:\/\/prohoster.info\/de\/wp-json\/wp\/v2\/posts\/32619","targetHints":{"allow":["GET"]}}],"collection":[{"href":"https:\/\/prohoster.info\/de\/wp-json\/wp\/v2\/posts"}],"about":[{"href":"https:\/\/prohoster.info\/de\/wp-json\/wp\/v2\/types\/post"}],"author":[{"embeddable":true,"href":"https:\/\/prohoster.info\/de\/wp-json\/wp\/v2\/users\/1"}],"replies":[{"embeddable":true,"href":"https:\/\/prohoster.info\/de\/wp-json\/wp\/v2\/comments?post=32619"}],"version-history":[{"count":0,"href":"https:\/\/prohoster.info\/de\/wp-json\/wp\/v2\/posts\/32619\/revisions"}],"wp:featuredmedia":[{"embeddable":true,"href":"https:\/\/prohoster.info\/de\/wp-json\/wp\/v2\/media\/24410"}],"wp:attachment":[{"href":"https:\/\/prohoster.info\/de\/wp-json\/wp\/v2\/media?parent=32619"}],"wp:term":[{"taxonomy":"category","embeddable":true,"href":"https:\/\/prohoster.info\/de\/wp-json\/wp\/v2\/categories?post=32619"},{"taxonomy":"post_tag","embeddable":true,"href":"https:\/\/prohoster.info\/de\/wp-json\/wp\/v2\/tags?post=32619"}],"curies":[{"name":"wp","href":"https:\/\/api.w.org\/{rel}","templated":true}]}}