{"id":32671,"date":"2019-10-31T21:48:20","date_gmt":"2019-10-31T18:48:20","guid":{"rendered":"https:\/\/prohoster.info\/blog\/otstavit-paniku-nastolnye-protsessory-intel-c-desyatyu-yadrami-vyjdut-v-nachale-sleduyushhego-goda\/"},"modified":"2019-10-31T21:48:20","modified_gmt":"2019-10-31T18:48:20","slug":"otstavit-paniku-nastolnye-protsessory-intel-c-desyatyu-yadrami-vyjdut-v-nachale-sleduyushhego-goda","status":"publish","type":"post","link":"https:\/\/prohoster.info\/de\/blog\/news\/otstavit-paniku-nastolnye-protsessory-intel-c-desyatyu-yadrami-vyjdut-v-nachale-sleduyushhego-goda","title":{"rendered":"Keine Panik: Die Desktop-Prozessoren von Intel mit zehn Kernen werden Anfang n\u00e4chsten Jahres auf den Markt kommen.","gt_translate_keys":[{"key":"rendered","format":"text"}]},"content":{"rendered":"<p>Die Pr\u00e4sentation von Dell, die von der bekannten niederl\u00e4ndischen Seite <noindex><\/a>geleitet wurde<\/a><\/noindex> bei der Beschreibung der kurz bevorstehenden Pl\u00e4ne von Intel zur Ank\u00fcndigung neuer Prozessoren zun\u00e4chst auf den Bereich der mobilen und kommerziellen Produkte fokussierte. Wie zu Recht <noindex><\/a>angemerkt wurde<\/a><\/noindex> von unabh\u00e4ngigen Experten k\u00f6nnte der Zeitplan f\u00fcr die Markteinf\u00fchrung neuer Produkte von Intel im Verbrauchermarkt abweichen, und gestern fand diese These ihre Best\u00e4tigung in einer neuen Ver\u00f6ffentlichung auf den Seiten der Website <noindex><\/a>Tweakers.net<\/a><\/noindex>.<\/p>\n<p><img decoding=\"async\" alt=\"Keine Panik: Die Desktop-Prozessoren von Intel mit zehn Kernen werden Anfang n\u00e4chsten Jahres auf den Markt kommen.\" src=\"\/wp-content\/uploads\/2019\/04\/e18110df2a8eb80841ef3a0dffe4df02.png\" style=\"display:block;margin: 0 auto;\" \/><\/p>\n<p><center><\/center><\/p>\n<p>Die \u00dcberschrift der Folie beschreibt \u00e4u\u00dferst pr\u00e4zise das Zielmarktsegment: \u201eDesktop und Client\u201c. Das l\u00e4sst keinen Zweifel daran, dass die Pr\u00e4sentation die Pl\u00e4ne von Intel bez\u00fcglich der Einf\u00fchrung von Desktop-Prozessoren f\u00fcr die Verbraucher beschreibt, die bereit sind, Produkte der Marke \u201elose\u201c f\u00fcr den Selbstbau von Computern zu erwerben. Allerdings gibt es auf der Folie auch eine wichtige Erl\u00e4uterung zur Trennung der Zielsegmente, aber dar\u00fcber werden wir sp\u00e4ter sprechen.<\/p>\n<p>Wir sehen also, dass das offizielle Deb\u00fct der 14-nm Comet Lake Prozessoren in der Desktop-Version f\u00fcr das vierte Quartal dieses Jahres geplant ist. Die Zusammenfassung besagt, dass sie im Verbrauchermarkt ab dem ersten Quartal 2020 verf\u00fcgbar sein werden, und im Unternehmensbereich - im zweiten Quartal desselben Jahres. Es scheint, als w\u00fcrde man nicht um eine kurze Wartezeit herumkommen.<\/p>\n<p>Es wird auch best\u00e4tigt, dass diese Prozessoren \u00fcber zehn Kerne verf\u00fcgen, ein Fakt, der schon lange im Kontext von Ger\u00fcchten diskutiert wird. Der TDP-Level \u00fcberschreitet dabei nicht 95 W. Eine \u00c4nderung der Produktionstechnologie wird es nicht geben, sodass die Behauptung \u00fcber das Fehlen von 10-nm Prozessoren im Produktionsprogramm von Intel f\u00fcr das Desktop-Segment bis \u201eEnde 2020\u201c zutreffend ist. Obwohl, nat\u00fcrlich, k\u00f6nnen sich die Pl\u00e4ne von Intel bis zu diesem Zeitpunkt unter g\u00fcnstigen Umst\u00e4nden \u00e4ndern.<\/p>\n<p>Ein weiterer wichtiger Punkt, der auf der Folie erw\u00e4hnt wird, sind die Ank\u00fcndigungsfristen f\u00fcr die Cascade Lake-X Prozessoren. Ger\u00fcchte deuteten bereits zuvor auf die M\u00f6glichkeit ihrer Einf\u00fchrung im dritten Quartal dieses Jahres hin, und jetzt kann man dar\u00fcber mit gr\u00f6\u00dferer Zuversicht sprechen. Die Plattform Glacier Falls wird 14-nm Prozessoren mit bis zu 18 Kernen beherbergen. Das bedeutet, dass die Nachfolger von Skylake-X in dieser Hinsicht die Messlatte nicht h\u00f6her legen werden. Anhand der Erw\u00e4hnung des Intel X299 Chipsatzes wird die Kompatibilit\u00e4t mit dem alten Chipsatz beibehalten. Man m\u00f6chte hoffen, dass dies auch f\u00fcr die alten Motherboards gilt. Jedenfalls wird der TDP-Level 150 W nicht \u00fcberschreiten.<\/p>\n<p><img decoding=\"async\" alt=\"Keine Panik: Die Desktop-Prozessoren von Intel mit zehn Kernen werden Anfang n\u00e4chsten Jahres auf den Markt kommen.\" src=\"\/wp-content\/uploads\/2019\/04\/a1cf93abaad50ca8526d5db7f5b160a4.png\" style=\"display:block;margin: 0 auto;\" \/><\/p>\n<p>Wie unterscheiden sich die Cascade Lake-X-Prozessoren von ihren Vorg\u00e4ngern? Anhand von sporadischen Erw\u00e4hnungen in \u00f6ffentlichen <noindex><\/a>Quellen<\/a><\/noindex> Wir k\u00f6nnen davon ausgehen, dass das Cache-Volumen der dritten Ebene gleich bleibt, w\u00e4hrend die Taktraten steigen k\u00f6nnten. Intel hat mehrfach stolz erkl\u00e4rt, dass man den 14-nm Fertigungsprozess optimieren kann, um Bedingungen zu schaffen, die die Verbrauchereigenschaften der Prozessoren verbessern. Offenbar wird ein weiterer \u201ePluspunkt\u201c in der Beschreibung der 14-nm Fertigungsgeneration in diesem Fall als Verbesserung des Frequenzpotenzials zum Ausdruck kommen.<\/p>\n<p><center><\/p>\n<p><\/center><\/p>\n<p>\t\t\t\t<center><br \/>\n\t\t\t\t\t\t\t\t<\/center><br \/>Quelle: <a content=\"nofollow\" rel=\"nofollow\" href=\"https:\/\/3dnews.ru\/986600\">3dnews.ru<\/a><\/p>","protected":false,"gt_translate_keys":[{"key":"rendered","format":"html"}]},"excerpt":{"rendered":"<p>\u041f\u0440\u0435\u0437\u0435\u043d\u0442\u0430\u0446\u0438\u044f Dell, \u043a\u043e\u0442\u043e\u0440\u043e\u0439 \u0438\u0437\u0432\u0435\u0441\u0442\u043d\u044b\u0439 \u0433\u043e\u043b\u043b\u0430\u043d\u0434\u0441\u043a\u0438\u0439 \u0441\u0430\u0439\u0442 \u0440\u0443\u043a\u043e\u0432\u043e\u0434\u0441\u0442\u0432\u043e\u0432\u0430\u043b\u0441\u044f \u043f\u0440\u0438 \u043e\u043f\u0438\u0441\u0430\u043d\u0438\u0438 \u0431\u043b\u0438\u0436\u0430\u0439\u0448\u0438\u0445 \u043f\u043b\u0430\u043d\u043e\u0432 Intel \u043f\u043e \u0430\u043d\u043e\u043d\u0441\u0443 \u043d\u043e\u0432\u044b\u0445 \u043f\u0440\u043e\u0446\u0435\u0441\u0441\u043e\u0440\u043e\u0432, \u043f\u0435\u0440\u0432\u043e\u043d\u0430\u0447\u0430\u043b\u044c\u043d\u043e \u043a\u043e\u043d\u0446\u0435\u043d\u0442\u0440\u0438\u0440\u043e\u0432\u0430\u043b\u0430 \u0432\u043d\u0438\u043c\u0430\u043d\u0438\u0435 \u043d\u0430 \u0441\u0435\u0433\u043c\u0435\u043d\u0442\u0435 \u043c\u043e\u0431\u0438\u043b\u044c\u043d\u044b\u0445 \u0438 \u043a\u043e\u043c\u043c\u0435\u0440\u0447\u0435\u0441\u043a\u0438\u0445 \u043f\u0440\u043e\u0434\u0443\u043a\u0442\u043e\u0432. \u041a\u0430\u043a \u0441\u043f\u0440\u0430\u0432\u0435\u0434\u043b\u0438\u0432\u043e \u043e\u0442\u043c\u0435\u0442\u0438\u043b\u0438 \u043d\u0435\u0437\u0430\u0432\u0438\u0441\u0438\u043c\u044b\u0435 \u044d\u043a\u0441\u043f\u0435\u0440\u0442\u044b, \u0432 \u043f\u043e\u0442\u0440\u0435\u0431\u0438\u0442\u0435\u043b\u044c\u0441\u043a\u043e\u043c \u0441\u0435\u0433\u043c\u0435\u043d\u0442\u0435 \u0433\u0440\u0430\u0444\u0438\u043a \u0432\u044b\u0445\u043e\u0434\u0430 \u043d\u043e\u0432\u044b\u0445 \u043f\u0440\u043e\u0434\u0443\u043a\u0442\u043e\u0432 Intel \u043c\u043e\u0433 \u043e\u0442\u043b\u0438\u0447\u0430\u0442\u044c\u0441\u044f, \u0438 \u0432\u0447\u0435\u0440\u0430 \u044d\u0442\u043e\u0442 \u0442\u0435\u0437\u0438\u0441 \u043d\u0430\u0448\u0451\u043b \u043f\u043e\u0434\u0442\u0432\u0435\u0440\u0436\u0434\u0435\u043d\u0438\u0435 \u0432 \u043d\u043e\u0432\u043e\u0439 \u043f\u0443\u0431\u043b\u0438\u043a\u0430\u0446\u0438\u0438 \u043d\u0430 \u0441\u0442\u0440\u0430\u043d\u0438\u0446\u0430\u0445 \u0441\u0430\u0439\u0442\u0430 Tweakers.net. \u0417\u0430\u0433\u043e\u043b\u043e\u0432\u043e\u043a \u0441\u043b\u0430\u0439\u0434\u0430 [&hellip;]<\/p>\n","protected":false,"gt_translate_keys":[{"key":"rendered","format":"html"}]},"author":1,"featured_media":24459,"comment_status":"open","ping_status":"open","sticky":false,"template":"","format":"standard","meta":{"footnotes":""},"categories":[702],"tags":[],"class_list":["post-32671","post","type-post","status-publish","format-standard","has-post-thumbnail","hentry","category-news"],"aioseo_notices":[],"aioseo_head":"\n\t\t<!-- All in One SEO 5.0.1.1 - aioseo.com -->\n\t<meta name=\"description\" content=\"\u041f\u0440\u0435\u0437\u0435\u043d\u0442\u0430\u0446\u0438\u044f Dell, \u043a\u043e\u0442\u043e\u0440\u043e\u0439 \u0438\u0437\u0432\u0435\u0441\u0442\u043d\u044b\u0439 \u0433\u043e\u043b\u043b\u0430\u043d\u0434\u0441\u043a\u0438\u0439 \u0441\u0430\u0439\u0442 \u0440\u0443\u043a\u043e\u0432\u043e\u0434\u0441\u0442\u0432\u043e\u0432\u0430\u043b\u0441\u044f \u043f\u0440\u0438 \u043e\u043f\u0438\u0441\u0430\u043d\u0438\u0438 \u0431\u043b\u0438\u0436\u0430\u0439\u0448\u0438\u0445 \u043f\u043b\u0430\u043d\u043e\u0432 Intel \u043f\u043e \u0430\u043d\u043e\u043d\u0441\u0443 \u043d\u043e\u0432\u044b\u0445 \u043f\u0440\u043e\u0446\u0435\u0441\u0441\u043e\u0440\u043e\u0432.\" \/>\n\t<meta name=\"robots\" content=\"max-image-preview:large\" \/>\n\t<meta name=\"author\" content=\"Yuri Gagarin\"\/>\n\t<link rel=\"canonical\" href=\"https:\/\/prohoster.info\/de\/blog\/news\/otstavit-paniku-nastolnye-protsessory-intel-c-desyatyu-yadrami-vyjdut-v-nachale-sleduyushhego-goda\" \/>\n\t<meta name=\"generator\" content=\"All in One SEO (AIOSEO) 5.0.1.1\" \/>\n\t\t<meta property=\"og:locale\" content=\"de_DE\" \/>\n\t\t<meta property=\"og:site_name\" content=\"ProHoster | \u041a\u0443\u043f\u0438\u0442\u044c \u043d\u0430\u0434\u0435\u0436\u043d\u044b\u0439 \u0445\u043e\u0441\u0442\u0438\u043d\u0433 \u0434\u043b\u044f \u0441\u0430\u0439\u0442\u043e\u0432 \u0441 \u0437\u0430\u0449\u0438\u0442\u043e\u0439 \u043e\u0442 DDoS, VPS VDS \u0441\u0435\u0440\u0432\u0435\u0440\u044b\" \/>\n\t\t<meta property=\"og:type\" content=\"article\" \/>\n\t\t<meta property=\"og:title\" content=\"\ud83e\udd47\u041e\u0442\u0441\u0442\u0430\u0432\u0438\u0442\u044c \u043f\u0430\u043d\u0438\u043a\u0443: \u043d\u0430\u0441\u0442\u043e\u043b\u044c\u043d\u044b\u0435 \u043f\u0440\u043e\u0446\u0435\u0441\u0441\u043e\u0440\u044b Intel c \u0434\u0435\u0441\u044f\u0442\u044c\u044e \u044f\u0434\u0440\u0430\u043c\u0438 \u0432\u044b\u0439\u0434\u0443\u0442 \u0432 \u043d\u0430\u0447\u0430\u043b\u0435 \u0441\u043b\u0435\u0434\u0443\u044e\u0449\u0435\u0433\u043e \u0433\u043e\u0434\u0430 | ProHoster\" \/>\n\t\t<meta property=\"og:description\" content=\"\u041f\u0440\u0435\u0437\u0435\u043d\u0442\u0430\u0446\u0438\u044f Dell, \u043a\u043e\u0442\u043e\u0440\u043e\u0439 \u0438\u0437\u0432\u0435\u0441\u0442\u043d\u044b\u0439 \u0433\u043e\u043b\u043b\u0430\u043d\u0434\u0441\u043a\u0438\u0439 \u0441\u0430\u0439\u0442 \u0440\u0443\u043a\u043e\u0432\u043e\u0434\u0441\u0442\u0432\u043e\u0432\u0430\u043b\u0441\u044f \u043f\u0440\u0438 \u043e\u043f\u0438\u0441\u0430\u043d\u0438\u0438 \u0431\u043b\u0438\u0436\u0430\u0439\u0448\u0438\u0445 \u043f\u043b\u0430\u043d\u043e\u0432 Intel \u043f\u043e \u0430\u043d\u043e\u043d\u0441\u0443 \u043d\u043e\u0432\u044b\u0445 \u043f\u0440\u043e\u0446\u0435\u0441\u0441\u043e\u0440\u043e\u0432.\" \/>\n\t\t<meta property=\"og:url\" content=\"https:\/\/prohoster.info\/de\/blog\/news\/otstavit-paniku-nastolnye-protsessory-intel-c-desyatyu-yadrami-vyjdut-v-nachale-sleduyushhego-goda\" \/>\n\t\t<meta property=\"og:image\" content=\"https:\/\/prohoster.info\/wp-content\/uploads\/2021\/11\/logo-350.jpg\" \/>\n\t\t<meta property=\"og:image:secure_url\" content=\"https:\/\/prohoster.info\/wp-content\/uploads\/2021\/11\/logo-350.jpg\" \/>\n\t\t<meta property=\"og:image:width\" content=\"350\" \/>\n\t\t<meta property=\"og:image:height\" content=\"350\" \/>\n\t\t<meta property=\"article:published_time\" content=\"2019-10-31T18:48:20+00:00\" \/>\n\t\t<meta property=\"article:modified_time\" content=\"2019-10-31T18:48:20+00:00\" \/>\n\t\t<meta property=\"article:publisher\" content=\"https:\/\/www.facebook.com\/prohoster\" \/>\n\t\t<meta property=\"article:author\" content=\"https:\/\/www.facebook.com\/prohoster\" \/>\n\t\t<!-- All in One SEO -->\n\n","aioseo_head_json":{"title":"\ud83e\udd47Keine Panik: Die Desktop-Prozessoren von Intel mit zehn Kernen werden Anfang n\u00e4chsten Jahres auf den Markt kommen | ProHoster","description":"Die Pr\u00e4sentation von Dell, auf der die bekannte niederl\u00e4ndische Website die bevorstehenden Pl\u00e4ne von Intel zur Ank\u00fcndigung neuer Prozessoren basierte.","canonical_url":"https:\/\/prohoster.info\/de\/blog\/news\/otstavit-paniku-nastolnye-protsessory-intel-c-desyatyu-yadrami-vyjdut-v-nachale-sleduyushhego-goda","robots":"max-image-preview:large","keywords":"","webmasterTools":{"miscellaneous":""},"schema":null,"og:locale":"de_DE","og:site_name":"ProHoster | \u041a\u0443\u043f\u0438\u0442\u044c \u043d\u0430\u0434\u0435\u0436\u043d\u044b\u0439 \u0445\u043e\u0441\u0442\u0438\u043d\u0433 \u0434\u043b\u044f \u0441\u0430\u0439\u0442\u043e\u0432 \u0441 \u0437\u0430\u0449\u0438\u0442\u043e\u0439 \u043e\u0442 DDoS, VPS VDS \u0441\u0435\u0440\u0432\u0435\u0440\u044b","og:type":"article","og:title":"\ud83e\udd47\u041e\u0442\u0441\u0442\u0430\u0432\u0438\u0442\u044c \u043f\u0430\u043d\u0438\u043a\u0443: \u043d\u0430\u0441\u0442\u043e\u043b\u044c\u043d\u044b\u0435 \u043f\u0440\u043e\u0446\u0435\u0441\u0441\u043e\u0440\u044b Intel c \u0434\u0435\u0441\u044f\u0442\u044c\u044e \u044f\u0434\u0440\u0430\u043c\u0438 \u0432\u044b\u0439\u0434\u0443\u0442 \u0432 \u043d\u0430\u0447\u0430\u043b\u0435 \u0441\u043b\u0435\u0434\u0443\u044e\u0449\u0435\u0433\u043e \u0433\u043e\u0434\u0430 | ProHoster","og:description":"\u041f\u0440\u0435\u0437\u0435\u043d\u0442\u0430\u0446\u0438\u044f Dell, \u043a\u043e\u0442\u043e\u0440\u043e\u0439 \u0438\u0437\u0432\u0435\u0441\u0442\u043d\u044b\u0439 \u0433\u043e\u043b\u043b\u0430\u043d\u0434\u0441\u043a\u0438\u0439 \u0441\u0430\u0439\u0442 \u0440\u0443\u043a\u043e\u0432\u043e\u0434\u0441\u0442\u0432\u043e\u0432\u0430\u043b\u0441\u044f \u043f\u0440\u0438 \u043e\u043f\u0438\u0441\u0430\u043d\u0438\u0438 \u0431\u043b\u0438\u0436\u0430\u0439\u0448\u0438\u0445 \u043f\u043b\u0430\u043d\u043e\u0432 Intel \u043f\u043e \u0430\u043d\u043e\u043d\u0441\u0443 \u043d\u043e\u0432\u044b\u0445 \u043f\u0440\u043e\u0446\u0435\u0441\u0441\u043e\u0440\u043e\u0432.","og:url":"https:\/\/prohoster.info\/de\/blog\/news\/otstavit-paniku-nastolnye-protsessory-intel-c-desyatyu-yadrami-vyjdut-v-nachale-sleduyushhego-goda","og:image":"https:\/\/prohoster.info\/wp-content\/uploads\/2021\/11\/logo-350.jpg","og:image:secure_url":"https:\/\/prohoster.info\/wp-content\/uploads\/2021\/11\/logo-350.jpg","og:image:width":350,"og:image:height":350,"article:published_time":"2019-10-31T18:48:20+00:00","article:modified_time":"2019-10-31T18:48:20+00:00","article:publisher":"https:\/\/www.facebook.com\/prohoster","article:author":"https:\/\/www.facebook.com\/prohoster"},"aioseo_meta_data":{"post_id":"32671","title":null,"description":null,"keywords":null,"keyphrases":null,"primary_term":null,"canonical_url":null,"og_title":null,"og_description":null,"og_object_type":"default","og_image_type":"default","og_image_url":null,"og_image_width":null,"og_image_height":null,"og_image_custom_url":null,"og_image_custom_fields":null,"og_video":null,"og_custom_url":null,"og_article_section":null,"og_article_tags":null,"twitter_use_og":false,"twitter_card":"default","twitter_image_type":"default","twitter_image_url":null,"twitter_image_custom_url":null,"twitter_image_custom_fields":null,"twitter_title":null,"twitter_description":null,"schema":{"blockGraphs":[],"customGraphs":[],"default":{"data":{"Article":[],"Course":[],"Dataset":[],"FAQPage":[],"Movie":[],"Person":[],"Product":[],"ProductReview":[],"Car":[],"Recipe":[],"Service":[],"SoftwareApplication":[],"WebPage":[]},"graphName":"","isEnabled":true},"graphs":[]},"schema_type":null,"schema_type_options":null,"pillar_content":false,"robots_default":true,"robots_noindex":false,"robots_noarchive":false,"robots_nosnippet":false,"robots_nofollow":false,"robots_noimageindex":false,"robots_noodp":false,"robots_notranslate":false,"robots_max_snippet":null,"robots_max_videopreview":null,"robots_max_imagepreview":"large","priority":null,"frequency":null,"local_seo":null,"seo_analyzer_scan_date":"2026-01-21 12:00:19","breadcrumb_settings":null,"limit_modified_date":false,"reviewed_by":null,"ai":null,"created":"2021-03-01 02:54:26","updated":"2026-01-21 12:00:19","focus_keyword":null,"additional_keywords":null,"truseo_locale":null},"gt_translate_keys":[{"key":"link","format":"url"}],"_links":{"self":[{"href":"https:\/\/prohoster.info\/de\/wp-json\/wp\/v2\/posts\/32671","targetHints":{"allow":["GET"]}}],"collection":[{"href":"https:\/\/prohoster.info\/de\/wp-json\/wp\/v2\/posts"}],"about":[{"href":"https:\/\/prohoster.info\/de\/wp-json\/wp\/v2\/types\/post"}],"author":[{"embeddable":true,"href":"https:\/\/prohoster.info\/de\/wp-json\/wp\/v2\/users\/1"}],"replies":[{"embeddable":true,"href":"https:\/\/prohoster.info\/de\/wp-json\/wp\/v2\/comments?post=32671"}],"version-history":[{"count":0,"href":"https:\/\/prohoster.info\/de\/wp-json\/wp\/v2\/posts\/32671\/revisions"}],"wp:featuredmedia":[{"embeddable":true,"href":"https:\/\/prohoster.info\/de\/wp-json\/wp\/v2\/media\/24459"}],"wp:attachment":[{"href":"https:\/\/prohoster.info\/de\/wp-json\/wp\/v2\/media?parent=32671"}],"wp:term":[{"taxonomy":"category","embeddable":true,"href":"https:\/\/prohoster.info\/de\/wp-json\/wp\/v2\/categories?post=32671"},{"taxonomy":"post_tag","embeddable":true,"href":"https:\/\/prohoster.info\/de\/wp-json\/wp\/v2\/tags?post=32671"}],"curies":[{"name":"wp","href":"https:\/\/api.w.org\/{rel}","templated":true}]}}