{"id":33485,"date":"2019-10-31T21:52:48","date_gmt":"2019-10-31T18:52:48","guid":{"rendered":"https:\/\/prohoster.info\/blog\/intel-prodolzhit-ispolzovat-14-nm-tehprotsess-dlya-nastolnyh-protsessorov-eshhyo-neskolko-let\/"},"modified":"2019-10-31T21:52:48","modified_gmt":"2019-10-31T18:52:48","slug":"intel-prodolzhit-ispolzovat-14-nm-tehprotsess-dlya-nastolnyh-protsessorov-eshhyo-neskolko-let","status":"publish","type":"post","link":"https:\/\/prohoster.info\/de\/blog\/news\/intel-prodolzhit-ispolzovat-14-nm-tehprotsess-dlya-nastolnyh-protsessorov-eshhyo-neskolko-let","title":{"rendered":"Intel wird noch einige Jahre lang den 14-nm-Technologieprozess f\u00fcr Desktop-Prozessoren nutzen.","gt_translate_keys":[{"key":"rendered","format":"text"}]},"content":{"rendered":"<ul>\n<li>Der aktuelle 14-nm Fertigungsprozess bleibt mindestens bis 2021 im Einsatz.<\/li>\n<li>In Intels Pr\u00e4sentationen zum \u00dcbergang auf neue Technologien werden diverse Prozessoren und Produkte erw\u00e4hnt, jedoch keine Desktop-Varianten.<\/li>\n<li>Die Massenproduktion von Intel-Produkten mit 7-nm Technologie wird fr\u00fchestens 2022 aufgenommen.<\/li>\n<li>Alle technischen Ressourcen werden vom 14-nm Fertigungsprozess auf den 7-nm Prozess umgeleitet, w\u00e4hrend andere Spezialisten sich um den 10-nm Fertigungsprozess k\u00fcmmern werden.<\/li>\n<\/ul>\n<p>Lecks aus der \u201eFahrkarte\u201c von Dell <noindex><a rel=\"nofollow\" href=\"https:\/\/3dnews.ru\/986451\">erm\u00f6glichten<\/a><\/noindex> einen gewissen Einblick in Intels Pl\u00e4ne f\u00fcr die Einf\u00fchrung neuer Prozessoren zu erhalten, wobei im Desktop-Segment die 14-nm Produkte noch sehr lange eine Rolle spielen werden, wenn man diese Informationsquelle zugrunde legt. Allerdings h\u00e4tte die Investorenveranstaltung von Intel in dieser Woche Licht ins Dunkel \u00fcber die Einf\u00fchrung von 10-nm und 7-nm Produkten bringen k\u00f6nnen, und alles w\u00e4re gut gewesen, wenn nicht das bedr\u00fcckende Schweigen der Unternehmensvertreter bez\u00fcglich der Fristen f\u00fcr die Einf\u00fchrung neuer Desktop-Prozessoren gewesen w\u00e4re.<\/p>\n<p><strong>Der urspr\u00fcngliche Plan <\/strong><strong>von Intel zur Einf\u00fchrung der 10-nm Technologie musste angepasst werden.<\/strong><\/p>\n<p>Es ist kein Geheimnis, dass die Intel Corporation vor sechs Jahren zuversichtlich war, die Serienproduktion von 10-nm Prozessoren im Jahr 2016 zu starten. Wie bereits mehrfach von wechselnden F\u00fchrungskr\u00e4ften von Intel erl\u00e4utert wurde, wurden bei der Planung des \u00dcbergangs zum 10-nm Fertigungsprozess zu aggressive Zielvorgaben f\u00fcr die geometrische Skalierung von Transistoren gew\u00e4hlt, sodass es nicht gelang, die 10-nm Produkte im vorgegebenen Zeitrahmen zu produzieren.<\/p>\n<p><img decoding=\"async\" alt=\"Intel wird noch einige Jahre lang den 14-nm-Technologieprozess f\u00fcr Desktop-Prozessoren nutzen.\" src=\"\/wp-content\/uploads\/2019\/05\/b7b5ff3a6a30f85bbd6d99b9e7e3bc00.jpg\" style=\"display:block;margin: 0 auto;\" \/><\/p>\n<p>Im vergangenen Jahr wurden die ersten 10-nm mobilen Prozessoren Cannon Lake ausgeliefert, die jedoch nur f\u00fcr den Einsatz in ultrad\u00fcnnen mobilen Ger\u00e4ten geeignet waren, maximal \u00fcber zwei Kerne verf\u00fcgten und die auf dem Chip integrierte Grafikeinheit musste sogar deaktiviert werden. Auch die Liefervolumen von Cannon Lake waren nicht signifikant, weshalb Intel nun das Jahr 2019 als Beginn der 10-nm Technologieeinf\u00fchrung angibt. Die mobilen 10-nm Prozessoren Ice Lake werden im Juni dieses Jahres vorgestellt, und gleichzeitig beginnen die Lieferungen an Laptop-Hersteller, die schon im zweiten Halbjahr fertige Computer auf Basis dieser Prozessoren herausbringen werden.<\/p>\n<p><center><\/center><br \/>\n<img decoding=\"async\" alt=\"Intel wird noch einige Jahre lang den 14-nm-Technologieprozess f\u00fcr Desktop-Prozessoren nutzen.\" src=\"\/wp-content\/uploads\/2019\/05\/91d6e94863f7ed2ea23c4e3d0bd38a3d.jpg\" style=\"display:block;margin: 0 auto;\" \/><\/p>\n<p>Laut der offiziellen Version hat der 14-nm Fertigungsprozess von Intel in seiner evolution\u00e4ren Entwicklung drei Generationen durchlaufen, und es gab noch viele weitere kleinere Verbesserungen. Intel gibt stolz bekannt, dass die spezifische Leistung pro Watt beim \u00dcbergang von der ersten zur dritten Generation des 14-nm Prozesses um 20 % verbessert wurde.<\/p>\n<p>Dar\u00fcber hinaus zeigt ein Blick auf die aktuellen Pr\u00e4sentationen von Intel von der Investorentagung im Mai, dass der Lebenszyklus des 14-nm Fertigungsprozesses bis einschlie\u00dflich 2021 verl\u00e4ngert wurde. Zu diesem Zeitpunkt wird bereits die Serienproduktion der ersten 7-nm Produkte beginnen, w\u00e4hrend der 14-nm Prozess weiterhin f\u00fcr ein bestimmtes Sortiment von Intel-Produkten relevant bleibt.<\/p>\n<p><strong>Es gab keine Erw\u00e4hnungen \u00fcber den \u00dcbergang der Desktop-Prozessoren zur 7-nm Technologie.<\/strong><\/p>\n<p>Selbst die Lektionen \u00fcber die Pl\u00e4ne von Intel aus der Dell-Pr\u00e4sentation enthielten keine Informationen \u00fcber den Zeitrahmen f\u00fcr die Einf\u00fchrung der 10-nm Prozessoren f\u00fcr den Desktop. In diesem Zusammenhang wurden haupts\u00e4chlich mobile Prozessoren mit ultra-niedrigen Energieverbrauch erw\u00e4hnt, deren Kernanzahl vier nicht \u00fcberstieg. Selbst in diesem Fall werden sie nicht vor 2021 weit verbreitet sein. Zu diesem Zeitpunkt werden auch die 10-nm Tiger Lake Prozessoren auf den Markt kommen, die Unterst\u00fctzung f\u00fcr PCI Express 4.0 bieten und bereits mit der zweiten Generation der 10-nm Technologie produziert werden. Die Tiger Lake Prozessoren werden auch \u00fcber eine neue Grafik mit 96 Recheneinheiten verf\u00fcgen, die eine gemeinsame Architektur mit den diskreten Produkten verwenden wird, die 2020 angek\u00fcndigt werden.<\/p>\n<p>Bis Ende 2019 sollen auch die 10-nm-Prozessoren Lakefield mit komplexer r\u00e4umlicher Anordnung Foveros erscheinen, die eine Integration sowohl der Systemlogik als auch des Arbeitsspeichers in einem Geh\u00e4use vorsehen. Sogar der \u201evoraussichtliche Desktop\u201c-erste diskrete Grafikprozessor von Intel seit zwanzig Jahren soll 2020 in 10-nm-Technologie ver\u00f6ffentlicht werden, w\u00e4hrend Desktop-Prozessoren im Kontext des \u00dcbergangs auf 10-nm-Technologie bei der Investorenveranstaltung nicht erw\u00e4hnt wurden.<\/p>\n<p><img decoding=\"async\" alt=\"Intel wird noch einige Jahre lang den 14-nm-Technologieprozess f\u00fcr Desktop-Prozessoren nutzen.\" src=\"\/wp-content\/uploads\/2019\/05\/da61e8524bc342633723e3733b2a5529.jpg\" style=\"display:block;margin: 0 auto;\" \/><\/p>\n<p>Im Serversegment gibt es ebenfalls ausreichend Klarheit. Bevor in der ersten H\u00e4lfte des kommenden Jahres die 10-nm-Prozessoren Ice Lake-SP auf den Markt kommen, werden die 14-nm-Prozessoren Cooper Lake, die mit ihnen kompatibel sind, eingef\u00fchrt. Welche Technologie zur Herstellung der Nachfolger von Ice Lake-SP in Form von Sapphire Rapids verwendet wird, bleibt von Intel unklar, aber Navin Shenoy gestand w\u00e4hrend einer Frage-und-Antwort-Runde mit Analysten ein, dass das zweite Produkt, das auf der 7-nm-Technologie hergestellt wird, nach der GPU f\u00fcr Rechenbeschleuniger ein Serverprozessor sein wird. <a class=\"wpil_keyword_link\" href=\"https:\/\/prohoster.info\/de\/server\/\"   title=\"Server\" data-wpil-keyword-link=\"linked\"  data-wpil-monitor-id=\"1328\">Server<\/a>. Wenn man bedenkt, dass der 7-nm-Pionier im Jahr 2021 auf den Markt kommen wird, k\u00f6nnte der Deb\u00fct des 7-nm-Serverprozessors sowohl im Jahr 2021 als auch in sp\u00e4teren Zeitr\u00e4umen erfolgen. Sapphire Rapids soll im Jahr 2021 deb\u00fctieren, sein Nachfolger wird 2022 erwartet.<\/p>\n<p>Daher erw\u00e4hnt Intel bei der Beschreibung seiner aktuellen Pl\u00e4ne zur Migration auf den 7-nm-Fertigungsprozess klar, dass es sich um Grafik- und Serverprozessoren handelt, w\u00e4hrend Desktop- und mobile Produkte au\u00dfen vor bleiben.<\/p>\n<p><strong>Der Vormarsch der 7-nm-Technologie: Eine illusorische Hoffnung f\u00fcr Desktop-Produkte.<\/strong><\/p>\n<p>Intel-CEO Robert Swan machte mehrere wichtige Aussagen zur Einf\u00fchrung des 7-nm-Fertigungsprozesses. Erstens erkl\u00e4rte er, dass dieser Prozess nach 2021 es dem Unternehmen erm\u00f6glichen werde, die Betriebskosten zu senken. Diese Zuversicht beruht darauf, dass das Unternehmen derzeit drei Fertigungsprozesse parallel entwickeln muss: 14 nm, 10 nm und 7 nm. Die Bem\u00fchungen, die R\u00fcckst\u00e4nde beim 10-nm-Fertigungsprozess aufzuholen, erh\u00f6hen die Kosten, und sobald die 7-nm-Technologie reibungslos l\u00e4uft, hofft das Unternehmen, die Kontrolle \u00fcber die Ausgaben gem\u00e4\u00df seinem mehrj\u00e4hrigen Plan zur\u00fcckzugewinnen.<\/p>\n<p>Zweitens erkl\u00e4rte Swan, dass alle Ingenieurteams, die an der Entwicklung der 14-nm-Produkte von Intel beteiligt waren, auf die Einf\u00fchrung der 7-nm-Technologie konzentriert werden. Unter diesen wissen wir von zahlreichen Desktop-Prozessoren mit vielen Kernen und hohem Leistungsniveau. Bedeutet das, dass dieses Expertenteam erfolgreich 7-nm-Desktop-Prozessoren entwickeln wird? Die Antwort auf diese Frage wird wohl au\u00dferhalb des aktuellen Jahrzehnts gesucht werden m\u00fcssen.<\/p>\n<p>Drittens erkl\u00e4rte der Intel-Chef, dass die Massenproduktion von Intel-Produkten mit 7-nm-Technologie erst im Jahr 2022 gestartet wird, bereits nach der Einf\u00fchrung des ersten diskreten Grafikprozessors, der ein Jahr zuvor mit 7-nm-Technologie unter Verwendung von extrem harten ultravioletten Lithografie hergestellt wurde. Ob es sich dabei um Desktop- oder mobile Prozessoren handelt, l\u00e4sst sich derzeit ebenfalls nicht mit Sicherheit sagen, da selbst bei der Umstellung von Produkten auf neue Fertigungsverfahren die Priorit\u00e4ten bei Intel ge\u00e4ndert wurden.<\/p>\n<p><center><\/p>\n<p><\/center><\/p>\n<p>\t\t\t\t<center><br \/>\n\t\t\t\t\t\t\t\t<\/center><br \/>Quelle: <a content=\"nofollow\" rel=\"nofollow\" href=\"https:\/\/3dnews.ru\/987248\">3dnews.ru<\/a><\/p>","protected":false,"gt_translate_keys":[{"key":"rendered","format":"html"}]},"excerpt":{"rendered":"<p>\u041d\u044b\u043d\u0435\u0448\u043d\u0438\u0439 14-\u043d\u043c \u0442\u0435\u0445\u043f\u0440\u043e\u0446\u0435\u0441\u0441 \u043e\u0441\u0442\u0430\u043d\u0435\u0442\u0441\u044f \u0432 \u0441\u0442\u0440\u043e\u044e \u043a\u0430\u043a \u043c\u0438\u043d\u0438\u043c\u0443\u043c \u0434\u043e 2021 \u0433\u043e\u0434\u0430 \u0412 \u043f\u0440\u0435\u0437\u0435\u043d\u0442\u0430\u0446\u0438\u044f\u0445 Intel \u043e \u043f\u0435\u0440\u0435\u0445\u043e\u0434\u0435 \u043d\u0430 \u043d\u043e\u0432\u044b\u0435 \u0442\u0435\u0445\u043d\u043e\u043b\u043e\u0433\u0438\u0438 \u0443\u043f\u043e\u043c\u0438\u043d\u0430\u044e\u0442\u0441\u044f \u043a\u0430\u043a\u0438\u0435 \u0443\u0433\u043e\u0434\u043d\u043e \u043f\u0440\u043e\u0446\u0435\u0441\u0441\u043e\u0440\u044b \u0438 \u043f\u0440\u043e\u0434\u0443\u043a\u0442\u044b, \u043d\u043e \u043d\u0435 \u043d\u0430\u0441\u0442\u043e\u043b\u044c\u043d\u044b\u0435 \u041c\u0430\u0441\u0441\u043e\u0432\u043e\u0435 \u043f\u0440\u043e\u0438\u0437\u0432\u043e\u0434\u0441\u0442\u0432\u043e \u043f\u0440\u043e\u0434\u0443\u043a\u0442\u043e\u0432 Intel \u043f\u043e 7-\u043d\u043c \u0442\u0435\u0445\u043d\u043e\u043b\u043e\u0433\u0438\u0438 \u0431\u0443\u0434\u0435\u0442 \u0440\u0430\u0437\u0432\u0451\u0440\u043d\u0443\u0442\u043e \u043d\u0435 \u0440\u0430\u043d\u0435\u0435 2022 \u0433\u043e\u0434\u0430 \u0412\u0441\u0435 \u0438\u043d\u0436\u0435\u043d\u0435\u0440\u043d\u044b\u0435 \u0440\u0435\u0441\u0443\u0440\u0441\u044b \u0431\u0443\u0434\u0443\u0442 \u043f\u0435\u0440\u0435\u0431\u0440\u043e\u0448\u0435\u043d\u044b \u0441 14-\u043d\u043c \u0442\u0435\u0445\u043f\u0440\u043e\u0446\u0435\u0441\u0441\u0430 \u043d\u0430 7-\u043d\u043c, \u0430 10-\u043d\u043c \u0442\u0435\u0445\u043f\u0440\u043e\u0446\u0435\u0441\u0441\u043e\u043c \u0431\u0443\u0434\u0443\u0442 [&hellip;]<\/p>\n","protected":false,"gt_translate_keys":[{"key":"rendered","format":"html"}]},"author":1,"featured_media":25187,"comment_status":"open","ping_status":"open","sticky":false,"template":"","format":"standard","meta":{"footnotes":""},"categories":[702],"tags":[],"class_list":["post-33485","post","type-post","status-publish","format-standard","has-post-thumbnail","hentry","category-news"],"aioseo_notices":[],"aioseo_head":"\n\t\t<!-- All in One SEO 5.0.1.1 - aioseo.com -->\n\t<meta name=\"description\" content=\"\u041d\u044b\u043d\u0435\u0448\u043d\u0438\u0439 14-\u043d\u043c \u0442\u0435\u0445\u043f\u0440\u043e\u0446\u0435\u0441\u0441 \u043e\u0441\u0442\u0430\u043d\u0435\u0442\u0441\u044f \u0432 \u0441\u0442\u0440\u043e\u044e \u043a\u0430\u043a \u043c\u0438\u043d\u0438\u043c\u0443\u043c \u0434\u043e 2021 \u0433\u043e\u0434\u0430 \u0412 \u043f\u0440\u0435\u0437\u0435\u043d\u0442\u0430\u0446\u0438\u044f\u0445 Intel \u043e \u043f\u0435\u0440\u0435\u0445\u043e\u0434\u0435 \u043d\u0430 \u043d\u043e\u0432\u044b\u0435 \u0442\u0435\u0445\u043d\u043e\u043b\u043e\u0433\u0438\u0438 \u0443\u043f\u043e\u043c\u0438\u043d\u0430\u044e\u0442\u0441\u044f \u043a\u0430\u043a\u0438\u0435 \u0443\u0433\u043e\u0434\u043d\u043e \u043f\u0440\u043e\u0446\u0435\u0441\u0441\u043e\u0440\u044b \u0438 \u043f\u0440\u043e\u0434\u0443\u043a\u0442\u044b, \u043d\u043e \u043d\u0435 \u043d\u0430\u0441\u0442\u043e\u043b\u044c\u043d\u044b\u0435.\" \/>\n\t<meta name=\"robots\" content=\"max-image-preview:large\" \/>\n\t<meta name=\"author\" content=\"Yuri Gagarin\"\/>\n\t<link rel=\"canonical\" href=\"https:\/\/prohoster.info\/de\/blog\/news\/intel-prodolzhit-ispolzovat-14-nm-tehprotsess-dlya-nastolnyh-protsessorov-eshhyo-neskolko-let\" \/>\n\t<meta name=\"generator\" content=\"All in One SEO (AIOSEO) 5.0.1.1\" \/>\n\t\t<meta property=\"og:locale\" content=\"de_DE\" \/>\n\t\t<meta property=\"og:site_name\" content=\"ProHoster | \u041a\u0443\u043f\u0438\u0442\u044c \u043d\u0430\u0434\u0435\u0436\u043d\u044b\u0439 \u0445\u043e\u0441\u0442\u0438\u043d\u0433 \u0434\u043b\u044f \u0441\u0430\u0439\u0442\u043e\u0432 \u0441 \u0437\u0430\u0449\u0438\u0442\u043e\u0439 \u043e\u0442 DDoS, VPS VDS \u0441\u0435\u0440\u0432\u0435\u0440\u044b\" \/>\n\t\t<meta property=\"og:type\" content=\"article\" \/>\n\t\t<meta property=\"og:title\" content=\"\ud83e\udd47Intel \u043f\u0440\u043e\u0434\u043e\u043b\u0436\u0438\u0442 \u0438\u0441\u043f\u043e\u043b\u044c\u0437\u043e\u0432\u0430\u0442\u044c 14-\u043d\u043c \u0442\u0435\u0445\u043f\u0440\u043e\u0446\u0435\u0441\u0441 \u0434\u043b\u044f \u043d\u0430\u0441\u0442\u043e\u043b\u044c\u043d\u044b\u0445 \u043f\u0440\u043e\u0446\u0435\u0441\u0441\u043e\u0440\u043e\u0432 \u0435\u0449\u0451 \u043d\u0435\u0441\u043a\u043e\u043b\u044c\u043a\u043e \u043b\u0435\u0442 | ProHoster\" \/>\n\t\t<meta property=\"og:description\" content=\"\u041d\u044b\u043d\u0435\u0448\u043d\u0438\u0439 14-\u043d\u043c \u0442\u0435\u0445\u043f\u0440\u043e\u0446\u0435\u0441\u0441 \u043e\u0441\u0442\u0430\u043d\u0435\u0442\u0441\u044f \u0432 \u0441\u0442\u0440\u043e\u044e \u043a\u0430\u043a \u043c\u0438\u043d\u0438\u043c\u0443\u043c \u0434\u043e 2021 \u0433\u043e\u0434\u0430 \u0412 \u043f\u0440\u0435\u0437\u0435\u043d\u0442\u0430\u0446\u0438\u044f\u0445 Intel \u043e \u043f\u0435\u0440\u0435\u0445\u043e\u0434\u0435 \u043d\u0430 \u043d\u043e\u0432\u044b\u0435 \u0442\u0435\u0445\u043d\u043e\u043b\u043e\u0433\u0438\u0438 \u0443\u043f\u043e\u043c\u0438\u043d\u0430\u044e\u0442\u0441\u044f \u043a\u0430\u043a\u0438\u0435 \u0443\u0433\u043e\u0434\u043d\u043e \u043f\u0440\u043e\u0446\u0435\u0441\u0441\u043e\u0440\u044b \u0438 \u043f\u0440\u043e\u0434\u0443\u043a\u0442\u044b, \u043d\u043e \u043d\u0435 \u043d\u0430\u0441\u0442\u043e\u043b\u044c\u043d\u044b\u0435.\" \/>\n\t\t<meta property=\"og:url\" content=\"https:\/\/prohoster.info\/de\/blog\/news\/intel-prodolzhit-ispolzovat-14-nm-tehprotsess-dlya-nastolnyh-protsessorov-eshhyo-neskolko-let\" \/>\n\t\t<meta property=\"og:image\" content=\"https:\/\/prohoster.info\/wp-content\/uploads\/2021\/11\/logo-350.jpg\" \/>\n\t\t<meta property=\"og:image:secure_url\" content=\"https:\/\/prohoster.info\/wp-content\/uploads\/2021\/11\/logo-350.jpg\" \/>\n\t\t<meta property=\"og:image:width\" content=\"350\" \/>\n\t\t<meta property=\"og:image:height\" content=\"350\" \/>\n\t\t<meta property=\"article:published_time\" content=\"2019-10-31T18:52:48+00:00\" \/>\n\t\t<meta property=\"article:modified_time\" content=\"2019-10-31T18:52:48+00:00\" \/>\n\t\t<meta property=\"article:publisher\" content=\"https:\/\/www.facebook.com\/prohoster\" \/>\n\t\t<meta property=\"article:author\" content=\"https:\/\/www.facebook.com\/prohoster\" \/>\n\t\t<!-- All in One SEO -->\n\n","aioseo_head_json":{"title":"\ud83e\udd47Intel wird den 14-nm-Fertigungsprozess f\u00fcr Desktop-Prozessoren noch einige Jahre lang weiterhin verwenden | ProHoster","description":"Der aktuelle 14-nm-Fertigungsprozess bleibt mindestens bis 2021 in Betrieb. In den Pr\u00e4sentationen von Intel \u00fcber den \u00dcbergang zu neuen Technologien werden beliebige Prozessoren und Produkte erw\u00e4hnt, jedoch nicht Desktop-Ger\u00e4te.","canonical_url":"https:\/\/prohoster.info\/de\/blog\/news\/intel-prodolzhit-ispolzovat-14-nm-tehprotsess-dlya-nastolnyh-protsessorov-eshhyo-neskolko-let","robots":"max-image-preview:large","keywords":"","webmasterTools":{"miscellaneous":""},"schema":null,"og:locale":"de_DE","og:site_name":"ProHoster | \u041a\u0443\u043f\u0438\u0442\u044c \u043d\u0430\u0434\u0435\u0436\u043d\u044b\u0439 \u0445\u043e\u0441\u0442\u0438\u043d\u0433 \u0434\u043b\u044f \u0441\u0430\u0439\u0442\u043e\u0432 \u0441 \u0437\u0430\u0449\u0438\u0442\u043e\u0439 \u043e\u0442 DDoS, VPS VDS \u0441\u0435\u0440\u0432\u0435\u0440\u044b","og:type":"article","og:title":"\ud83e\udd47Intel \u043f\u0440\u043e\u0434\u043e\u043b\u0436\u0438\u0442 \u0438\u0441\u043f\u043e\u043b\u044c\u0437\u043e\u0432\u0430\u0442\u044c 14-\u043d\u043c \u0442\u0435\u0445\u043f\u0440\u043e\u0446\u0435\u0441\u0441 \u0434\u043b\u044f \u043d\u0430\u0441\u0442\u043e\u043b\u044c\u043d\u044b\u0445 \u043f\u0440\u043e\u0446\u0435\u0441\u0441\u043e\u0440\u043e\u0432 \u0435\u0449\u0451 \u043d\u0435\u0441\u043a\u043e\u043b\u044c\u043a\u043e \u043b\u0435\u0442 | ProHoster","og:description":"\u041d\u044b\u043d\u0435\u0448\u043d\u0438\u0439 14-\u043d\u043c \u0442\u0435\u0445\u043f\u0440\u043e\u0446\u0435\u0441\u0441 \u043e\u0441\u0442\u0430\u043d\u0435\u0442\u0441\u044f \u0432 \u0441\u0442\u0440\u043e\u044e \u043a\u0430\u043a \u043c\u0438\u043d\u0438\u043c\u0443\u043c \u0434\u043e 2021 \u0433\u043e\u0434\u0430 \u0412 \u043f\u0440\u0435\u0437\u0435\u043d\u0442\u0430\u0446\u0438\u044f\u0445 Intel \u043e \u043f\u0435\u0440\u0435\u0445\u043e\u0434\u0435 \u043d\u0430 \u043d\u043e\u0432\u044b\u0435 \u0442\u0435\u0445\u043d\u043e\u043b\u043e\u0433\u0438\u0438 \u0443\u043f\u043e\u043c\u0438\u043d\u0430\u044e\u0442\u0441\u044f \u043a\u0430\u043a\u0438\u0435 \u0443\u0433\u043e\u0434\u043d\u043e \u043f\u0440\u043e\u0446\u0435\u0441\u0441\u043e\u0440\u044b \u0438 \u043f\u0440\u043e\u0434\u0443\u043a\u0442\u044b, \u043d\u043e \u043d\u0435 \u043d\u0430\u0441\u0442\u043e\u043b\u044c\u043d\u044b\u0435.","og:url":"https:\/\/prohoster.info\/de\/blog\/news\/intel-prodolzhit-ispolzovat-14-nm-tehprotsess-dlya-nastolnyh-protsessorov-eshhyo-neskolko-let","og:image":"https:\/\/prohoster.info\/wp-content\/uploads\/2021\/11\/logo-350.jpg","og:image:secure_url":"https:\/\/prohoster.info\/wp-content\/uploads\/2021\/11\/logo-350.jpg","og:image:width":350,"og:image:height":350,"article:published_time":"2019-10-31T18:52:48+00:00","article:modified_time":"2019-10-31T18:52:48+00:00","article:publisher":"https:\/\/www.facebook.com\/prohoster","article:author":"https:\/\/www.facebook.com\/prohoster"},"aioseo_meta_data":{"post_id":"33485","title":null,"description":null,"keywords":null,"keyphrases":null,"primary_term":null,"canonical_url":null,"og_title":null,"og_description":null,"og_object_type":"default","og_image_type":"default","og_image_url":null,"og_image_width":null,"og_image_height":null,"og_image_custom_url":null,"og_image_custom_fields":null,"og_video":null,"og_custom_url":null,"og_article_section":null,"og_article_tags":null,"twitter_use_og":false,"twitter_card":"default","twitter_image_type":"default","twitter_image_url":null,"twitter_image_custom_url":null,"twitter_image_custom_fields":null,"twitter_title":null,"twitter_description":null,"schema":{"blockGraphs":[],"customGraphs":[],"default":{"data":{"Article":[],"Course":[],"Dataset":[],"FAQPage":[],"Movie":[],"Person":[],"Product":[],"ProductReview":[],"Car":[],"Recipe":[],"Service":[],"SoftwareApplication":[],"WebPage":[]},"graphName":"","isEnabled":true},"graphs":[]},"schema_type":null,"schema_type_options":null,"pillar_content":false,"robots_default":true,"robots_noindex":false,"robots_noarchive":false,"robots_nosnippet":false,"robots_nofollow":false,"robots_noimageindex":false,"robots_noodp":false,"robots_notranslate":false,"robots_max_snippet":null,"robots_max_videopreview":null,"robots_max_imagepreview":"large","priority":null,"frequency":null,"local_seo":null,"seo_analyzer_scan_date":"2026-02-09 17:03:20","breadcrumb_settings":null,"limit_modified_date":false,"reviewed_by":null,"ai":null,"created":"2021-03-01 02:23:49","updated":"2026-02-09 17:03:20","focus_keyword":null,"additional_keywords":null,"truseo_locale":null},"gt_translate_keys":[{"key":"link","format":"url"}],"_links":{"self":[{"href":"https:\/\/prohoster.info\/de\/wp-json\/wp\/v2\/posts\/33485","targetHints":{"allow":["GET"]}}],"collection":[{"href":"https:\/\/prohoster.info\/de\/wp-json\/wp\/v2\/posts"}],"about":[{"href":"https:\/\/prohoster.info\/de\/wp-json\/wp\/v2\/types\/post"}],"author":[{"embeddable":true,"href":"https:\/\/prohoster.info\/de\/wp-json\/wp\/v2\/users\/1"}],"replies":[{"embeddable":true,"href":"https:\/\/prohoster.info\/de\/wp-json\/wp\/v2\/comments?post=33485"}],"version-history":[{"count":1,"href":"https:\/\/prohoster.info\/de\/wp-json\/wp\/v2\/posts\/33485\/revisions"}],"predecessor-version":[{"id":158572,"href":"https:\/\/prohoster.info\/de\/wp-json\/wp\/v2\/posts\/33485\/revisions\/158572"}],"wp:featuredmedia":[{"embeddable":true,"href":"https:\/\/prohoster.info\/de\/wp-json\/wp\/v2\/media\/25187"}],"wp:attachment":[{"href":"https:\/\/prohoster.info\/de\/wp-json\/wp\/v2\/media?parent=33485"}],"wp:term":[{"taxonomy":"category","embeddable":true,"href":"https:\/\/prohoster.info\/de\/wp-json\/wp\/v2\/categories?post=33485"},{"taxonomy":"post_tag","embeddable":true,"href":"https:\/\/prohoster.info\/de\/wp-json\/wp\/v2\/tags?post=33485"}],"curies":[{"name":"wp","href":"https:\/\/api.w.org\/{rel}","templated":true}]}}