{"id":34899,"date":"2019-10-31T22:01:08","date_gmt":"2019-10-31T19:01:08","guid":{"rendered":"https:\/\/prohoster.info\/blog\/intel-hochet-bolshe-otkrytosti-kompaniya-sobiraetsya-vernutsya-k-provedeniyu-idf\/"},"modified":"2019-10-31T22:01:08","modified_gmt":"2019-10-31T19:01:08","slug":"intel-hochet-bolshe-otkrytosti-kompaniya-sobiraetsya-vernutsya-k-provedeniyu-idf","status":"publish","type":"post","link":"https:\/\/prohoster.info\/de\/blog\/news\/intel-hochet-bolshe-otkrytosti-kompaniya-sobiraetsya-vernutsya-k-provedeniyu-idf","title":{"rendered":"Intel m\u00f6chte mehr Transparenz: Das Unternehmen plant die R\u00fcckkehr zur Durchf\u00fchrung des IDF","gt_translate_keys":[{"key":"rendered","format":"text"}]},"content":{"rendered":"<p>Das Unternehmen Intel plant, das Intel Developer Forum (IDF) wiederzubeleben \u2013 eine Reihe von Fachkonferenzen f\u00fcr Entwickler, IT-Profis und Branchenmedien, auf denen die Mitarbeiter des Unternehmens aktuelle Informationen zu innovativen Technologien und Entwicklungen teilten. Laut der Website Fudzilla k\u00f6nnte die einst beliebte Veranstaltung bereits in diesem Jahr zur\u00fcckkehren.<\/p>\n<p><img decoding=\"async\" alt=\"Intel m\u00f6chte mehr Transparenz: Das Unternehmen plant die R\u00fcckkehr zur Durchf\u00fchrung des IDF\" src=\"\/wp-content\/uploads\/2019\/06\/a41a88ccdb7a679b8c50b517d9423df4.JPG\" style=\"display:block;margin: 0 auto;\" \/><\/p>\n<p>Wir erinnern uns, dass Intel im Jahr 2017 <noindex><a rel=\"nofollow\" href=\"https:\/\/3dnews.ru\/950876\">auf die Durchf\u00fchrung<\/a><\/noindex> von IDF-Konferenzen verzichtet hat, die zuvor fast zwei Jahrzehnte lang j\u00e4hrlich stattfanden. Die Schlie\u00dfung der traditionellen Pr\u00e4senzveranstaltungen f\u00fcr Entwickler erfolgte zu einem Zeitpunkt, als das Unternehmen von dem damaligen CEO Brian Krzanich geleitet wurde, der mit mehreren umstrittenen Entscheidungen konfrontiert war. Offensichtlich war die Schlie\u00dfung des IDF eine davon. Als Hauptgrund f\u00fcr die Streichung der Entwicklerkonferenzen wurde damals der globale Wandel der Priorit\u00e4ten genannt, im Rahmen dessen Intel versuchte, sich von der PC-Richtung abzuwenden und sich zu einem Unternehmen zu entwickeln, das sich um Datenverarbeitungstechnologien baut.<\/p>\n<p>Der neue Intel-CEO Robert Swan legt gro\u00dfen Wert auf einen konstruktiven Dialog mit Nutzern und Kunden. Wie er bereits in einer seiner Reden verk\u00fcndete, ben\u00f6tigt Intel einen Kulturwandel. \"Es reicht nicht mehr aus, gute Produkte zu machen und zu warten, bis die Kunden kommen \u2013 das Unternehmen muss nun anfangen, sich selbst nur als einen der Akteure zu betrachten und seine Produkte auf die Bed\u00fcrfnisse der Kunden auszurichten\", erkl\u00e4rte der Gesch\u00e4ftsf\u00fchrer von Intel Anfang Mai vor Investoren. Wenn Intel sich solche Ziele setzt, k\u00f6nnte die Branchenkonferenz eine sehr gro\u00dfe Rolle beim Aufbau einer bidirektionalen Interaktion zwischen dem Unternehmen und seinen Kunden und Nutzern spielen.<\/p>\n<p><img decoding=\"async\" alt=\"Intel m\u00f6chte mehr Transparenz: Das Unternehmen plant die R\u00fcckkehr zur Durchf\u00fchrung des IDF\" src=\"\/wp-content\/uploads\/2019\/06\/76663bbd14beda17e6913c2fd6bc4f40.JPG\" style=\"display:block;margin: 0 auto;\" \/><\/p>\n<p>In letzter Zeit betonen Mitarbeiter von Intel h\u00e4ufig, dass der Dialog mit der Community f\u00fcr sie von \u00e4u\u00dferster Bedeutung ist. Ein deutliches Beispiel ist das Programm <noindex><a rel=\"nofollow\" href=\"https:\/\/3dnews.ru\/983196\">Odyssee<\/a><\/noindex>, in dem das Unternehmen mit Nutzern \u00fcber seine Strategie zur Entwicklung grafischer L\u00f6sungen diskutiert. Au\u00dferdem hat Intel zu Beginn des Jahres ein Programm f\u00fcr Laptop-Hersteller gestartet. <noindex><a rel=\"nofollow\" href=\"https:\/\/3dnews.ru\/988236\">Projekt Athena<\/a><\/noindex>, das eine weitere Form der Interaktion darstellt, die darauf abzielt, die Technologien des Unternehmens auf dem Markt f\u00fcr mobile Computer zu f\u00f6rdern. Offensichtlich passt die R\u00fcckkehr des IDF als gro\u00df angelegte Pr\u00e4senzveranstaltung f\u00fcr die breite \u00d6ffentlichkeit aus der Reihe von Enthusiasten und Fachleuten hervorragend in dieses Bild.<\/p>\n<p><center><\/center><\/p>\n<p>Es ist noch unklar, ob Intel den Namen IDF weiterhin verwenden oder einen neuen Namen f\u00fcr das wiederbelebte Entwicklerforum finden wird. Auch ist unklar, wann genau eine solche Konferenz stattfinden wird. Zuvor fanden die IDF-Sitzungen traditionell in der ersten Septemberh\u00e4lfte statt, das Unternehmen k\u00f6nnte jedoch jetzt auch einen anderen Zeitplan w\u00e4hlen.<\/p>\n<p><center><\/p>\n<p><\/center><\/p>\n<p>\t\t\t\t<center><br \/>\n\t\t\t\t\t\t\t\t<\/center><br \/>Quelle: <a content=\"nofollow\" rel=\"nofollow\" href=\"https:\/\/3dnews.ru\/988410\">3dnews.ru<\/a><\/p>","protected":false,"gt_translate_keys":[{"key":"rendered","format":"html"}]},"excerpt":{"rendered":"<p>\u041a\u043e\u043c\u043f\u0430\u043d\u0438\u044f Intel \u0441\u043e\u0431\u0438\u0440\u0430\u0435\u0442\u0441\u044f \u0432\u043e\u0437\u043e\u0431\u043d\u043e\u0432\u0438\u0442\u044c \u043f\u0440\u043e\u0432\u0435\u0434\u0435\u043d\u0438\u0435 Intel Developer Forum (IDF)&nbsp;&mdash; \u0441\u0435\u0440\u0438\u0438 \u0442\u0435\u043c\u0430\u0442\u0438\u0447\u0435\u0441\u043a\u0438\u0445 \u043a\u043e\u043d\u0444\u0435\u0440\u0435\u043d\u0446\u0438\u0439 \u0434\u043b\u044f \u0440\u0430\u0437\u0440\u0430\u0431\u043e\u0442\u0447\u0438\u043a\u043e\u0432, IT-\u0441\u043f\u0435\u0446\u0438\u0430\u043b\u0438\u0441\u0442\u043e\u0432 \u0438 \u043e\u0442\u0440\u0430\u0441\u043b\u0435\u0432\u043e\u0439 \u043f\u0440\u0435\u0441\u0441\u044b, \u043d\u0430 \u043a\u043e\u0442\u043e\u0440\u043e\u0439 \u0441\u043e\u0442\u0440\u0443\u0434\u043d\u0438\u043a\u0438 \u043a\u043e\u043c\u043f\u0430\u043d\u0438\u0438 \u0434\u0435\u043b\u0438\u043b\u0438\u0441\u044c \u0430\u043a\u0442\u0443\u0430\u043b\u044c\u043d\u043e\u0439 \u0438\u043d\u0444\u043e\u0440\u043c\u0430\u0446\u0438\u0435\u0439 \u043e \u043f\u0435\u0440\u0435\u0434\u043e\u0432\u044b\u0445 \u0442\u0435\u0445\u043d\u043e\u043b\u043e\u0433\u0438\u044f\u0445 \u0438 \u0440\u0430\u0437\u0440\u0430\u0431\u043e\u0442\u043a\u0430\u0445. \u041a\u0430\u043a \u0441\u043e\u043e\u0431\u0449\u0430\u0435\u0442 \u0441\u0430\u0439\u0442 Fudzilla, \u043f\u043e\u043f\u0443\u043b\u044f\u0440\u043d\u043e\u0435 \u0432 \u043f\u0440\u043e\u0448\u043b\u043e\u043c \u043c\u0435\u0440\u043e\u043f\u0440\u0438\u044f\u0442\u0438\u0435 \u043c\u043e\u0436\u0435\u0442 \u0432\u0435\u0440\u043d\u0443\u0442\u044c\u0441\u044f \u0443\u0436\u0435 \u0432 \u044d\u0442\u043e\u043c \u0433\u043e\u0434\u0443. \u041d\u0430\u043f\u043e\u043c\u043d\u0438\u043c, \u0432 2017 \u0433\u043e\u0434\u0443 Intel \u043e\u0442\u043a\u0430\u0437\u0430\u043b\u0430\u0441\u044c \u043e\u0442 \u043f\u0440\u043e\u0432\u0435\u0434\u0435\u043d\u0438\u044f \u043a\u043e\u043d\u0444\u0435\u0440\u0435\u043d\u0446\u0438\u0439 IDF, \u043a\u043e\u0442\u043e\u0440\u044b\u0435 [&hellip;]<\/p>\n","protected":false,"gt_translate_keys":[{"key":"rendered","format":"html"}]},"author":1,"featured_media":26273,"comment_status":"open","ping_status":"open","sticky":false,"template":"","format":"standard","meta":{"footnotes":""},"categories":[702],"tags":[],"class_list":["post-34899","post","type-post","status-publish","format-standard","has-post-thumbnail","hentry","category-news"],"aioseo_notices":[],"aioseo_head":"\n\t\t<!-- All in One SEO 5.0.1.1 - aioseo.com -->\n\t<meta name=\"description\" content=\"\u041a\u043e\u043c\u043f\u0430\u043d\u0438\u044f Intel \u0441\u043e\u0431\u0438\u0440\u0430\u0435\u0442\u0441\u044f \u0432\u043e\u0437\u043e\u0431\u043d\u043e\u0432\u0438\u0442\u044c \u043f\u0440\u043e\u0432\u0435\u0434\u0435\u043d\u0438\u0435 Intel Developer Forum (IDF) \u2014 \u0441\u0435\u0440\u0438\u0438 \u0442\u0435\u043c\u0430\u0442\u0438\u0447\u0435\u0441\u043a\u0438\u0445 \u043a\u043e\u043d\u0444\u0435\u0440\u0435\u043d\u0446\u0438\u0439 \u0434\u043b\u044f \u0440\u0430\u0437\u0440\u0430\u0431\u043e\u0442\u0447\u0438\u043a\u043e\u0432, IT-\u0441\u043f\u0435\u0446\u0438\u0430\u043b\u0438\u0441\u0442\u043e\u0432 \u0438 \u043e\u0442\u0440\u0430\u0441\u043b\u0435\u0432\u043e\u0439 \u043f\u0440\u0435\u0441\u0441\u044b, \u043d\u0430 \u043a\u043e\u0442\u043e\u0440\u043e\u0439 \u0441\u043e\u0442\u0440\u0443\u0434\u043d\u0438\u043a\u0438 \u043a\u043e\u043c\u043f\u0430\u043d\u0438\u0438 \u0434\u0435\u043b\u0438\u043b\u0438\u0441\u044c \u0430\u043a\u0442\u0443\u0430\u043b\u044c\u043d\u043e\u0439.\" \/>\n\t<meta name=\"robots\" content=\"max-image-preview:large\" \/>\n\t<meta name=\"author\" content=\"Yuri Gagarin\"\/>\n\t<link rel=\"canonical\" href=\"https:\/\/prohoster.info\/de\/blog\/news\/intel-hochet-bolshe-otkrytosti-kompaniya-sobiraetsya-vernutsya-k-provedeniyu-idf\" \/>\n\t<meta name=\"generator\" content=\"All in One SEO (AIOSEO) 5.0.1.1\" \/>\n\t\t<meta property=\"og:locale\" content=\"de_DE\" \/>\n\t\t<meta property=\"og:site_name\" content=\"ProHoster | \u041a\u0443\u043f\u0438\u0442\u044c \u043d\u0430\u0434\u0435\u0436\u043d\u044b\u0439 \u0445\u043e\u0441\u0442\u0438\u043d\u0433 \u0434\u043b\u044f \u0441\u0430\u0439\u0442\u043e\u0432 \u0441 \u0437\u0430\u0449\u0438\u0442\u043e\u0439 \u043e\u0442 DDoS, VPS VDS \u0441\u0435\u0440\u0432\u0435\u0440\u044b\" \/>\n\t\t<meta property=\"og:type\" content=\"article\" \/>\n\t\t<meta property=\"og:title\" content=\"\ud83e\udd47Intel \u0445\u043e\u0447\u0435\u0442 \u0431\u043e\u043b\u044c\u0448\u0435 \u043e\u0442\u043a\u0440\u044b\u0442\u043e\u0441\u0442\u0438: \u043a\u043e\u043c\u043f\u0430\u043d\u0438\u044f \u0441\u043e\u0431\u0438\u0440\u0430\u0435\u0442\u0441\u044f \u0432\u0435\u0440\u043d\u0443\u0442\u044c\u0441\u044f \u043a \u043f\u0440\u043e\u0432\u0435\u0434\u0435\u043d\u0438\u044e IDF | ProHoster\" \/>\n\t\t<meta property=\"og:description\" content=\"\u041a\u043e\u043c\u043f\u0430\u043d\u0438\u044f Intel \u0441\u043e\u0431\u0438\u0440\u0430\u0435\u0442\u0441\u044f \u0432\u043e\u0437\u043e\u0431\u043d\u043e\u0432\u0438\u0442\u044c \u043f\u0440\u043e\u0432\u0435\u0434\u0435\u043d\u0438\u0435 Intel Developer Forum (IDF) \u2014 \u0441\u0435\u0440\u0438\u0438 \u0442\u0435\u043c\u0430\u0442\u0438\u0447\u0435\u0441\u043a\u0438\u0445 \u043a\u043e\u043d\u0444\u0435\u0440\u0435\u043d\u0446\u0438\u0439 \u0434\u043b\u044f \u0440\u0430\u0437\u0440\u0430\u0431\u043e\u0442\u0447\u0438\u043a\u043e\u0432, IT-\u0441\u043f\u0435\u0446\u0438\u0430\u043b\u0438\u0441\u0442\u043e\u0432 \u0438 \u043e\u0442\u0440\u0430\u0441\u043b\u0435\u0432\u043e\u0439 \u043f\u0440\u0435\u0441\u0441\u044b, \u043d\u0430 \u043a\u043e\u0442\u043e\u0440\u043e\u0439 \u0441\u043e\u0442\u0440\u0443\u0434\u043d\u0438\u043a\u0438 \u043a\u043e\u043c\u043f\u0430\u043d\u0438\u0438 \u0434\u0435\u043b\u0438\u043b\u0438\u0441\u044c \u0430\u043a\u0442\u0443\u0430\u043b\u044c\u043d\u043e\u0439.\" \/>\n\t\t<meta property=\"og:url\" content=\"https:\/\/prohoster.info\/de\/blog\/news\/intel-hochet-bolshe-otkrytosti-kompaniya-sobiraetsya-vernutsya-k-provedeniyu-idf\" \/>\n\t\t<meta property=\"og:image\" content=\"https:\/\/prohoster.info\/wp-content\/uploads\/2021\/11\/logo-350.jpg\" \/>\n\t\t<meta property=\"og:image:secure_url\" content=\"https:\/\/prohoster.info\/wp-content\/uploads\/2021\/11\/logo-350.jpg\" \/>\n\t\t<meta property=\"og:image:width\" content=\"350\" \/>\n\t\t<meta property=\"og:image:height\" content=\"350\" \/>\n\t\t<meta property=\"article:published_time\" content=\"2019-10-31T19:01:08+00:00\" \/>\n\t\t<meta property=\"article:modified_time\" content=\"2019-10-31T19:01:08+00:00\" \/>\n\t\t<meta property=\"article:publisher\" content=\"https:\/\/www.facebook.com\/prohoster\" \/>\n\t\t<meta property=\"article:author\" content=\"https:\/\/www.facebook.com\/prohoster\" \/>\n\t\t<!-- All in One SEO -->\n\n","aioseo_head_json":{"title":"\ud83e\udd47Intel will mehr Transparenz: Das Unternehmen plant, zum IDF zur\u00fcckzukehren | ProHoster","description":"Die Firma Intel plant, die Durchf\u00fchrung des Intel Developer Forum (IDF) wieder aufzunehmen \u2013 einer Reihe von Fachkonferenzen f\u00fcr Entwickler, IT-Fachleute und die Fachpresse, auf denen die Mitarbeiter des Unternehmens aktuelle Informationen teilten.","canonical_url":"https:\/\/prohoster.info\/de\/blog\/news\/intel-hochet-bolshe-otkrytosti-kompaniya-sobiraetsya-vernutsya-k-provedeniyu-idf","robots":"max-image-preview:large","keywords":"","webmasterTools":{"miscellaneous":""},"schema":null,"og:locale":"de_DE","og:site_name":"ProHoster | \u041a\u0443\u043f\u0438\u0442\u044c \u043d\u0430\u0434\u0435\u0436\u043d\u044b\u0439 \u0445\u043e\u0441\u0442\u0438\u043d\u0433 \u0434\u043b\u044f \u0441\u0430\u0439\u0442\u043e\u0432 \u0441 \u0437\u0430\u0449\u0438\u0442\u043e\u0439 \u043e\u0442 DDoS, VPS VDS \u0441\u0435\u0440\u0432\u0435\u0440\u044b","og:type":"article","og:title":"\ud83e\udd47Intel \u0445\u043e\u0447\u0435\u0442 \u0431\u043e\u043b\u044c\u0448\u0435 \u043e\u0442\u043a\u0440\u044b\u0442\u043e\u0441\u0442\u0438: \u043a\u043e\u043c\u043f\u0430\u043d\u0438\u044f \u0441\u043e\u0431\u0438\u0440\u0430\u0435\u0442\u0441\u044f \u0432\u0435\u0440\u043d\u0443\u0442\u044c\u0441\u044f \u043a \u043f\u0440\u043e\u0432\u0435\u0434\u0435\u043d\u0438\u044e IDF | ProHoster","og:description":"\u041a\u043e\u043c\u043f\u0430\u043d\u0438\u044f Intel \u0441\u043e\u0431\u0438\u0440\u0430\u0435\u0442\u0441\u044f \u0432\u043e\u0437\u043e\u0431\u043d\u043e\u0432\u0438\u0442\u044c \u043f\u0440\u043e\u0432\u0435\u0434\u0435\u043d\u0438\u0435 Intel Developer Forum (IDF) \u2014 \u0441\u0435\u0440\u0438\u0438 \u0442\u0435\u043c\u0430\u0442\u0438\u0447\u0435\u0441\u043a\u0438\u0445 \u043a\u043e\u043d\u0444\u0435\u0440\u0435\u043d\u0446\u0438\u0439 \u0434\u043b\u044f \u0440\u0430\u0437\u0440\u0430\u0431\u043e\u0442\u0447\u0438\u043a\u043e\u0432, IT-\u0441\u043f\u0435\u0446\u0438\u0430\u043b\u0438\u0441\u0442\u043e\u0432 \u0438 \u043e\u0442\u0440\u0430\u0441\u043b\u0435\u0432\u043e\u0439 \u043f\u0440\u0435\u0441\u0441\u044b, \u043d\u0430 \u043a\u043e\u0442\u043e\u0440\u043e\u0439 \u0441\u043e\u0442\u0440\u0443\u0434\u043d\u0438\u043a\u0438 \u043a\u043e\u043c\u043f\u0430\u043d\u0438\u0438 \u0434\u0435\u043b\u0438\u043b\u0438\u0441\u044c \u0430\u043a\u0442\u0443\u0430\u043b\u044c\u043d\u043e\u0439.","og:url":"https:\/\/prohoster.info\/de\/blog\/news\/intel-hochet-bolshe-otkrytosti-kompaniya-sobiraetsya-vernutsya-k-provedeniyu-idf","og:image":"https:\/\/prohoster.info\/wp-content\/uploads\/2021\/11\/logo-350.jpg","og:image:secure_url":"https:\/\/prohoster.info\/wp-content\/uploads\/2021\/11\/logo-350.jpg","og:image:width":350,"og:image:height":350,"article:published_time":"2019-10-31T19:01:08+00:00","article:modified_time":"2019-10-31T19:01:08+00:00","article:publisher":"https:\/\/www.facebook.com\/prohoster","article:author":"https:\/\/www.facebook.com\/prohoster"},"aioseo_meta_data":{"post_id":"34899","title":null,"description":null,"keywords":null,"keyphrases":null,"primary_term":null,"canonical_url":null,"og_title":null,"og_description":null,"og_object_type":"default","og_image_type":"default","og_image_url":null,"og_image_width":null,"og_image_height":null,"og_image_custom_url":null,"og_image_custom_fields":null,"og_video":null,"og_custom_url":null,"og_article_section":null,"og_article_tags":null,"twitter_use_og":false,"twitter_card":"default","twitter_image_type":"default","twitter_image_url":null,"twitter_image_custom_url":null,"twitter_image_custom_fields":null,"twitter_title":null,"twitter_description":null,"schema":{"blockGraphs":[],"customGraphs":[],"default":{"data":{"Article":[],"Course":[],"Dataset":[],"FAQPage":[],"Movie":[],"Person":[],"Product":[],"ProductReview":[],"Car":[],"Recipe":[],"Service":[],"SoftwareApplication":[],"WebPage":[]},"graphName":"","isEnabled":true},"graphs":[]},"schema_type":null,"schema_type_options":null,"pillar_content":false,"robots_default":true,"robots_noindex":false,"robots_noarchive":false,"robots_nosnippet":false,"robots_nofollow":false,"robots_noimageindex":false,"robots_noodp":false,"robots_notranslate":false,"robots_max_snippet":null,"robots_max_videopreview":null,"robots_max_imagepreview":"large","priority":null,"frequency":null,"local_seo":null,"seo_analyzer_scan_date":"2026-01-21 21:01:40","breadcrumb_settings":null,"limit_modified_date":false,"reviewed_by":null,"ai":null,"created":"2021-03-01 02:13:26","updated":"2026-01-21 21:01:40","focus_keyword":null,"additional_keywords":null,"truseo_locale":null},"gt_translate_keys":[{"key":"link","format":"url"}],"_links":{"self":[{"href":"https:\/\/prohoster.info\/de\/wp-json\/wp\/v2\/posts\/34899","targetHints":{"allow":["GET"]}}],"collection":[{"href":"https:\/\/prohoster.info\/de\/wp-json\/wp\/v2\/posts"}],"about":[{"href":"https:\/\/prohoster.info\/de\/wp-json\/wp\/v2\/types\/post"}],"author":[{"embeddable":true,"href":"https:\/\/prohoster.info\/de\/wp-json\/wp\/v2\/users\/1"}],"replies":[{"embeddable":true,"href":"https:\/\/prohoster.info\/de\/wp-json\/wp\/v2\/comments?post=34899"}],"version-history":[{"count":0,"href":"https:\/\/prohoster.info\/de\/wp-json\/wp\/v2\/posts\/34899\/revisions"}],"wp:featuredmedia":[{"embeddable":true,"href":"https:\/\/prohoster.info\/de\/wp-json\/wp\/v2\/media\/26273"}],"wp:attachment":[{"href":"https:\/\/prohoster.info\/de\/wp-json\/wp\/v2\/media?parent=34899"}],"wp:term":[{"taxonomy":"category","embeddable":true,"href":"https:\/\/prohoster.info\/de\/wp-json\/wp\/v2\/categories?post=34899"},{"taxonomy":"post_tag","embeddable":true,"href":"https:\/\/prohoster.info\/de\/wp-json\/wp\/v2\/tags?post=34899"}],"curies":[{"name":"wp","href":"https:\/\/api.w.org\/{rel}","templated":true}]}}