{"id":35170,"date":"2019-10-31T22:02:42","date_gmt":"2019-10-31T19:02:42","guid":{"rendered":"https:\/\/prohoster.info\/blog\/novaya-statya-obzor-4k-proektora-benq-w2700-na-uroven-vyshe\/"},"modified":"2019-10-31T22:02:42","modified_gmt":"2019-10-31T19:02:42","slug":"novaya-statya-obzor-4k-proektora-benq-w2700-na-uroven-vyshe","status":"publish","type":"post","link":"https:\/\/prohoster.info\/de\/blog\/news\/novaya-statya-obzor-4k-proektora-benq-w2700-na-uroven-vyshe","title":{"rendered":"Neuer Artikel: \u00dcberblick \u00fcber den 4K-Projektor BenQ W2700: Ein neues Niveau","gt_translate_keys":[{"key":"rendered","format":"text"}]},"content":{"rendered":"<p>Die Hersteller von Projektoren beginnen langsam, aber sicher mit der gro\u00dffl\u00e4chigen Einf\u00fchrung von UHD-Ger\u00e4ten und verwenden die unterschiedlichsten Tricks, um sie immer zug\u00e4nglicher zu machen. Der vor einem Jahr ver\u00f6ffentlichte und bereits als \u201eVolks-4K-Projektor\u201c bekannte BenQ W1700 ist in unserem Land schnell von 120-130 auf <noindex><a rel=\"nofollow\" href=\"https:\/\/market.yandex.ru\/product--proektor-benq-w1700\/1927460833\">70-80 Tausend<\/a><\/noindex>Rubel gefallen, w\u00e4hrend der ganz neu erschienene W1720, in dem einige offensichtliche M\u00e4ngel des Vorg\u00e4ngermodells behoben wurden, gleich zu Beginn des Verkaufs mit <noindex><a rel=\"nofollow\" href=\"httsp:\/\/market.yandex.ru\/product--proektor-benq-w1720\/439494498\">einem Preis von \u00fcber 80 Tausend Rubel erfreute.<\/a><\/noindex>.<\/p>\n<p><img decoding=\"async\" alt=\"Neuer Artikel: \u00dcberblick \u00fcber den 4K-Projektor BenQ W2700: Ein neues Niveau\" src=\"\/wp-content\/uploads\/2019\/06\/a8fff68a3188fdef1cf211b6918ae45f.jpg\" style=\"display:block;margin: 0 auto;\" \/><\/p>\n<p>Heute sprechen wir jedoch \u00fcber eine fortschrittlichere L\u00f6sung, die die Firma BenQ zur CinePrime-Serie z\u00e4hlt (einfachere Modelle geh\u00f6ren zur CineHome-Serie) \u2013 den BenQ W2700 Multimedia-Projektor, der neue Standards f\u00fcr Qualit\u00e4t und Farbgenauigkeit im Segment von 150-200 Tausend Rubel setzt.<\/p>\n<h2><noindex><a rel=\"nofollow\" href=\"#contents\" class=\"right paragraph tooltip\" data-tooltip=\"\u0412\u0435\u0440\u043d\u0443\u0442\u044c\u0441\u044f \u043a \u043e\u0433\u043b\u0430\u0432\u043b\u0435\u043d\u0438\u044e\">&#8673;<\/a><\/noindex><noindex><a rel=\"nofollow\" name=\"\u0421\u043f\u0440\u0430\u0432\u043e\u0447\u043d\u0430\u044f \u0438\u043d\u0444\u043e\u0440\u043c\u0430\u0446\u0438\u044f, \u0442\u0435\u0445\u043d\u0438\u0447\u0435\u0441\u043a\u0438\u0435 \u0445\u0430\u0440\u0430\u043a\u0442\u0435\u0440\u0438\u0441\u0442\u0438\u043a\u0438 \u0438 \u043e\u0441\u043e\u0431\u0435\u043d\u043d\u043e\u0441\u0442\u0438\" href=\"#\u0421\u043f\u0440\u0430\u0432\u043e\u0447\u043d\u0430\u044f \u0438\u043d\u0444\u043e\u0440\u043c\u0430\u0446\u0438\u044f, \u0442\u0435\u0445\u043d\u0438\u0447\u0435\u0441\u043a\u0438\u0435 \u0445\u0430\u0440\u0430\u043a\u0442\u0435\u0440\u0438\u0441\u0442\u0438\u043a\u0438 \u0438 \u043e\u0441\u043e\u0431\u0435\u043d\u043d\u043e\u0441\u0442\u0438\" class=\"right paragraph tooltip\" data-tooltip=\"\u0421\u0441\u044b\u043b\u043a\u0430 \u043d\u0430 \u044d\u0442\u0443 \u0433\u043b\u0430\u0432\u0443\">#<\/a><\/noindex>Referenzinformationen, technische Spezifikationen und Besonderheiten<\/h2>\n<p>Der Protagonist der heutigen Bewertung (bekannt als HT3550 in den USA und einigen europ\u00e4ischen L\u00e4ndern) wurde erstmals im Januar 2019 zusammen mit einer fortgeschritteneren Version namens W5700 und einer ganz anderen Klasse \u2013 dem L6000 mit einer Beleuchtung auf Basis eines blauen Lasers und Phosphors \u2013 der \u00d6ffentlichkeit pr\u00e4sentiert. Der Schwerpunkt beim Design der Neuheiten lag auf einer extrem pr\u00e4zisen und, was wichtig ist, individuellen Kalibrierung jeder Einheit im Werk sowie der Unterst\u00fctzung des modernen Farbraums DCI-P3, der heutzutage in der Filmindustrie als Referenz verwendet wird. &nbsp;<\/p>\n<table class=\"neat\">\n<tbody>\n<tr>\n<th colspan=\"2\"><strong>BenQ W2700 Projektor<\/strong><\/th>\n<\/tr>\n<tr>\n<td class=\"light\"><strong>Helligkeit<\/strong><\/td>\n<td>2000 ANSI Lumen<\/td>\n<\/tr>\n<tr>\n<td class=\"light\"><strong>Reale Aufl\u00f6sung<\/strong><\/td>\n<td>1920&nbsp;&times; 1080 (3840 &times; 2160 &#8212; mit 4-fachem XRP-Versatz)<\/td>\n<\/tr>\n<tr>\n<td class=\"light\"><strong>Unterst\u00fctzte Aufl\u00f6sung<\/strong><\/td>\n<td>Bis zu 3840 &times; 2160 bei 60 Hz<\/td>\n<\/tr>\n<tr>\n<td class=\"light\"><strong>Anzahl der darstellbaren Farben<\/strong><\/td>\n<td>1,07 Milliarden, Farbraum 100 % Rec.709 und 95 % DCI-P3<\/td>\n<\/tr>\n<tr>\n<td class=\"light\"><strong>Kontrastverh\u00e4ltnis<\/strong><\/td>\n<td>30 000 : 1<\/td>\n<\/tr>\n<tr>\n<td class=\"light\"><strong>Lampenspezifikationen, Modi Standard \/ \u201eEco\u201c \/ \u201eSmart Eco\u201c<\/strong><\/td>\n<td>Ungef\u00e4hr 4000 \/ 10.000 \/ 15.000 Stunden, 245 W<\/td>\n<\/tr>\n<tr>\n<td class=\"light\"><strong>Projektionssystem<\/strong><\/td>\n<td>0,47-Zoll mit optischem Aktuator XRP, 4K UHD DMD-Chip von Texas Instruments, BrilliantColor-Technologie<\/td>\n<\/tr>\n<tr>\n<td class=\"light\"><strong>Projektionsverh\u00e4ltnis<\/strong><\/td>\n<td>1,13&ndash;1,47 : 1 (Abstand\/Breite)<\/td>\n<\/tr>\n<tr>\n<td class=\"light\"><strong>Bildgr\u00f6\u00dfe diagonal<\/strong><\/td>\n<td>30&ndash;200 Zoll<\/td>\n<\/tr>\n<tr>\n<td class=\"light\"><strong>Projektionsabstand<\/strong><\/td>\n<td>3,01-3,94 Meter f\u00fcr einen 120-Zoll-Bildschirm<\/td>\n<\/tr>\n<tr>\n<td class=\"light\"><strong>Objektivparameter<\/strong><\/td>\n<td>F=1,9&ndash;2,48 | f = 12-15,6 mm<\/td>\n<\/tr>\n<tr>\n<td class=\"light\"><strong>Zoom, Fokus<\/strong><\/td>\n<td>1,3 : 1, manueller Zoom\/manueller Fokus<\/td>\n<\/tr>\n<tr>\n<td class=\"light\"><strong>Bildformat<\/strong><\/td>\n<td>16:9 Standard, 2 Formate zur Auswahl<\/td>\n<\/tr>\n<tr>\n<td class=\"light\"><strong>Offset<\/strong><\/td>\n<td>110 % &plusmn; 2,5 %<\/td>\n<\/tr>\n<tr>\n<td class=\"light\"><strong>Korrektur von trapezf\u00f6rmigen Verzerrungen<\/strong><\/td>\n<td>Vertikal, &nbsp; &plusmn;30 Grad<\/td>\n<\/tr>\n<tr>\n<td class=\"light\"><strong>Objektivverschiebung horizontal\/vertikal<\/strong><\/td>\n<td>Nein\/+10 Grad<\/td>\n<\/tr>\n<tr>\n<td class=\"light\"><strong>Frequenz der horizontalen Abtastung<\/strong><\/td>\n<td>15&ndash;135 kHz<\/td>\n<\/tr>\n<tr>\n<td class=\"light\"><strong>Frequenz der vertikalen Abtastung<\/strong><\/td>\n<td>23&ndash;120 Hz<\/td>\n<\/tr>\n<tr>\n<td class=\"light\"><strong>Lautsprecher<\/strong><\/td>\n<td>2 &times; 5 W<\/td>\n<\/tr>\n<tr>\n<td class=\"light\"><strong>Installation<\/strong><\/td>\n<td>Tischger\u00e4t, Deckenmontage<\/td>\n<\/tr>\n<tr>\n<td class=\"light\"><strong>Projektor<\/strong><\/td>\n<td>Frontal oder R\u00fcckseite<\/td>\n<\/tr>\n<tr>\n<td class=\"light\"><strong>Unterst\u00fctzte Standards<\/strong><\/td>\n<td>480i, 480p, 576i, 576p, 720p, 1080i, 1080p, 3840&#215;2160, NTSC, PAL, SECAM&nbsp;<\/td>\n<\/tr>\n<tr>\n<td class=\"light\"><strong>Schnittstellen<\/strong><\/td>\n<td>2 &times; HDMI 2.0 (mit HDCP 2.2 Unterst\u00fctzung), USB Typ-A (2,5A Leistung), USB 3.0 Typ-A (Media Reader), USB Typ mini B (Service), Audio-Ausgang (Mini-Klinke), S\/P-DIF, RS232-In, DC 12V Trigger (3,5 mm), IR-Empf\u00e4nger (vorne und oben)&nbsp;<\/td>\n<\/tr>\n<tr>\n<td class=\"light\"><strong>Merkmale<\/strong><\/td>\n<td>CinePrime-Serie, neuer DMD-Chip mit 2,07 Millionen Mikrospiegeln und \u201eInterpolation\u201c bis zu 8,3 Millionen Pixeln (4-way XRP-Technologie), Unterst\u00fctzung f\u00fcr HDR10 und HLG dank der HDR-Pro-Technologie, 3D, 6-Segment RGBRGB-Farbrad, CinematicColor DCI-P3, BrilliantColor-Technologie, aktive Blende (Dynamic Black-Technologie), werkseitige Kalibrierung, SmartEco, CinemaMaster Video+, CinemaMaster Audio+ 2, Motion Enhancer (MEMC), Low Dispersion Lens, ISF, USB Media Reader, USB Firmware Update<\/td>\n<\/tr>\n<tr>\n<td class=\"light\"><strong>Sicherheit<\/strong><\/td>\n<td>Kensington-Schloss, Tastensperre<\/td>\n<\/tr>\n<tr>\n<td class=\"light\"><strong>Gewicht<\/strong><\/td>\n<td>4,2 kg<\/td>\n<\/tr>\n<tr>\n<td class=\"light\"><strong>Abmessungen<\/strong><\/td>\n<td>380 &times; 127 &times; 263 mm<\/td>\n<\/tr>\n<tr>\n<td class=\"light\"><strong>Ger\u00e4uschpegel<\/strong><\/td>\n<td>28\/30 dB (Silence Mode\/Normalbetrieb)<\/td>\n<\/tr>\n<tr>\n<td class=\"light\"><strong>Stromversorgung<\/strong><\/td>\n<td>100-240 V, 50\/60 Hz<\/td>\n<\/tr>\n<tr>\n<td class=\"light\"><strong>Stromverbrauch<\/strong><\/td>\n<td>350 W (maximal), 340 W (normal), 280 W (Eco), &lt;0,5 W (im Standby-Modus)<\/td>\n<\/tr>\n<tr>\n<td class=\"light\"><strong>Zus\u00e4tzliche Zubeh\u00f6rteile<\/strong><\/td>\n<td>Lampeneinheit; <br \/>3D-Brille<\/td>\n<\/tr>\n<tr>\n<td class=\"light\"><strong>Garantie<\/strong><\/td>\n<td>3 Jahre (auf den Projektor)<\/td>\n<\/tr>\n<tr>\n<td class=\"light\"><strong>Ungef\u00e4hre Preise (laut \u201eYandex.Markt\u201c)<\/strong><\/td>\n<td><noindex>125&nbsp;000-130&nbsp;000 Rubel<\/noindex><\/td>\n<\/tr>\n<\/tbody>\n<\/table>\n<p>Eine der wichtigsten Neuerungen ist die Ausstattung des Projektors mit einem aktualisierten 0,47-Zoll-DLP-Panel von Texas Instruments, das nun ohne die unangenehme breite graue Leiste um das Bild auskommt, \u00fcber die viele Rezensenten nicht gerne berichteten. Diese ist nun nicht mehr vorhanden, ebenso wie die damit verbundenen Beschwerden an den Hersteller.<\/p>\n<p><img decoding=\"async\" alt=\"Neuer Artikel: \u00dcberblick \u00fcber den 4K-Projektor BenQ W2700: Ein neues Niveau\" src=\"\/wp-content\/uploads\/2019\/06\/b9e02cacbadf817659b01afe1a109dc0.jpg\" style=\"display:block;margin: 0 auto;\" \/><\/p>\n<p>Die physische Aufl\u00f6sung des Matrix bleibt bei 1920 \u00d7 1080 Pixel, w\u00e4hrend das System zur Erstellung eines 4K-Bildes (8,3 Millionen Pixel) die Neigung der Mikrospiegel viermal pro Bildrahmen \u00e4ndert (wir erhalten 4 Halbbilder), im Gegensatz zu der 0,67 Zoll gro\u00dfen Matrix im teuren BenQ W11000 (geh\u00f6rt zur ersten Generation von UHD-Projektoren), die eine etwas h\u00f6here physische Aufl\u00f6sung hatte und nur zwei Spiegelbewegungen ben\u00f6tigte. In beiden F\u00e4llen geschieht dies mit Hilfe des optischen XPR-Aktors, jedoch mit unterschiedlicher Geschwindigkeit.<\/p>\n<p>Im Laufe der Zeit hat sich die Technologie der Verschiebung der Mikromirrors als vollwertig erwiesen, sodass man, wenn man nicht mit einer Lupe zwischen Projektoren mit diesem Ansatz und Ger\u00e4ten mit echten 4K-Panels vergleicht, die Bildqualit\u00e4t unbesorgt genie\u00dfen kann.<\/p>\n<p><img decoding=\"async\" alt=\"Neuer Artikel: \u00dcberblick \u00fcber den 4K-Projektor BenQ W2700: Ein neues Niveau\" src=\"\/wp-content\/uploads\/2019\/06\/237662f952d6fc738b5eb8e6d470364f.jpg\" style=\"display:block;margin: 0 auto;\" \/><\/p>\n<p>Im neuen BenQ W2700 kommt eine Lampe mit einer Leistung von 245 W (verf\u00fcgbare Leistung 350 W) zum Einsatz, und der maximale Lichtstrom wird mit einem ganz typischen Wert von 2000 ANSI-Lumen angegeben, der tats\u00e4chlich nur im Betrieb des Projektors in einem hellen Raum ben\u00f6tigt wird. Um die Farbgenauigkeit zu gew\u00e4hrleisten, wird in diesem Modell ein 6-Segment-Farbrad mit prim\u00e4ren Farben (RGBRGB) verwendet, wobei die Farbfilter leicht modifiziert wurden, um den Farbraum zu erweitern, der f\u00fcr den W2700 mit 95 % DCI-P3 angegeben wird (oder ein zus\u00e4tzlicher Farbfilter wird verwendet, der automatisch bei der Wiedergabe von HDR-Inhalten aktiviert wird), allerdings ausschlie\u00dflich in einem der Modi mit verringerter Helligkeit. Daran ist aus unserer Sicht nichts auszusetzen, da der Raum f\u00fcr das Sehen in jedem Fall gem\u00e4\u00df den besten Praktiken vorbereitet werden sollte.<\/p>\n<p><img decoding=\"async\" alt=\"Neuer Artikel: \u00dcberblick \u00fcber den 4K-Projektor BenQ W2700: Ein neues Niveau\" src=\"\/wp-content\/uploads\/2019\/06\/05897e01c089482e908c1431bf0f654d.jpg\" style=\"display:block;margin: 0 auto;\" \/><\/p>\n<p>Um die Tiefe des Schwarztons zu erh\u00f6hen, ist der Projektor mit einer dynamischen Blende ausgestattet (Dynamic Black-Technologie), die deutlich bessere Ergebnisse liefert als andere Methoden, die darauf abzielen, denselben Effekt zu erzielen.<\/p>\n<p><img decoding=\"async\" alt=\"Neuer Artikel: \u00dcberblick \u00fcber den 4K-Projektor BenQ W2700: Ein neues Niveau\" src=\"\/wp-content\/uploads\/2019\/06\/2fd78695d15a0edf82a4b700f08397c3.jpg\" style=\"display:block;margin: 0 auto;\" \/><\/p>\n<p>Im Projektor wird ein k\u00fcrzerer 1,3-facher Zoomobjektiv verwendet, der mehr Elemente aus hochaufl\u00f6sendem, niedrig dispersivem Glas enth\u00e4lt, die in 8 Gruppen und in einem Metallgeh\u00e4use angeordnet sind. Dar\u00fcber hinaus wurde die M\u00f6glichkeit einer vertikalen Verschiebung um 10 % hinzugef\u00fcgt, um eine genauere und bequemere Anpassung der Bildposition zu erm\u00f6glichen.<\/p>\n<p><img decoding=\"async\" alt=\"Neuer Artikel: \u00dcberblick \u00fcber den 4K-Projektor BenQ W2700: Ein neues Niveau\" src=\"\/wp-content\/uploads\/2019\/06\/ff4e95bbcff3b15eac70e50ee942d3b1.jpg\" style=\"display:block;margin: 0 auto;\" \/><\/p>\n<p>Die automatische elektronische Korrektur von trapezf\u00f6rmigen Verzerrungen erleichtert die Einstellung, allerdings nur vertikal. Die Fokussierung und der Zoom des Projektors erfolgen manuell und separat, und um ein Bild mit einer Diagonale von 120 Zoll zu erhalten, muss der Abstand zur Projektionsfl\u00e4che zwischen 3,01 und 3,94 Metern liegen.<\/p>\n<p><img decoding=\"async\" alt=\"Neuer Artikel: \u00dcberblick \u00fcber den 4K-Projektor BenQ W2700: Ein neues Niveau\" src=\"\/wp-content\/uploads\/2019\/06\/3d2ebf674dc8cdb89fb8e0db73264d1a.jpg\" style=\"display:block;margin: 0 auto;\" \/><\/p>\n<p>Der W2700 ist m\u00f6glicherweise der einzige Projektor seiner Klasse mit einer angegebenen individuellen Werkseinstellung, die durch ein Zertifikat best\u00e4tigt wird. F\u00fcr das pr\u00e4zise Bild sind die Technologien Cinematic Color DCI-P3 und das nicht verschwundene Brilliant Color verantwortlich. Zus\u00e4tzlich besteht die M\u00f6glichkeit, eine manuelle Anpassung und Kalibrierung nach ISF-Standards durchzuf\u00fchren, sowie die Anpassung des Hauttons und eine allgemeine Verst\u00e4rkung der S\u00e4ttigung.<\/p>\n<p><img decoding=\"async\" alt=\"Neuer Artikel: \u00dcberblick \u00fcber den 4K-Projektor BenQ W2700: Ein neues Niveau\" src=\"\/wp-content\/uploads\/2019\/06\/516ce84eae9e7125d25e1813ea64e668.jpg\" style=\"display:block;margin: 0 auto;\" \/><\/p>\n<p>Dank der erweiterten Farbwiedergabem\u00f6glichkeiten spricht BenQ mit weniger Bedenken als zuvor \u00fcber die Unterst\u00fctzung der HDR10- und Hybrid Log Gamma (HLG)-Standards, deren Funktionalit\u00e4t durch die HDR-Pro-Technologie optimiert wird. Der Projektor erkennt automatisch den Typ des HDR-Inhalts und wechselt in den entsprechenden Betriebsmodus mit erweitertem Farbspektrum, w\u00e4hrend die Betriebshelligkeit gleichzeitig verringert wird.<\/p>\n<p>Um die Fl\u00fcssigkeit zu erh\u00f6hen, nutzt der W2700 die Motion Enhancer-Technologie, die auf dem Prinzip der Interpolation und Einf\u00fcgung der erforderlichen Anzahl von Bildern basiert (abh\u00e4ngig von der Quelle). Liebhaber eines solchen Effekts werden sicherlich gefunden, w\u00e4hrend diejenigen, die ein Bild sehen m\u00f6chten, das dem Original m\u00f6glichst nah kommt, einfach die Existenz dieser Funktion vergessen k\u00f6nnen.&nbsp;&nbsp;<\/p>\n<p>Eine weitere wichtige Neuerung war die Verwendung eines Stereo-Audiosystems, das aus zwei Lautsprechern mit einer Gesamtleistung von 10 W besteht. F\u00fcr die Klangqualit\u00e4t ist diesmal die aktualisierte CinemaMaster Audio+ 2-Technologie verantwortlich.<\/p>\n<p><img decoding=\"async\" alt=\"Neuer Artikel: \u00dcberblick \u00fcber den 4K-Projektor BenQ W2700: Ein neues Niveau\" src=\"\/wp-content\/uploads\/2019\/06\/00da57927a054ec24d10d05da0857263.jpg\" style=\"display:block;margin: 0 auto;\" \/><\/p>\n<p>Der Projektor ist mit einer ausreichenden Anzahl moderner Schnittstellen ausgestattet: zwei HDMI 2.0, RS-232, USB Type-A mit einem Ausgangsstrom von 2,5 A f\u00fcr schnelles Aufladen oder zus\u00e4tzliche Stromversorgung verschiedener HDMI-Sticks, einen Ausgang f\u00fcr 12-V-Trigger (man kann beispielsweise eine motorisierte Leinwand anschlie\u00dfen), S\/P-DIF, Audioausgang, einen Servicestecker auf Micro-USB-Basis und USB 3.0 als Media Reader. Ja, Sie haben richtig geh\u00f6rt \u2013 jetzt kann der Projektor ohne kabelgebundenen Anschluss an die Signalquelle genutzt werden: einfach den ben\u00f6tigten Film auf einen USB-Stick oder eine externe Festplatte kopieren und die Kabel vergessen.<\/p>\n<h2><noindex><a rel=\"nofollow\" href=\"#contents\" class=\"right paragraph tooltip\" data-tooltip=\"\u0412\u0435\u0440\u043d\u0443\u0442\u044c\u0441\u044f \u043a \u043e\u0433\u043b\u0430\u0432\u043b\u0435\u043d\u0438\u044e\">&#8673;<\/a><\/noindex><noindex><a rel=\"nofollow\" name=\"\u041a\u043e\u043c\u043f\u043b\u0435\u043a\u0442 \u043f\u043e\u0441\u0442\u0430\u0432\u043a\u0438, \u0432\u043d\u0435\u0448\u043d\u0438\u0439 \u0432\u0438\u0434 \u0438 \u043e\u0441\u043e\u0431\u0435\u043d\u043d\u043e\u0441\u0442\u0438 \u043a\u043e\u043d\u0441\u0442\u0440\u0443\u043a\u0446\u0438\u0438\" href=\"#\u041a\u043e\u043c\u043f\u043b\u0435\u043a\u0442 \u043f\u043e\u0441\u0442\u0430\u0432\u043a\u0438, \u0432\u043d\u0435\u0448\u043d\u0438\u0439 \u0432\u0438\u0434 \u0438 \u043e\u0441\u043e\u0431\u0435\u043d\u043d\u043e\u0441\u0442\u0438 \u043a\u043e\u043d\u0441\u0442\u0440\u0443\u043a\u0446\u0438\u0438\" class=\"right paragraph tooltip\" data-tooltip=\"\u0421\u0441\u044b\u043b\u043a\u0430 \u043d\u0430 \u044d\u0442\u0443 \u0433\u043b\u0430\u0432\u0443\">#<\/a><\/noindex>Lieferumfang, Aussehen und Konstruktionsmerkmale<\/h2>\n<p><img decoding=\"async\" alt=\"Neuer Artikel: \u00dcberblick \u00fcber den 4K-Projektor BenQ W2700: Ein neues Niveau\" src=\"\/wp-content\/uploads\/2019\/06\/b69b9d53be9c47737913a996f5d38a5c.jpg\" style=\"display:block;margin: 0 auto;\" \/><\/p>\n<p>Der BenQ W2700 wird in einer bereits bekannten kleinen Pappschachtel geliefert. Der Hauptaugenmerk liegt auf dem Satz \u00fcber die kinorealistische Farbwiedergabe (Reproduce Cinematic Color Accuracy), und zu den anderen Eigenschaften des Modells informieren uns neun spezielle Piktogramme. An einem der Aufkleber auf der Verpackung kann man die Seriennummer, das Datum (Februar 2019) und den Produktionsort des Ger\u00e4ts (China) erkennen.<\/p>\n<p><img decoding=\"async\" alt=\"Neuer Artikel: \u00dcberblick \u00fcber den 4K-Projektor BenQ W2700: Ein neues Niveau\" src=\"\/wp-content\/uploads\/2019\/06\/3ae8a56dfbf15302124ac62bd197d78d.jpg\" style=\"display:block;margin: 0 auto;\" \/><\/p>\n<p>Das Lieferumfang ist einfach \u2013 er umfasst Folgendes:<\/p>\n<table border=\"0\">\n<tbody>\n<tr>\n<td>\n<img decoding=\"async\" alt=\"Neuer Artikel: \u00dcberblick \u00fcber den 4K-Projektor BenQ W2700: Ein neues Niveau\" src=\"\/wp-content\/uploads\/2019\/06\/5527a503f9a447b0f4015675337671a6.jpg\" style=\"display:block;margin: 0 auto;\" \/>\n<\/td>\n<td width=\"1\">&nbsp;<\/td>\n<td>\n<img decoding=\"async\" alt=\"Neuer Artikel: \u00dcberblick \u00fcber den 4K-Projektor BenQ W2700: Ein neues Niveau\" src=\"\/wp-content\/uploads\/2019\/06\/564df3c8eed8a1439dc184e139afa1f0.jpg\" style=\"display:block;margin: 0 auto;\" \/>\n<\/td>\n<\/tr>\n<\/tbody>\n<\/table>\n<ul>\n<li>Netzkabel;<\/li>\n<li>Fernbedienung;<\/li>\n<li>zwei AAA-Batterien;<\/li>\n<li>CD mit Anleitungen im PDF-Format in verschiedenen Sprachen;<\/li>\n<li>Garantie-Zertifikat;<\/li>\n<li>Bericht \u00fcber die Ergebnisse der individuellen werkseitigen Kalibrierung;<\/li>\n<li>kurze Installations- und Einrichtungshinweise.<\/li>\n<\/ul>\n<p>Wir waren ein wenig verwirrt \u00fcber das Fehlen eines HDMI-Kabels, jedoch ist angesichts der Positionierung des Modells und seines Preises offensichtlich, dass ein tats\u00e4chlicher K\u00e4ufer keine solchen Anspr\u00fcche erheben wird. Schlie\u00dflich ben\u00f6tigt jedes Einsatzszenario und jeder Raum ein Kabel in einer bestimmten L\u00e4nge.<\/p>\n<table border=\"0\">\n<tbody>\n<tr>\n<td>\n<img decoding=\"async\" alt=\"Neuer Artikel: \u00dcberblick \u00fcber den 4K-Projektor BenQ W2700: Ein neues Niveau\" src=\"\/wp-content\/uploads\/2019\/06\/84dd352484963f2b3c421bf3e380a150.jpg\" style=\"display:block;margin: 0 auto;\" \/>\n<\/td>\n<td width=\"1\">&nbsp;<\/td>\n<td>\n<img decoding=\"async\" alt=\"Neuer Artikel: \u00dcberblick \u00fcber den 4K-Projektor BenQ W2700: Ein neues Niveau\" src=\"\/wp-content\/uploads\/2019\/06\/20fa2673d13dccb985e6d78e694b1ebb.jpg\" style=\"display:block;margin: 0 auto;\" \/>\n<\/td>\n<\/tr>\n<\/tbody>\n<\/table>\n<p>Das \u00e4u\u00dfere Erscheinungsbild des Projektors hat im Vergleich zum W1700 und dem aktualisierten W1720 erheblich ver\u00e4ndert. Das Geh\u00e4use hat andere Proportionen, es ist breiter und niedriger geworden, und die Designer haben den runden Formen grobere \u00dcberg\u00e4nge zwischen den Elementen vorgezogen. Das K\u00fchlsystem wurde ge\u00e4ndert, ebenso die Anordnung einiger Elemente.<\/p>\n<table border=\"0\">\n<tbody>\n<tr>\n<td>\n<img decoding=\"async\" alt=\"Neuer Artikel: \u00dcberblick \u00fcber den 4K-Projektor BenQ W2700: Ein neues Niveau\" src=\"\/wp-content\/uploads\/2019\/06\/b183e9b4fcd6cf6f624b597650c5322b.jpg\" style=\"display:block;margin: 0 auto;\" \/>\n<\/td>\n<td width=\"1\">&nbsp;<\/td>\n<td>\n<img decoding=\"async\" alt=\"Neuer Artikel: \u00dcberblick \u00fcber den 4K-Projektor BenQ W2700: Ein neues Niveau\" src=\"\/wp-content\/uploads\/2019\/06\/426ffb3e9aee81f1050f2a17da06d9bb.jpg\" style=\"display:block;margin: 0 auto;\" \/>\n<\/td>\n<\/tr>\n<\/tbody>\n<\/table>\n<p>Das Objektivfenster ist jetzt ein Quadrat mit abgerundeten Ecken und einem Kunststoffeinsatz im unteren Bereich (dies beeintr\u00e4chtigt den Lichtstrom nicht). Die Vorderseite des Geh\u00e4uses erhielt eine bronzefarbene Abdeckung mit strukturierter Schleifung \u201eunter Metall\u201c, auf der das Fenster eines der beiden IR-Empf\u00e4nger zu sehen ist (der zweite befindet sich oben).<\/p>\n<p>Die R\u00fcckseite des W2700 bezaubert mit einem stilvollen Designansatz und ist reich an Signal- und Serviceanschl\u00fcssen, deren vollst\u00e4ndige Liste in der Tabelle mit technischen Spezifikationen zu finden ist. &nbsp;<\/p>\n<table border=\"0\">\n<tbody>\n<tr>\n<td>\n<img decoding=\"async\" alt=\"Neuer Artikel: \u00dcberblick \u00fcber den 4K-Projektor BenQ W2700: Ein neues Niveau\" src=\"\/wp-content\/uploads\/2019\/06\/69a16f093b4cc232600ca7bd2149987f.jpg\" style=\"display:block;margin: 0 auto;\" \/>\n<\/td>\n<td width=\"1\">&nbsp;<\/td>\n<td>\n<img decoding=\"async\" alt=\"Neuer Artikel: \u00dcberblick \u00fcber den 4K-Projektor BenQ W2700: Ein neues Niveau\" src=\"\/wp-content\/uploads\/2019\/06\/206f39073a1d5145078066f5194c17bd.jpg\" style=\"display:block;margin: 0 auto;\" \/>\n<\/td>\n<\/tr>\n<\/tbody>\n<\/table>\n<p>Zur Sicherung des Ger\u00e4ts kann ein klassisches Kensington Schloss sowie eine Tastensperre f\u00fcr die Bedienelemente am Geh\u00e4use verwendet werden (Kindersicherung).<\/p>\n<p>Die K\u00fchlung des Ger\u00e4ts erfolgt durch gleich drei 80 \u00d7 80 mm L\u00fcfter, die auf beiden Seiten des Geh\u00e4uses platziert sind. Einer von ihnen arbeitet im Lufteinzug, w\u00e4hrend die beiden anderen die Luft abf\u00fchren. Bei diesem K\u00fchlsystem muss man sich keine Sorgen \u00fcber eine \u00dcberhitzung des Projektors machen, aber \u00fcber den Ger\u00e4uschpegel durchaus.<\/p>\n<table border=\"0\">\n<tbody>\n<tr>\n<td>\n<img decoding=\"async\" alt=\"Neuer Artikel: \u00dcberblick \u00fcber den 4K-Projektor BenQ W2700: Ein neues Niveau\" src=\"\/wp-content\/uploads\/2019\/06\/8a4597b33a59b7742d13d0db17f9d6f7.jpg\" style=\"display:block;margin: 0 auto;\" \/>\n<\/td>\n<td width=\"1\">&nbsp;<\/td>\n<td>\n<img decoding=\"async\" alt=\"Neuer Artikel: \u00dcberblick \u00fcber den 4K-Projektor BenQ W2700: Ein neues Niveau\" src=\"\/wp-content\/uploads\/2019\/06\/5e23d5de4893f9350d964d71dccaa5ca.jpg\" style=\"display:block;margin: 0 auto;\" \/>\n<\/td>\n<\/tr>\n<tr>\n<td>\n<img decoding=\"async\" alt=\"Neuer Artikel: \u00dcberblick \u00fcber den 4K-Projektor BenQ W2700: Ein neues Niveau\" src=\"\/wp-content\/uploads\/2019\/06\/cb73e3864dd0496d8343a3c20c24a320.jpg\" style=\"display:block;margin: 0 auto;\" \/>\n<\/td>\n<td width=\"1\">&nbsp;<\/td>\n<td>\n<img decoding=\"async\" alt=\"Neuer Artikel: \u00dcberblick \u00fcber den 4K-Projektor BenQ W2700: Ein neues Niveau\" src=\"\/wp-content\/uploads\/2019\/06\/cd06d9566f3d6b850c2716c2f1512313.jpg\" style=\"display:block;margin: 0 auto;\" \/>\n<\/td>\n<\/tr>\n<\/tbody>\n<\/table>\n<p>Die Qualit\u00e4t der verwendeten Materialien und der Verarbeitung des W2700-Projektors hinterl\u00e4sst insgesamt keinen Zweifel. Das Modell kann mit minimalen und gleichm\u00e4\u00dfigen Spalten zwischen den Elementen und dem Fehlen sichtbarer Lackfehler aufwarten und knarzt oder macht bei Erw\u00e4rmung und l\u00e4ngerem Betrieb keine anderen Ger\u00e4usche. Nur bei einem Teil wurde ein offensichtlicher Mangel entdeckt (eine Abweichung der Kante des Elements in zwei Komponenten), was jedoch wahrscheinlich eine Besonderheit des Testmusters ist, die bei den Einzelhandelsmodellen behoben wird.<\/p>\n<table border=\"0\">\n<tbody>\n<tr>\n<td>\n<img decoding=\"async\" alt=\"Neuer Artikel: \u00dcberblick \u00fcber den 4K-Projektor BenQ W2700: Ein neues Niveau\" src=\"\/wp-content\/uploads\/2019\/06\/b06f0d7a6fc32ba56caec2653ab3765f.jpg\" style=\"display:block;margin: 0 auto;\" \/>\n<\/td>\n<td width=\"1\">&nbsp;<\/td>\n<td>\n<img decoding=\"async\" alt=\"Neuer Artikel: \u00dcberblick \u00fcber den 4K-Projektor BenQ W2700: Ein neues Niveau\" src=\"\/wp-content\/uploads\/2019\/06\/000e461951c2c1874f4c776811e2f25b.jpg\" style=\"display:block;margin: 0 auto;\" \/>\n<\/td>\n<\/tr>\n<tr>\n<td>\n<img decoding=\"async\" alt=\"Neuer Artikel: \u00dcberblick \u00fcber den 4K-Projektor BenQ W2700: Ein neues Niveau\" src=\"\/wp-content\/uploads\/2019\/06\/24260af5e77c9627367bd4767f39fca8.jpg\" style=\"display:block;margin: 0 auto;\" \/>\n<\/td>\n<td width=\"1\">&nbsp;<\/td>\n<td>\n<img decoding=\"async\" alt=\"Neuer Artikel: \u00dcberblick \u00fcber den 4K-Projektor BenQ W2700: Ein neues Niveau\" src=\"\/wp-content\/uploads\/2019\/06\/b552762b8c75636b4391ee493acf2885.jpg\" style=\"display:block;margin: 0 auto;\" \/>\n<\/td>\n<\/tr>\n<\/tbody>\n<\/table>\n<p>Das Objektiv ist, wie so oft, nach rechts vom Zentrum verschoben, und der vordere Linsenblock ist deutlich in das Geh\u00e4use zur\u00fcckgesetzt. Zum zus\u00e4tzlichen Schutz ist eine an einem Band befestigte Kunststoffabdeckung vorgesehen. Eine andere Abdeckung, die aus dem Geh\u00e4use herausf\u00e4hrt, verbirgt die Steuerelemente f\u00fcr die Anpassung.<\/p>\n<table border=\"0\">\n<tbody>\n<tr>\n<td>\n<img decoding=\"async\" alt=\"Neuer Artikel: \u00dcberblick \u00fcber den 4K-Projektor BenQ W2700: Ein neues Niveau\" src=\"\/wp-content\/uploads\/2019\/06\/d8061768ecd977abf3698346550bd50e.jpg\" style=\"display:block;margin: 0 auto;\" \/>\n<\/td>\n<td width=\"1\">&nbsp;<\/td>\n<td>\n<img decoding=\"async\" alt=\"Neuer Artikel: \u00dcberblick \u00fcber den 4K-Projektor BenQ W2700: Ein neues Niveau\" src=\"\/wp-content\/uploads\/2019\/06\/2d0312560587dcdaa6dd3a2646802df8.jpg\" style=\"display:block;margin: 0 auto;\" \/>\n<\/td>\n<\/tr>\n<\/tbody>\n<\/table>\n<p>F\u00fcr das Zoomen ist ein Hebel neben dem optischen Block vorgesehen, und die vertikale Korrektur erfolgt durch Drehen eines separaten Rings. Der Fokus wird durch Drehen des Objektivs selbst eingestellt. Die Korrektur der trapezf\u00f6rmigen Verzerrungen erfolgt elektronisch \u00fcber die entsprechenden Einstellungen im Men\u00fc \u2013 entweder mit der Fernbedienung oder mit Tasten am Projektor selbst.<\/p>\n<table border=\"0\">\n<tbody>\n<tr>\n<td>\n<img decoding=\"async\" alt=\"Neuer Artikel: \u00dcberblick \u00fcber den 4K-Projektor BenQ W2700: Ein neues Niveau\" src=\"\/wp-content\/uploads\/2019\/06\/be2dadc5ec14a28a2e70b934784ecb25.jpg\" style=\"display:block;margin: 0 auto;\" \/>\n<\/td>\n<td width=\"1\">&nbsp;<\/td>\n<td>\n<img decoding=\"async\" alt=\"Neuer Artikel: \u00dcberblick \u00fcber den 4K-Projektor BenQ W2700: Ein neues Niveau\" src=\"\/wp-content\/uploads\/2019\/06\/e1764e08a47add86942038f7cdc457bd.jpg\" style=\"display:block;margin: 0 auto;\" \/>\n<\/td>\n<\/tr>\n<\/tbody>\n<\/table>\n<p>Auf der oberen Fl\u00e4che befindet sich ein Steuerblock mit physischen Tasten ohne Hintergrundbeleuchtung (nur eine Taste \u2014 der Einschalter \u2014 ist beleuchtet), der teilweise die Funktionen der Fernbedienung dupliziert.<\/p>\n<p><img decoding=\"async\" alt=\"Neuer Artikel: \u00dcberblick \u00fcber den 4K-Projektor BenQ W2700: Ein neues Niveau\" src=\"\/wp-content\/uploads\/2019\/06\/ab4765ff10ae5b57803565f7b95188b5.jpg\" style=\"display:block;margin: 0 auto;\" \/><\/p>\n<p>Drei LED-Anzeigen informieren hier \u00fcber den Zustand der Lampe und der Stromversorgung sowie \u00fcber eine \u00dcberhitzung des Systems. Jedes Blinken der Anzeigen oder eine rot\/orange Farbe weist auf bestimmte Probleme hin.<\/p>\n<p>Auf der unteren Fl\u00e4che des Projektors befinden sich drei h\u00f6henverstellbare Standf\u00fc\u00dfe (einer davon mit &laquo;schneller&raquo; Positionierung), ein Paar Aufkleber mit verschiedenen Informationen sowie spezielle L\u00f6cher zur Befestigung des Projektors bei Deckenmontage.<\/p>\n<p><img decoding=\"async\" alt=\"Neuer Artikel: \u00dcberblick \u00fcber den 4K-Projektor BenQ W2700: Ein neues Niveau\" src=\"\/wp-content\/uploads\/2019\/06\/1e8239407402800544a17892fa98d5ba.jpg\" style=\"display:block;margin: 0 auto;\" \/><\/p>\n<p>Das Audiosystem des Ger\u00e4ts befindet sich im hinteren Teil des Ger\u00e4ts hinter einer feink\u00f6rnigen Kunststoffabdeckung. Die beiden 5-Watt-Stereolautsprecher haben mich mit ihrer Qualit\u00e4t und maximalen Lautst\u00e4rke angenehm \u00fcberrascht. Dies ist eine hervorragende Option f\u00fcr Pr\u00e4sentationen oder wenn der Projektor mit ins Freie genommen wird.<\/p>\n<p class=\"h1\"><noindex><a rel=\"nofollow\" href=\"#contents\" class=\"right paragraph tooltip\" data-tooltip=\"\u0412\u0435\u0440\u043d\u0443\u0442\u044c\u0441\u044f \u043a \u043e\u0433\u043b\u0430\u0432\u043b\u0435\u043d\u0438\u044e\">&#8673;<\/a><\/noindex><noindex><a rel=\"nofollow\" name=\"\u0423\u043f\u0440\u0430\u0432\u043b\u0435\u043d\u0438\u0435 \u0438 \u0432\u043e\u0437\u043c\u043e\u0436\u043d\u043e\u0441\u0442\u0438 \u043d\u0430\u0441\u0442\u0440\u043e\u0439\u043a\u0438\" href=\"#\u0423\u043f\u0440\u0430\u0432\u043b\u0435\u043d\u0438\u0435 \u0438 \u0432\u043e\u0437\u043c\u043e\u0436\u043d\u043e\u0441\u0442\u0438 \u043d\u0430\u0441\u0442\u0440\u043e\u0439\u043a\u0438\" class=\"right paragraph tooltip\" data-tooltip=\"\u0421\u0441\u044b\u043b\u043a\u0430 \u043d\u0430 \u044d\u0442\u0443 \u0433\u043b\u0430\u0432\u0443\">#<\/a><\/noindex>Steuerung und Anpassungsm\u00f6glichkeiten<\/p>\n<p><img decoding=\"async\" alt=\"Neuer Artikel: \u00dcberblick \u00fcber den 4K-Projektor BenQ W2700: Ein neues Niveau\" src=\"\/wp-content\/uploads\/2019\/06\/37701935e177a8db2339487a6c90af58.jpg\" style=\"display:block;margin: 0 auto;\" \/><\/p>\n<p>Den Projektor kann man sowohl \u00fcber neun physische Tasten am Geh\u00e4use des Ger\u00e4ts als auch \u00fcber die separate Fernbedienung aus dem Lieferumfang steuern.<\/p>\n<p><img decoding=\"async\" alt=\"Neuer Artikel: \u00dcberblick \u00fcber den 4K-Projektor BenQ W2700: Ein neues Niveau\" src=\"\/wp-content\/uploads\/2019\/06\/fcd4bb92660d8d7e3e21a18f08282a04.jpg\" style=\"display:block;margin: 0 auto;\" \/><\/p>\n<p>Die Fernbedienung ist mit orangefarbener Beleuchtung ausgestattet, die eine einfache Steuerung auch bei schlechten Lichtverh\u00e4ltnissen erm\u00f6glicht. Besonders hervorzuheben ist, dass einige Tasten in Verbindung mit dem W2700 nicht funktionieren (aber es sind nur ein paar), da die Fernbedienung universell ist und f\u00fcr eine breite Palette von BenQ-Projektoren mit unterschiedlichen Funktionen vorgesehen ist.&nbsp;<\/p>\n<table border=\"0\">\n<tbody>\n<tr>\n<td>\n<img decoding=\"async\" alt=\"Neuer Artikel: \u00dcberblick \u00fcber den 4K-Projektor BenQ W2700: Ein neues Niveau\" src=\"\/wp-content\/uploads\/2019\/06\/68afb98485ed5c9398b0ce24bfed2d90.jpg\" style=\"display:block;margin: 0 auto;\" \/>\n<\/td>\n<td width=\"1\">&nbsp;<\/td>\n<td>\n<img decoding=\"async\" alt=\"Neuer Artikel: \u00dcberblick \u00fcber den 4K-Projektor BenQ W2700: Ein neues Niveau\" src=\"\/wp-content\/uploads\/2019\/06\/4b6b57fbcd0edc450736b0e045ae967c.jpg\" style=\"display:block;margin: 0 auto;\" \/>\n<\/td>\n<td width=\"1\">&nbsp;<\/td>\n<td>\n<img decoding=\"async\" alt=\"Neuer Artikel: \u00dcberblick \u00fcber den 4K-Projektor BenQ W2700: Ein neues Niveau\" src=\"\/wp-content\/uploads\/2019\/06\/2564cfd1e73d8ce443ea9fc26eb2e1c0.jpg\" style=\"display:block;margin: 0 auto;\" \/>\n<\/td>\n<\/tr>\n<\/tbody>\n<\/table>\n<p>Das Men\u00fcdesign entspricht dem typischen Stil der meisten Produkte des Unternehmens und unterscheidet sich in keiner Weise von dem, was wir in fr\u00fcheren Modellen der Marke gesehen haben. Es enth\u00e4lt sechs bekannte Kategorien, deren Punkte nahezu ihre Position und Bezeichnung nicht ge\u00e4ndert haben. &nbsp;<\/p>\n<table border=\"0\">\n<tbody>\n<tr>\n<td>\n<img decoding=\"async\" alt=\"Neuer Artikel: \u00dcberblick \u00fcber den 4K-Projektor BenQ W2700: Ein neues Niveau\" src=\"\/wp-content\/uploads\/2019\/06\/bb617c66b5da98c2255a258ee7161939.jpg\" style=\"display:block;margin: 0 auto;\" \/>\n<\/td>\n<td width=\"1\">&nbsp;<\/td>\n<td>\n<img decoding=\"async\" alt=\"Neuer Artikel: \u00dcberblick \u00fcber den 4K-Projektor BenQ W2700: Ein neues Niveau\" src=\"\/wp-content\/uploads\/2019\/06\/d8a827b8b9a85448cd26995533d84efd.jpg\" style=\"display:block;margin: 0 auto;\" \/>\n<\/td>\n<td width=\"1\">&nbsp;<\/td>\n<td>\n<img decoding=\"async\" alt=\"Neuer Artikel: \u00dcberblick \u00fcber den 4K-Projektor BenQ W2700: Ein neues Niveau\" src=\"\/wp-content\/uploads\/2019\/06\/7c067d3fdc52592996f3b55e4c479712.jpg\" style=\"display:block;margin: 0 auto;\" \/>\n<\/td>\n<\/tr>\n<\/tbody>\n<\/table>\n<p>Im ersten Abschnitt finden sich voreingestellte Farbmodi, Regler f\u00fcr Helligkeit, Kontrast, Farbe, Ton, Sch\u00e4rfe und Lampenst\u00e4rke (drei m\u00f6gliche Varianten), sowie die M\u00f6glichkeit, den aktuellen Bildmodus zur\u00fcckzusetzen.<\/p>\n<p>Es besteht die M\u00f6glichkeit, die Farbtemperatur einzustellen (mehrere Voreinstellungen und ein manueller Modus), die Gamma-Korrektur durchzuf\u00fchren, die Brilliant Color-Funktion (ohne sanfte Regelung) zu aktivieren, Rauschunterdr\u00fcckung und dynamische Blende zu aktivieren, die Farbintensit\u00e4t und Sch\u00e4rfe des Bildes zu erh\u00f6hen.<\/p>\n<p>F\u00fcr den W2700 steht der Tab CinemaMaster zur Verf\u00fcgung, in dem bekannte Funktionen zur Erh\u00f6hung der Farbs\u00e4ttigung, der Kontursch\u00e4rfe und zur \u00c4nderung des Hauttons versteckt sind, sowie die Aktivierung der Motion Enhancer-Technologie (Interpolation und Einf\u00fcgung zus\u00e4tzlicher Bilder).<\/p>\n<p>Im Reiter &laquo;Farbverwaltung&raquo; besteht die M\u00f6glichkeit, den Farbton, die Verst\u00e4rkung und die S\u00e4ttigung f\u00fcr sechs Hauptfarben einzustellen. Dies ist jedoch nur f\u00fcr echte Profis bei der Kalibrierung und Einstellung n\u00fctzlich, die schwer zu finden sind (und deren Dienstleistungen in der Regel sehr teuer sind).<\/p>\n<p>Bei Aktivierung von HDR \u00e4ndert der Abschnitt mit zus\u00e4tzlichen Einstellungen leicht sein Aussehen, es \u00f6ffnet sich ein zus\u00e4tzlicher Abschnitt mit Farbmodi, und einige Punkte werden f\u00fcr die Anpassung nicht mehr verf\u00fcgbar. &nbsp;<\/p>\n<table border=\"0\">\n<tbody>\n<tr>\n<td>\n<img decoding=\"async\" alt=\"Neuer Artikel: \u00dcberblick \u00fcber den 4K-Projektor BenQ W2700: Ein neues Niveau\" src=\"\/wp-content\/uploads\/2019\/06\/e99c0885859094771eba269bbd0ded24.jpg\" style=\"display:block;margin: 0 auto;\" \/>\n<\/td>\n<td width=\"1\">&nbsp;<\/td>\n<td>\n<img decoding=\"async\" alt=\"Neuer Artikel: \u00dcberblick \u00fcber den 4K-Projektor BenQ W2700: Ein neues Niveau\" src=\"\/wp-content\/uploads\/2019\/06\/2c3430bcae9f39c3738850bc33217947.jpg\" style=\"display:block;margin: 0 auto;\" \/>\n<\/td>\n<\/tr>\n<\/tbody>\n<\/table>\n<p>Die \u00c4nderung des nicht funktionalen Bereichs erfolgt im zweiten Abschnitt des Men\u00fcs. Die 3D-Einstellungen sind in einem speziellen Tab hervorgehoben. Bei der Ausgabe von Inhalten wird vorgeschlagen, den Stereobildmodus auszuw\u00e4hlen. Hier befindet sich auch der Abschnitt zur Auswahl der Art des wiedergegebenen Inhalts (HDR oder automatische Auswahl) und die M\u00f6glichkeit, den Modus Silence zu aktivieren, der alle drei L\u00fcfter leicht beruhigt. &nbsp;<\/p>\n<table border=\"0\">\n<tbody>\n<tr>\n<td>\n<img decoding=\"async\" alt=\"Neuer Artikel: \u00dcberblick \u00fcber den 4K-Projektor BenQ W2700: Ein neues Niveau\" src=\"\/wp-content\/uploads\/2019\/06\/422d3ba442948660eab3c3fe590e6b93.jpg\" style=\"display:block;margin: 0 auto;\" \/>\n<\/td>\n<td width=\"1\">&nbsp;<\/td>\n<td>\n<img decoding=\"async\" alt=\"Neuer Artikel: \u00dcberblick \u00fcber den 4K-Projektor BenQ W2700: Ein neues Niveau\" src=\"\/wp-content\/uploads\/2019\/06\/72b0bee73e48df6db72f4ae60aa80592.jpg\" style=\"display:block;margin: 0 auto;\" \/>\n<\/td>\n<\/tr>\n<\/tbody>\n<\/table>\n<p>Im dritten Abschnitt kann man das Format (Seitenverh\u00e4ltnis) und das Testbild zur Einstellung ausw\u00e4hlen, die Position des Projektors festlegen, den 12-Volt-Trigger aktivieren, die Trapezkorrektur und den Hochformatmodus aktivieren.<\/p>\n<table border=\"0\">\n<tbody>\n<tr>\n<td>\n<img decoding=\"async\" alt=\"Neuer Artikel: \u00dcberblick \u00fcber den 4K-Projektor BenQ W2700: Ein neues Niveau\" src=\"\/wp-content\/uploads\/2019\/06\/3d9d181d26069138538357c50059feab.jpg\" style=\"display:block;margin: 0 auto;\" \/>\n<\/td>\n<td width=\"1\">&nbsp;<\/td>\n<td>\n<img decoding=\"async\" alt=\"Neuer Artikel: \u00dcberblick \u00fcber den 4K-Projektor BenQ W2700: Ein neues Niveau\" src=\"\/wp-content\/uploads\/2019\/06\/4b1ef10e3351d143f261505e6034011f.jpg\" style=\"display:block;margin: 0 auto;\" \/>\n<\/td>\n<td width=\"1\">&nbsp;<\/td>\n<td>\n<img decoding=\"async\" alt=\"Neuer Artikel: \u00dcberblick \u00fcber den 4K-Projektor BenQ W2700: Ein neues Niveau\" src=\"\/wp-content\/uploads\/2019\/06\/51c134d10cc287d0212fb1aaf99f9bb0.jpg\" style=\"display:block;margin: 0 auto;\" \/>\n<\/td>\n<\/tr>\n<\/tbody>\n<\/table>\n<p>Der Abschnitt &laquo;Systemeinstellungen: Grundlegendes&raquo; erm\u00f6glicht die Auswahl der Lokalisierungssprache, die Hintergrundfarbe bei fehlendem Signal, den Startbildschirm (Begr\u00fc\u00dfungsbildschirm oder einfarbiger Hintergrund) sowie die Zeit f\u00fcr die automatische Abschaltung bei Signalverlust. Es k\u00f6nnen die Position und das Aussehen des Men\u00fcs ge\u00e4ndert, die Bildquellen umbenannt und deren automatische Suche deaktiviert werden. Hier befinden sich auch die Einstellungen des integrierten Soundsystems.<\/p>\n<table border=\"0\">\n<tbody>\n<tr>\n<td>\n<img decoding=\"async\" alt=\"Neuer Artikel: \u00dcberblick \u00fcber den 4K-Projektor BenQ W2700: Ein neues Niveau\" src=\"\/wp-content\/uploads\/2019\/06\/e2795f23bdba420466a13b8c5d07171a.jpg\" style=\"display:block;margin: 0 auto;\" \/>\n<\/td>\n<td width=\"1\">&nbsp;<\/td>\n<td>\n<img decoding=\"async\" alt=\"Neuer Artikel: \u00dcberblick \u00fcber den 4K-Projektor BenQ W2700: Ein neues Niveau\" src=\"\/wp-content\/uploads\/2019\/06\/8f4d8b078000b09a422df1c6d2c67902.jpg\" style=\"display:block;margin: 0 auto;\" \/>\n<\/td>\n<\/tr>\n<\/tbody>\n<\/table>\n<p>Die Fortsetzung des Men\u00fcs ist der Abschnitt mit zus\u00e4tzlichen Systemeinstellungen. Er bietet Zugriff auf die Lampenparameter (tats\u00e4chlich auf die Statistik ihrer Nutzung in verschiedenen Modi) und HDMI-Verbindungen. Tasten k\u00f6nnen gesperrt, die Systemstatusanzeigen deaktiviert, alle Einstellungen zur\u00fcckgesetzt, ein Firmware-Update durchgef\u00fchrt (es reicht, die neue Firmware auf einen USB-Stick zu kopieren) und zur ISF-Kalibrierung gewechselt werden.<\/p>\n<p><img decoding=\"async\" alt=\"Neuer Artikel: \u00dcberblick \u00fcber den 4K-Projektor BenQ W2700: Ein neues Niveau\" src=\"\/wp-content\/uploads\/2019\/06\/69481029d6cbbf18b08b12a9940e4fec.jpg\" style=\"display:block;margin: 0 auto;\" \/><\/p>\n<p>Im letzten Reiter \u2014 &laquo;Informationen&raquo; \u2014 kann der Benutzer erfahren, welcher Signalquelle derzeit verwendet wird, welcher Bildmodus aktiv ist, wie hoch die Arbeitsaufl\u00f6sung und die vertikale Bildfrequenz sind, welches Farbsystem und 3D-Format ausgew\u00e4hlt wurden, wie lange die Lampe (in allen Modi zusammen) betrieben wurde und welche Version der integrierten Software installiert ist.<\/p>\n<p><img decoding=\"async\" alt=\"Neuer Artikel: \u00dcberblick \u00fcber den 4K-Projektor BenQ W2700: Ein neues Niveau\" src=\"\/wp-content\/uploads\/2019\/06\/72cdd364ebe3577e29ed1ee08063a340.jpg\" style=\"display:block;margin: 0 auto;\" \/><\/p>\n<p>Um die trapezf\u00f6rmigen Verzerrungen zu korrigieren, gen\u00fcgt es, die Taste &laquo;Nach oben&raquo; oder &laquo;Nach unten&raquo; zu dr\u00fccken, woraufhin das entsprechende Einstellmen\u00fc auf dem Bildschirm angezeigt wird.<\/p>\n<p>Vom Fernbedienung aus hat der Benutzer schnellen Zugriff auf die Helligkeitseinstellungen (die einen gr\u00f6\u00dferen Einfluss auf den Gammawert haben), den Kontrast, die Sch\u00e4rfe des Bildes, die Einstellungen der Farbtemperatur (bei maximaler S\u00e4ttigung) durch Verst\u00e4rkung\/Verschiebung des RGB-Signals sowie die Feinabstimmung von RGB nach Farbton, Verst\u00e4rkung und S\u00e4ttigung, die dynamische Blende und einige andere Funktionen.<\/p>\n<h2><noindex><a rel=\"nofollow\" href=\"#contents\" class=\"right paragraph tooltip\" data-tooltip=\"\u0412\u0435\u0440\u043d\u0443\u0442\u044c\u0441\u044f \u043a \u043e\u0433\u043b\u0430\u0432\u043b\u0435\u043d\u0438\u044e\">&#8673;<\/a><\/noindex><noindex><a rel=\"nofollow\" name=\"\u041e\u0431\u0449\u0438\u0435 \u0432\u043f\u0435\u0447\u0430\u0442\u043b\u0435\u043d\u0438\u044f \u0438 \u043a\u0430\u0447\u0435\u0441\u0442\u0432\u043e \u043a\u0430\u0440\u0442\u0438\u043d\u043a\u0438\" href=\"#\u041e\u0431\u0449\u0438\u0435 \u0432\u043f\u0435\u0447\u0430\u0442\u043b\u0435\u043d\u0438\u044f \u0438 \u043a\u0430\u0447\u0435\u0441\u0442\u0432\u043e \u043a\u0430\u0440\u0442\u0438\u043d\u043a\u0438\" class=\"right paragraph tooltip\" data-tooltip=\"\u0421\u0441\u044b\u043b\u043a\u0430 \u043d\u0430 \u044d\u0442\u0443 \u0433\u043b\u0430\u0432\u0443\">#<\/a><\/noindex>Allgemeiner Eindruck und Bildqualit\u00e4t<\/h2>\n<p>Wir werden den Projektor anhand der ersten Schritte bewerten, die zur Anzeige des Bildes erforderlich sind. Beim Einschalten ben\u00f6tigt der Projektor, wie viele andere Modelle der Marke, etwa eine Minute zum &laquo;Aufw\u00e4rmen&raquo;. Nach mehreren Stunden Betrieb sind f\u00fcr das vollst\u00e4ndige Ausschalten des Ger\u00e4ts fast zwei Minuten erforderlich, w\u00e4hrend dieser Zeit die L\u00fcfter dynamisch die Drehzahl \u00e4ndern und im Inneren des Projektors etwas klickt. &nbsp;<\/p>\n<p><img decoding=\"async\" alt=\"Neuer Artikel: \u00dcberblick \u00fcber den 4K-Projektor BenQ W2700: Ein neues Niveau\" src=\"\/wp-content\/uploads\/2019\/06\/57f9f97e2163e176ddabb20622bb0d98.jpg\" style=\"display:block;margin: 0 auto;\" \/><br \/>\n<img decoding=\"async\" alt=\"Neuer Artikel: \u00dcberblick \u00fcber den 4K-Projektor BenQ W2700: Ein neues Niveau\" src=\"\/wp-content\/uploads\/2019\/06\/e92160f8f031f8804233048e17e4798a.jpg\" style=\"display:block;margin: 0 auto;\" \/><br \/>\n<img decoding=\"async\" alt=\"Neuer Artikel: \u00dcberblick \u00fcber den 4K-Projektor BenQ W2700: Ein neues Niveau\" src=\"\/wp-content\/uploads\/2019\/06\/834dcd1c5ef4f5e3bbe3456f9d8124a1.jpg\" style=\"display:block;margin: 0 auto;\" \/><br \/>\n<img decoding=\"async\" alt=\"Neuer Artikel: \u00dcberblick \u00fcber den 4K-Projektor BenQ W2700: Ein neues Niveau\" src=\"\/wp-content\/uploads\/2019\/06\/1b5d35bcb8e69965fc794bdc490ea98a.jpg\" style=\"display:block;margin: 0 auto;\" \/><br \/>\n<img decoding=\"async\" alt=\"Neuer Artikel: \u00dcberblick \u00fcber den 4K-Projektor BenQ W2700: Ein neues Niveau\" src=\"\/wp-content\/uploads\/2019\/06\/f2013aa247b4c41ed0601bb864393fe0.jpg\" style=\"display:block;margin: 0 auto;\" \/><br \/>\n<img decoding=\"async\" alt=\"Neuer Artikel: \u00dcberblick \u00fcber den 4K-Projektor BenQ W2700: Ein neues Niveau\" src=\"\/wp-content\/uploads\/2019\/06\/41833d2627c29fd179f6a0e6dc102bea.jpg\" style=\"display:block;margin: 0 auto;\" \/><br \/>\n<img decoding=\"async\" alt=\"Neuer Artikel: \u00dcberblick \u00fcber den 4K-Projektor BenQ W2700: Ein neues Niveau\" src=\"\/wp-content\/uploads\/2019\/06\/2b807eabecf9c15d3e1406f3358bef47.jpg\" style=\"display:block;margin: 0 auto;\" \/><br \/>\n<img decoding=\"async\" alt=\"Neuer Artikel: \u00dcberblick \u00fcber den 4K-Projektor BenQ W2700: Ein neues Niveau\" src=\"\/wp-content\/uploads\/2019\/06\/db1df8dfa5a93208f99f38526a6e3415.jpg\" style=\"display:block;margin: 0 auto;\" \/><br \/>\n<img decoding=\"async\" alt=\"Neuer Artikel: \u00dcberblick \u00fcber den 4K-Projektor BenQ W2700: Ein neues Niveau\" src=\"\/wp-content\/uploads\/2019\/06\/d89fce965f6129516eb5da1a530a633d.jpg\" style=\"display:block;margin: 0 auto;\" \/><br \/>\n<img decoding=\"async\" alt=\"Neuer Artikel: \u00dcberblick \u00fcber den 4K-Projektor BenQ W2700: Ein neues Niveau\" src=\"\/wp-content\/uploads\/2019\/06\/209cfeab4f5f6d5b7f3a46d4596d5345.jpg\" style=\"display:block;margin: 0 auto;\" \/><br \/>\n<img decoding=\"async\" alt=\"Neuer Artikel: \u00dcberblick \u00fcber den 4K-Projektor BenQ W2700: Ein neues Niveau\" src=\"\/wp-content\/uploads\/2019\/06\/1ecc71f8d52738bedf1cbfb8e2ceceb6.jpg\" style=\"display:block;margin: 0 auto;\" \/><br \/>\n<img decoding=\"async\" alt=\"Neuer Artikel: \u00dcberblick \u00fcber den 4K-Projektor BenQ W2700: Ein neues Niveau\" src=\"\/wp-content\/uploads\/2019\/06\/945e74edf47f9d3acba12abaf081a424.jpg\" style=\"display:block;margin: 0 auto;\" \/><br \/>Quelle: <a content=\"nofollow\" rel=\"nofollow\" href=\"https:\/\/3dnews.ru\/988371\">3dnews.ru<\/a><\/p>","protected":false,"gt_translate_keys":[{"key":"rendered","format":"html"}]},"excerpt":{"rendered":"<p>\u041f\u0440\u043e\u0438\u0437\u0432\u043e\u0434\u0438\u0442\u0435\u043b\u0438 \u043f\u0440\u043e\u0435\u043a\u0442\u043e\u0440\u043e\u0432 \u043c\u0435\u0434\u043b\u0435\u043d\u043d\u043e, \u043d\u043e \u0432\u0435\u0440\u043d\u043e \u043d\u0430\u0447\u0438\u043d\u0430\u044e\u0442 \u043f\u0435\u0440\u0435\u0445\u043e\u0434\u0438\u0442\u044c \u043a \u043c\u0430\u0441\u0448\u0442\u0430\u0431\u043d\u043e\u043c\u0443 \u043e\u0441\u0432\u043e\u0435\u043d\u0438\u044e \u0443\u0441\u0442\u0440\u043e\u0439\u0441\u0442\u0432 UHD-\u043a\u043b\u0430\u0441\u0441\u0430 \u0438 \u0438\u0434\u0443\u0442 \u043d\u0430 \u0441\u0430\u043c\u044b\u0435 \u0440\u0430\u0437\u043d\u044b\u0435 \u0445\u0438\u0442\u0440\u043e\u0441\u0442\u0438, \u0447\u0442\u043e\u0431\u044b \u0441\u0434\u0435\u043b\u0430\u0442\u044c \u0438\u0445 \u0432\u0441\u0451 \u0431\u043e\u043b\u0435\u0435 \u0434\u043e\u0441\u0442\u0443\u043f\u043d\u044b\u043c\u0438. \u0412\u044b\u043f\u0443\u0449\u0435\u043d\u043d\u044b\u0439 \u0433\u043e\u0434 \u043d\u0430\u0437\u0430\u0434 \u0438 \u0441\u0442\u0430\u0432\u0448\u0438\u0439 \u0443\u0436\u0435 &laquo;\u043d\u0430\u0440\u043e\u0434\u043d\u044b\u043c 4\u041a-\u043f\u0440\u043e\u0435\u043a\u0442\u043e\u0440\u043e\u043c&raquo; BenQ W1700 \u0434\u043e\u0441\u0442\u0430\u0442\u043e\u0447\u043d\u043e \u0431\u044b\u0441\u0442\u0440\u043e \u043f\u043e\u0434\u0435\u0448\u0435\u0432\u0435\u043b \u0432 \u043d\u0430\u0448\u0435\u0439 \u0441\u0442\u0440\u0430\u043d\u0435 \u0441\u043e 120-130 \u0434\u043e 70-80 \u0442\u044b\u0441\u044f\u0447, \u0430 \u0432\u044b\u0448\u0435\u0434\u0448\u0438\u0439 \u0441\u043e\u0432\u0441\u0435\u043c \u043d\u0435\u0434\u0430\u0432\u043d\u043e W1720, \u0432 \u043a\u043e\u0442\u043e\u0440\u043e\u043c \u0431\u044b\u043b\u0430 \u0438\u0441\u043f\u0440\u0430\u0432\u043b\u0435\u043d\u0430 \u043f\u0430\u0440\u0430 [&hellip;]<\/p>\n","protected":false,"gt_translate_keys":[{"key":"rendered","format":"html"}]},"author":1,"featured_media":26437,"comment_status":"open","ping_status":"open","sticky":false,"template":"","format":"standard","meta":{"footnotes":""},"categories":[702],"tags":[],"class_list":["post-35170","post","type-post","status-publish","format-standard","has-post-thumbnail","hentry","category-news"],"aioseo_notices":[],"aioseo_head":"\n\t\t<!-- All in One SEO 5.0.1.1 - aioseo.com -->\n\t<meta name=\"description\" content=\"\u041f\u0440\u043e\u0438\u0437\u0432\u043e\u0434\u0438\u0442\u0435\u043b\u0438 \u043f\u0440\u043e\u0435\u043a\u0442\u043e\u0440\u043e\u0432 \u043c\u0435\u0434\u043b\u0435\u043d\u043d\u043e, \u043d\u043e \u0432\u0435\u0440\u043d\u043e \u043d\u0430\u0447\u0438\u043d\u0430\u044e\u0442 \u043f\u0435\u0440\u0435\u0445\u043e\u0434\u0438\u0442\u044c \u043a \u043c\u0430\u0441\u0448\u0442\u0430\u0431\u043d\u043e\u043c\u0443 \u043e\u0441\u0432\u043e\u0435\u043d\u0438\u044e \u0443\u0441\u0442\u0440\u043e\u0439\u0441\u0442\u0432 UHD-\u043a\u043b\u0430\u0441\u0441\u0430 \u0438 \u0438\u0434\u0443\u0442 \u043d\u0430 \u0441\u0430\u043c\u044b\u0435 \u0440\u0430\u0437\u043d\u044b\u0435 \u0445\u0438\u0442\u0440\u043e\u0441\u0442\u0438, \u0447\u0442\u043e\u0431\u044b \u0441\u0434\u0435\u043b\u0430\u0442\u044c \u0438\u0445 \u0432\u0441\u0451 \u0431\u043e\u043b\u0435\u0435 \u0434\u043e\u0441\u0442\u0443\u043f\u043d\u044b\u043c\u0438.\" \/>\n\t<meta name=\"robots\" content=\"max-image-preview:large\" \/>\n\t<meta name=\"author\" content=\"Yuri Gagarin\"\/>\n\t<link rel=\"canonical\" href=\"https:\/\/prohoster.info\/de\/blog\/news\/novaya-statya-obzor-4k-proektora-benq-w2700-na-uroven-vyshe\" \/>\n\t<meta name=\"generator\" content=\"All in One SEO (AIOSEO) 5.0.1.1\" \/>\n\t\t<meta property=\"og:locale\" content=\"de_DE\" \/>\n\t\t<meta property=\"og:site_name\" content=\"ProHoster | \u041a\u0443\u043f\u0438\u0442\u044c \u043d\u0430\u0434\u0435\u0436\u043d\u044b\u0439 \u0445\u043e\u0441\u0442\u0438\u043d\u0433 \u0434\u043b\u044f \u0441\u0430\u0439\u0442\u043e\u0432 \u0441 \u0437\u0430\u0449\u0438\u0442\u043e\u0439 \u043e\u0442 DDoS, VPS VDS \u0441\u0435\u0440\u0432\u0435\u0440\u044b\" \/>\n\t\t<meta property=\"og:type\" content=\"article\" \/>\n\t\t<meta property=\"og:title\" content=\"\ud83e\udd47\u041d\u043e\u0432\u0430\u044f \u0441\u0442\u0430\u0442\u044c\u044f: \u041e\u0431\u0437\u043e\u0440 4\u041a-\u043f\u0440\u043e\u0435\u043a\u0442\u043e\u0440\u0430 BenQ W2700: \u043d\u0430 \u0443\u0440\u043e\u0432\u0435\u043d\u044c \u0432\u044b\u0448\u0435 | ProHoster\" \/>\n\t\t<meta property=\"og:description\" content=\"\u041f\u0440\u043e\u0438\u0437\u0432\u043e\u0434\u0438\u0442\u0435\u043b\u0438 \u043f\u0440\u043e\u0435\u043a\u0442\u043e\u0440\u043e\u0432 \u043c\u0435\u0434\u043b\u0435\u043d\u043d\u043e, \u043d\u043e \u0432\u0435\u0440\u043d\u043e \u043d\u0430\u0447\u0438\u043d\u0430\u044e\u0442 \u043f\u0435\u0440\u0435\u0445\u043e\u0434\u0438\u0442\u044c \u043a \u043c\u0430\u0441\u0448\u0442\u0430\u0431\u043d\u043e\u043c\u0443 \u043e\u0441\u0432\u043e\u0435\u043d\u0438\u044e \u0443\u0441\u0442\u0440\u043e\u0439\u0441\u0442\u0432 UHD-\u043a\u043b\u0430\u0441\u0441\u0430 \u0438 \u0438\u0434\u0443\u0442 \u043d\u0430 \u0441\u0430\u043c\u044b\u0435 \u0440\u0430\u0437\u043d\u044b\u0435 \u0445\u0438\u0442\u0440\u043e\u0441\u0442\u0438, \u0447\u0442\u043e\u0431\u044b \u0441\u0434\u0435\u043b\u0430\u0442\u044c \u0438\u0445 \u0432\u0441\u0451 \u0431\u043e\u043b\u0435\u0435 \u0434\u043e\u0441\u0442\u0443\u043f\u043d\u044b\u043c\u0438.\" \/>\n\t\t<meta property=\"og:url\" content=\"https:\/\/prohoster.info\/de\/blog\/news\/novaya-statya-obzor-4k-proektora-benq-w2700-na-uroven-vyshe\" \/>\n\t\t<meta property=\"og:image\" content=\"https:\/\/prohoster.info\/wp-content\/uploads\/2021\/11\/logo-350.jpg\" \/>\n\t\t<meta property=\"og:image:secure_url\" content=\"https:\/\/prohoster.info\/wp-content\/uploads\/2021\/11\/logo-350.jpg\" \/>\n\t\t<meta property=\"og:image:width\" content=\"350\" \/>\n\t\t<meta property=\"og:image:height\" content=\"350\" \/>\n\t\t<meta property=\"article:published_time\" content=\"2019-10-31T19:02:42+00:00\" \/>\n\t\t<meta property=\"article:modified_time\" content=\"2019-10-31T19:02:42+00:00\" \/>\n\t\t<meta property=\"article:publisher\" content=\"https:\/\/www.facebook.com\/prohoster\" \/>\n\t\t<meta property=\"article:author\" content=\"https:\/\/www.facebook.com\/prohoster\" \/>\n\t\t<!-- All in One SEO -->\n\n","aioseo_head_json":{"title":"\ud83e\udd47 Neuer Artikel: \u00dcberblick \u00fcber den 4K-Beamer BenQ W2700: eine Stufe h\u00f6her | ProHoster","description":"Die Hersteller von Beamern beginnen langsam, aber sicher, den gro\u00dffl\u00e4chigen Einsatz von Ger\u00e4ten der UHD-Klasse zu \u00fcbernehmen und nutzen dabei verschiedene Tricks, um sie immer zug\u00e4nglicher zu machen.","canonical_url":"https:\/\/prohoster.info\/de\/blog\/news\/novaya-statya-obzor-4k-proektora-benq-w2700-na-uroven-vyshe","robots":"max-image-preview:large","keywords":"","webmasterTools":{"miscellaneous":""},"schema":null,"og:locale":"de_DE","og:site_name":"ProHoster | \u041a\u0443\u043f\u0438\u0442\u044c \u043d\u0430\u0434\u0435\u0436\u043d\u044b\u0439 \u0445\u043e\u0441\u0442\u0438\u043d\u0433 \u0434\u043b\u044f \u0441\u0430\u0439\u0442\u043e\u0432 \u0441 \u0437\u0430\u0449\u0438\u0442\u043e\u0439 \u043e\u0442 DDoS, VPS VDS \u0441\u0435\u0440\u0432\u0435\u0440\u044b","og:type":"article","og:title":"\ud83e\udd47\u041d\u043e\u0432\u0430\u044f \u0441\u0442\u0430\u0442\u044c\u044f: \u041e\u0431\u0437\u043e\u0440 4\u041a-\u043f\u0440\u043e\u0435\u043a\u0442\u043e\u0440\u0430 BenQ W2700: \u043d\u0430 \u0443\u0440\u043e\u0432\u0435\u043d\u044c \u0432\u044b\u0448\u0435 | ProHoster","og:description":"\u041f\u0440\u043e\u0438\u0437\u0432\u043e\u0434\u0438\u0442\u0435\u043b\u0438 \u043f\u0440\u043e\u0435\u043a\u0442\u043e\u0440\u043e\u0432 \u043c\u0435\u0434\u043b\u0435\u043d\u043d\u043e, \u043d\u043e \u0432\u0435\u0440\u043d\u043e \u043d\u0430\u0447\u0438\u043d\u0430\u044e\u0442 \u043f\u0435\u0440\u0435\u0445\u043e\u0434\u0438\u0442\u044c \u043a \u043c\u0430\u0441\u0448\u0442\u0430\u0431\u043d\u043e\u043c\u0443 \u043e\u0441\u0432\u043e\u0435\u043d\u0438\u044e \u0443\u0441\u0442\u0440\u043e\u0439\u0441\u0442\u0432 UHD-\u043a\u043b\u0430\u0441\u0441\u0430 \u0438 \u0438\u0434\u0443\u0442 \u043d\u0430 \u0441\u0430\u043c\u044b\u0435 \u0440\u0430\u0437\u043d\u044b\u0435 \u0445\u0438\u0442\u0440\u043e\u0441\u0442\u0438, \u0447\u0442\u043e\u0431\u044b \u0441\u0434\u0435\u043b\u0430\u0442\u044c \u0438\u0445 \u0432\u0441\u0451 \u0431\u043e\u043b\u0435\u0435 \u0434\u043e\u0441\u0442\u0443\u043f\u043d\u044b\u043c\u0438.","og:url":"https:\/\/prohoster.info\/de\/blog\/news\/novaya-statya-obzor-4k-proektora-benq-w2700-na-uroven-vyshe","og:image":"https:\/\/prohoster.info\/wp-content\/uploads\/2021\/11\/logo-350.jpg","og:image:secure_url":"https:\/\/prohoster.info\/wp-content\/uploads\/2021\/11\/logo-350.jpg","og:image:width":350,"og:image:height":350,"article:published_time":"2019-10-31T19:02:42+00:00","article:modified_time":"2019-10-31T19:02:42+00:00","article:publisher":"https:\/\/www.facebook.com\/prohoster","article:author":"https:\/\/www.facebook.com\/prohoster"},"aioseo_meta_data":{"post_id":"35170","title":null,"description":null,"keywords":null,"keyphrases":null,"primary_term":null,"canonical_url":null,"og_title":null,"og_description":null,"og_object_type":"default","og_image_type":"default","og_image_url":null,"og_image_width":null,"og_image_height":null,"og_image_custom_url":null,"og_image_custom_fields":null,"og_video":null,"og_custom_url":null,"og_article_section":null,"og_article_tags":null,"twitter_use_og":false,"twitter_card":"default","twitter_image_type":"default","twitter_image_url":null,"twitter_image_custom_url":null,"twitter_image_custom_fields":null,"twitter_title":null,"twitter_description":null,"schema":{"blockGraphs":[],"customGraphs":[],"default":{"data":{"Article":[],"Course":[],"Dataset":[],"FAQPage":[],"Movie":[],"Person":[],"Product":[],"ProductReview":[],"Car":[],"Recipe":[],"Service":[],"SoftwareApplication":[],"WebPage":[]},"graphName":"","isEnabled":true},"graphs":[]},"schema_type":null,"schema_type_options":null,"pillar_content":false,"robots_default":true,"robots_noindex":false,"robots_noarchive":false,"robots_nosnippet":false,"robots_nofollow":false,"robots_noimageindex":false,"robots_noodp":false,"robots_notranslate":false,"robots_max_snippet":null,"robots_max_videopreview":null,"robots_max_imagepreview":"large","priority":null,"frequency":null,"local_seo":null,"seo_analyzer_scan_date":"2026-01-21 22:11:40","breadcrumb_settings":null,"limit_modified_date":false,"reviewed_by":null,"ai":null,"created":"2021-03-01 02:09:02","updated":"2026-01-21 22:11:40","focus_keyword":null,"additional_keywords":null,"truseo_locale":null},"gt_translate_keys":[{"key":"link","format":"url"}],"_links":{"self":[{"href":"https:\/\/prohoster.info\/de\/wp-json\/wp\/v2\/posts\/35170","targetHints":{"allow":["GET"]}}],"collection":[{"href":"https:\/\/prohoster.info\/de\/wp-json\/wp\/v2\/posts"}],"about":[{"href":"https:\/\/prohoster.info\/de\/wp-json\/wp\/v2\/types\/post"}],"author":[{"embeddable":true,"href":"https:\/\/prohoster.info\/de\/wp-json\/wp\/v2\/users\/1"}],"replies":[{"embeddable":true,"href":"https:\/\/prohoster.info\/de\/wp-json\/wp\/v2\/comments?post=35170"}],"version-history":[{"count":0,"href":"https:\/\/prohoster.info\/de\/wp-json\/wp\/v2\/posts\/35170\/revisions"}],"wp:featuredmedia":[{"embeddable":true,"href":"https:\/\/prohoster.info\/de\/wp-json\/wp\/v2\/media\/26437"}],"wp:attachment":[{"href":"https:\/\/prohoster.info\/de\/wp-json\/wp\/v2\/media?parent=35170"}],"wp:term":[{"taxonomy":"category","embeddable":true,"href":"https:\/\/prohoster.info\/de\/wp-json\/wp\/v2\/categories?post=35170"},{"taxonomy":"post_tag","embeddable":true,"href":"https:\/\/prohoster.info\/de\/wp-json\/wp\/v2\/tags?post=35170"}],"curies":[{"name":"wp","href":"https:\/\/api.w.org\/{rel}","templated":true}]}}