{"id":183237,"date":"2026-09-03T22:54:14","date_gmt":"2026-09-03T20:54:15","guid":{"rendered":"https:\/\/prohoster.info\/blog\/news\/cern-perevedyot-sistemu-upravleniya-uskoritelem-na-debian-no-ostavit-rhel-almalinux-v-dataczentrah"},"modified":"2026-09-03T22:54:17","modified_gmt":"2026-09-03T20:54:17","slug":"cern-to-migrate-accelerator-control-system-to-debian-but-keep-rhel-almalinux-in-data-centers","status":"publish","type":"post","link":"https:\/\/prohoster.info\/et\/blog\/news\/cern-to-migrate-accelerator-control-system-to-debian-but-keep-rhel-almalinux-in-data-centers","title":{"rendered":"CERN viib juhtimiss\u00fcsteemi Debianiga edasi, kuid j\u00e4tab RHEL\/AlmaLinux andmekeskustesse","gt_translate_keys":[{"key":"rendered","format":"text"}]},"content":{"rendered":"<p>Euroopa Aatomienergia Uuringute Organisatsiooni (CERN) esindajad mainisid oma ettekandes MiniDebConf konverentsil plaane, mille kohaselt plaanitakse 2026. aasta l\u00f5puks \u00fcle viia rohkem kui 2200 t\u00f6\u00f6stuslikku ja sisse ehitatud arvutit, mis on kasutusel kiirendi koosseisu haldamiseks, kuhu kuulub Suur Hadronite Puurija ja mitmed iseseisvad eksperimentaalsed seadmed. Eraldi mainitakse, et \u00fcleminek ei m\u00f5juta andmekeskusi ja eksperimentaals\u00fcsteeme, kus j\u00e4tkub RHEL\/AlmaLinuxi kasutamine.    <\/p>\n<p>Alguses kavatsevad CERN-i insenerid \u00fcle minna CentOS Streamile, kuid loobusid sellest sammust, kuna x86-64-v2 arhitektuuri jaoks pakettide koostamise tegemine (&#171;-march=x86-64-v2&#187;), mis h\u00f5lmab SSE3, SSE4_2, SSSE3, POPCNT, LAHF-SAHF ja CMPXCHG16B laiendusi, ei v\u00f5imalda kasutada distributsiooni vanadel seadmetel. Debianit juurutades m\u00e4rgitakse, et tekivad probleemid, nagu t\u00e4ielike sisseehitatud t\u00f6\u00f6riistade puudumine automaatseks pakettide koostamiseks ja avaldamiseks, samuti ametliku poliitika puudumine binaarsete tuumamoodulite osas ning probleemid m\u00f5nede t\u00f6\u00f6riistade toe osas, mis k\u00e4sitlevad \u00fche paketi mitut versiooni \u00fches hoidlas.    <center><img decoding=\"async\" src=\"\/wp-content\/uploads\/2026\/09\/9559ad58f107cf5335da7baa583a859f.png\" style=\"display:block;margin: 0 auto;\" \/><\/center>    <\/p>\n<p>Oma ajal oli CERN \u00fcks teaduslikku Linuxi jaotuse v\u00f5tmearendajaid, mille arendamine l\u00f5petati 2019. aastal CentOS kasuks. 2022. aastal, p\u00e4rast Red Hati poliitika muutumist CentOS-i hooldamise osas ja CentOS 8 toetuse enneaegset l\u00f5petamist, \u00fclemine CERN AlmaLinuxile kui ametlikule jaotusele eksperimentide hooldamiseks, kuid j\u00e4tkas juba juurutatud s\u00fcsteemide kasutamist CentOS-i ja RHEL-i p\u00f5hjal, kuni h\u00f5lmatud v\u00e4ljaannete eluts\u00fckkel l\u00f5ppes.<br \/>\n<br \/>Allikas: <a content=\"nofollow\" rel=\"nofollow\" href=\"https:\/\/www.opennet.ru\/opennews\/art.shtml?num=66202\">opennet.ru<\/a> <\/p>","protected":false,"gt_translate_keys":[{"key":"rendered","format":"html"}]},"excerpt":{"rendered":"<p>\u041f\u0440\u0435\u0434\u0441\u0442\u0430\u0432\u0438\u0442\u0435\u043b\u0438 \u0415\u0432\u0440\u043e\u043f\u0435\u0439\u0441\u043a\u043e\u0439 \u043e\u0440\u0433\u0430\u043d\u0438\u0437\u0430\u0446\u0438\u0438 \u043f\u043e \u044f\u0434\u0435\u0440\u043d\u044b\u043c \u0438\u0441\u0441\u043b\u0435\u0434\u043e\u0432\u0430\u043d\u0438\u044f\u043c (CERN) \u0443\u043f\u043e\u043c\u044f\u043d\u0443\u043b\u0438 \u0432 \u0441\u0432\u043e\u0451\u043c \u0432\u044b\u0441\u0442\u0443\u043f\u043b\u0435\u043d\u0438\u0438 \u043d\u0430 \u043a\u043e\u043d\u0444\u0435\u0440\u0435\u043d\u0446\u0438\u0438 MiniDebConf \u043e \u043f\u043b\u0430\u043d\u0430\u0445 \u0434\u043e \u043a\u043e\u043d\u0446\u0430 2026 \u0433\u043e\u0434\u0430 \u043f\u0435\u0440\u0435\u0432\u0435\u0441\u0442\u0438 \u0441 RHEL \u043d\u0430 Debian 13 \u0431\u043e\u043b\u0435\u0435 2200 \u043f\u0440\u043e\u043c\u044b\u0448\u043b\u0435\u043d\u043d\u044b\u0445 \u0438 \u0432\u0441\u0442\u0440\u0430\u0438\u0432\u0430\u0435\u043c\u044b\u0445 \u043a\u043e\u043c\u043f\u044c\u044e\u0442\u0435\u0440\u043e\u0432, \u043f\u0440\u0438\u043c\u0435\u043d\u044f\u0435\u043c\u044b\u0445 \u0434\u043b\u044f \u0443\u043f\u0440\u0430\u0432\u043b\u0435\u043d\u0438\u044f \u0443\u0441\u043a\u043e\u0440\u0438\u0442\u0435\u043b\u044c\u043d\u044b\u043c \u043a\u043e\u043c\u043f\u043b\u0435\u043a\u0441\u043e\u043c, \u0432 \u043a\u043e\u0442\u043e\u0440\u044b\u0439 \u0432\u0445\u043e\u0434\u0438\u0442 \u0411\u043e\u043b\u044c\u0448\u043e\u0439 \u0430\u0434\u0440\u043e\u043d\u043d\u044b\u0439 \u043a\u043e\u043b\u043b\u0430\u0439\u0434\u0435\u0440 \u0438 \u0440\u044f\u0434 \u043d\u0435\u0437\u0430\u0432\u0438\u0441\u0438\u043c\u044b\u0445 \u044d\u043a\u0441\u043f\u0435\u0440\u0438\u043c\u0435\u043d\u0442\u0430\u043b\u044c\u043d\u044b\u0445 \u0443\u0441\u0442\u0430\u043d\u043e\u0432\u043e\u043a. \u041e\u0442\u0434\u0435\u043b\u044c\u043d\u043e \u0443\u0442\u043e\u0447\u043d\u044f\u0435\u0442\u0441\u044f, \u0447\u0442\u043e \u043c\u0438\u0433\u0440\u0430\u0446\u0438\u044f \u043d\u0435 \u0437\u0430\u0442\u0440\u043e\u043d\u0435\u0442 \u0434\u0430\u0442\u0430\u0446\u0435\u043d\u0442\u0440\u044b [&hellip;]<\/p>\n","protected":false,"gt_translate_keys":[{"key":"rendered","format":"html"}]},"author":10,"featured_media":183239,"comment_status":"open","ping_status":"open","sticky":false,"template":"","format":"standard","meta":{"footnotes":""},"categories":[702],"tags":[],"class_list":["post-183237","post","type-post","status-publish","format-standard","has-post-thumbnail","hentry","category-news"],"aioseo_notices":[],"aioseo_head":"\n\t\t<!-- All in One SEO 5.0.1.1 - aioseo.com -->\n\t<meta name=\"description\" content=\"\u041f\u0440\u0435\u0434\u0441\u0442\u0430\u0432\u0438\u0442\u0435\u043b\u0438 \u0415\u0432\u0440\u043e\u043f\u0435\u0439\u0441\u043a\u043e\u0439 \u043e\u0440\u0433\u0430\u043d\u0438\u0437\u0430\u0446\u0438\u0438 \u043f\u043e \u044f\u0434\u0435\u0440\u043d\u044b\u043c \u0438\u0441\u0441\u043b\u0435\u0434\u043e\u0432\u0430\u043d\u0438\u044f\u043c (CERN) \u0443\u043f\u043e\u043c\u044f\u043d\u0443\u043b\u0438 \u0432 \u0441\u0432\u043e\u0451\u043c \u0432\u044b\u0441\u0442\u0443\u043f\u043b\u0435\u043d\u0438\u0438 \u043d\u0430 \u043a\u043e\u043d\u0444\u0435\u0440\u0435\u043d\u0446\u0438\u0438 MiniDebConf \u043e \u043f\u043b\u0430\u043d\u0430\u0445 \u0434\u043e \u043a\u043e\u043d\u0446\u0430 2026 \u0433\u043e\u0434\u0430 \u043f\u0435\u0440\u0435\u0432\u0435\u0441\u0442\u0438 \u0441 RHEL \u043d\u0430 Debian 13 \u0431\u043e\u043b\u0435\u0435 2200 \u043f\u0440\u043e\u043c\u044b\u0448\u043b\u0435\u043d\u043d\u044b\u0445 \u0438.\" \/>\n\t<meta name=\"robots\" content=\"max-image-preview:large\" \/>\n\t<meta name=\"author\" content=\"Alexander Kovalev\"\/>\n\t<link rel=\"canonical\" href=\"https:\/\/prohoster.info\/et\/blog\/news\/cern-to-migrate-accelerator-control-system-to-debian-but-keep-rhel-almalinux-in-data-centers\" \/>\n\t<meta name=\"generator\" content=\"All in One SEO (AIOSEO) 5.0.1.1\" \/>\n\t\t<meta property=\"og:locale\" content=\"et_EE\" \/>\n\t\t<meta property=\"og:site_name\" content=\"ProHoster | \u041a\u0443\u043f\u0438\u0442\u044c \u043d\u0430\u0434\u0435\u0436\u043d\u044b\u0439 \u0445\u043e\u0441\u0442\u0438\u043d\u0433 \u0434\u043b\u044f \u0441\u0430\u0439\u0442\u043e\u0432 \u0441 \u0437\u0430\u0449\u0438\u0442\u043e\u0439 \u043e\u0442 DDoS, VPS VDS \u0441\u0435\u0440\u0432\u0435\u0440\u044b\" \/>\n\t\t<meta property=\"og:type\" content=\"article\" \/>\n\t\t<meta property=\"og:title\" content=\"\ud83e\udd47CERN \u043f\u0435\u0440\u0435\u0432\u0435\u0434\u0451\u0442 \u0441\u0438\u0441\u0442\u0435\u043c\u0443 \u0443\u043f\u0440\u0430\u0432\u043b\u0435\u043d\u0438\u044f \u0443\u0441\u043a\u043e\u0440\u0438\u0442\u0435\u043b\u0435\u043c \u043d\u0430 Debian, \u043d\u043e \u043e\u0441\u0442\u0430\u0432\u0438\u0442 RHEL\/AlmaLinux \u0432 \u0434\u0430\u0442\u0430\u0446\u0435\u043d\u0442\u0440\u0430\u0445 | ProHoster\" \/>\n\t\t<meta property=\"og:description\" content=\"\u041f\u0440\u0435\u0434\u0441\u0442\u0430\u0432\u0438\u0442\u0435\u043b\u0438 \u0415\u0432\u0440\u043e\u043f\u0435\u0439\u0441\u043a\u043e\u0439 \u043e\u0440\u0433\u0430\u043d\u0438\u0437\u0430\u0446\u0438\u0438 \u043f\u043e \u044f\u0434\u0435\u0440\u043d\u044b\u043c \u0438\u0441\u0441\u043b\u0435\u0434\u043e\u0432\u0430\u043d\u0438\u044f\u043c (CERN) \u0443\u043f\u043e\u043c\u044f\u043d\u0443\u043b\u0438 \u0432 \u0441\u0432\u043e\u0451\u043c \u0432\u044b\u0441\u0442\u0443\u043f\u043b\u0435\u043d\u0438\u0438 \u043d\u0430 \u043a\u043e\u043d\u0444\u0435\u0440\u0435\u043d\u0446\u0438\u0438 MiniDebConf \u043e \u043f\u043b\u0430\u043d\u0430\u0445 \u0434\u043e \u043a\u043e\u043d\u0446\u0430 2026 \u0433\u043e\u0434\u0430 \u043f\u0435\u0440\u0435\u0432\u0435\u0441\u0442\u0438 \u0441 RHEL \u043d\u0430 Debian 13 \u0431\u043e\u043b\u0435\u0435 2200 \u043f\u0440\u043e\u043c\u044b\u0448\u043b\u0435\u043d\u043d\u044b\u0445 \u0438.\" \/>\n\t\t<meta property=\"og:url\" content=\"https:\/\/prohoster.info\/et\/blog\/news\/cern-to-migrate-accelerator-control-system-to-debian-but-keep-rhel-almalinux-in-data-centers\" \/>\n\t\t<meta property=\"og:image\" content=\"https:\/\/prohoster.info\/wp-content\/uploads\/2021\/11\/logo-350.jpg\" \/>\n\t\t<meta property=\"og:image:secure_url\" content=\"https:\/\/prohoster.info\/wp-content\/uploads\/2021\/11\/logo-350.jpg\" \/>\n\t\t<meta property=\"og:image:width\" content=\"350\" \/>\n\t\t<meta property=\"og:image:height\" content=\"350\" \/>\n\t\t<meta property=\"article:published_time\" content=\"2026-09-03T20:54:15+00:00\" \/>\n\t\t<meta property=\"article:modified_time\" content=\"2026-09-03T20:54:17+00:00\" \/>\n\t\t<meta property=\"article:publisher\" content=\"https:\/\/www.facebook.com\/prohoster\" \/>\n\t\t<!-- All in One SEO -->\n\n","aioseo_head_json":{"title":"\ud83e\udd47CERN viib kiirendi juhtimiss\u00fcsteemi \u00fcle Debianile, kuid j\u00e4tab RHEL\/AlmaLinux andmekeskustesse | ProHoster","description":"Euroopa Aatomienergia Uuringute Organisatsiooni (CERN) esindajad mainisid oma ettekandes MiniDebConf konverentsil plaane, mille kohaselt plaanitakse 2026. aasta l\u00f5puks \u00fcle viia RHEL-ilt Debian 13-le rohkem kui 2200 t\u00f6\u00f6stuslikku ja.","canonical_url":"https:\/\/prohoster.info\/et\/blog\/news\/cern-to-migrate-accelerator-control-system-to-debian-but-keep-rhel-almalinux-in-data-centers","robots":"max-image-preview:large","keywords":"","webmasterTools":{"miscellaneous":""},"schema":null,"og:locale":"et_EE","og:site_name":"ProHoster | \u041a\u0443\u043f\u0438\u0442\u044c \u043d\u0430\u0434\u0435\u0436\u043d\u044b\u0439 \u0445\u043e\u0441\u0442\u0438\u043d\u0433 \u0434\u043b\u044f \u0441\u0430\u0439\u0442\u043e\u0432 \u0441 \u0437\u0430\u0449\u0438\u0442\u043e\u0439 \u043e\u0442 DDoS, VPS VDS \u0441\u0435\u0440\u0432\u0435\u0440\u044b","og:type":"article","og:title":"\ud83e\udd47CERN \u043f\u0435\u0440\u0435\u0432\u0435\u0434\u0451\u0442 \u0441\u0438\u0441\u0442\u0435\u043c\u0443 \u0443\u043f\u0440\u0430\u0432\u043b\u0435\u043d\u0438\u044f \u0443\u0441\u043a\u043e\u0440\u0438\u0442\u0435\u043b\u0435\u043c \u043d\u0430 Debian, \u043d\u043e \u043e\u0441\u0442\u0430\u0432\u0438\u0442 RHEL\/AlmaLinux \u0432 \u0434\u0430\u0442\u0430\u0446\u0435\u043d\u0442\u0440\u0430\u0445 | ProHoster","og:description":"\u041f\u0440\u0435\u0434\u0441\u0442\u0430\u0432\u0438\u0442\u0435\u043b\u0438 \u0415\u0432\u0440\u043e\u043f\u0435\u0439\u0441\u043a\u043e\u0439 \u043e\u0440\u0433\u0430\u043d\u0438\u0437\u0430\u0446\u0438\u0438 \u043f\u043e \u044f\u0434\u0435\u0440\u043d\u044b\u043c \u0438\u0441\u0441\u043b\u0435\u0434\u043e\u0432\u0430\u043d\u0438\u044f\u043c (CERN) \u0443\u043f\u043e\u043c\u044f\u043d\u0443\u043b\u0438 \u0432 \u0441\u0432\u043e\u0451\u043c \u0432\u044b\u0441\u0442\u0443\u043f\u043b\u0435\u043d\u0438\u0438 \u043d\u0430 \u043a\u043e\u043d\u0444\u0435\u0440\u0435\u043d\u0446\u0438\u0438 MiniDebConf \u043e \u043f\u043b\u0430\u043d\u0430\u0445 \u0434\u043e \u043a\u043e\u043d\u0446\u0430 2026 \u0433\u043e\u0434\u0430 \u043f\u0435\u0440\u0435\u0432\u0435\u0441\u0442\u0438 \u0441 RHEL \u043d\u0430 Debian 13 \u0431\u043e\u043b\u0435\u0435 2200 \u043f\u0440\u043e\u043c\u044b\u0448\u043b\u0435\u043d\u043d\u044b\u0445 \u0438.","og:url":"https:\/\/prohoster.info\/et\/blog\/news\/cern-to-migrate-accelerator-control-system-to-debian-but-keep-rhel-almalinux-in-data-centers","og:image":"https:\/\/prohoster.info\/wp-content\/uploads\/2021\/11\/logo-350.jpg","og:image:secure_url":"https:\/\/prohoster.info\/wp-content\/uploads\/2021\/11\/logo-350.jpg","og:image:width":350,"og:image:height":350,"article:published_time":"2026-09-03T20:54:15+00:00","article:modified_time":"2026-09-03T20:54:17+00:00","article:publisher":"https:\/\/www.facebook.com\/prohoster"},"aioseo_meta_data":[],"gt_translate_keys":[{"key":"link","format":"url"}],"_links":{"self":[{"href":"https:\/\/prohoster.info\/et\/wp-json\/wp\/v2\/posts\/183237","targetHints":{"allow":["GET"]}}],"collection":[{"href":"https:\/\/prohoster.info\/et\/wp-json\/wp\/v2\/posts"}],"about":[{"href":"https:\/\/prohoster.info\/et\/wp-json\/wp\/v2\/types\/post"}],"author":[{"embeddable":true,"href":"https:\/\/prohoster.info\/et\/wp-json\/wp\/v2\/users\/10"}],"replies":[{"embeddable":true,"href":"https:\/\/prohoster.info\/et\/wp-json\/wp\/v2\/comments?post=183237"}],"version-history":[{"count":1,"href":"https:\/\/prohoster.info\/et\/wp-json\/wp\/v2\/posts\/183237\/revisions"}],"predecessor-version":[{"id":183238,"href":"https:\/\/prohoster.info\/et\/wp-json\/wp\/v2\/posts\/183237\/revisions\/183238"}],"wp:featuredmedia":[{"embeddable":true,"href":"https:\/\/prohoster.info\/et\/wp-json\/wp\/v2\/media\/183239"}],"wp:attachment":[{"href":"https:\/\/prohoster.info\/et\/wp-json\/wp\/v2\/media?parent=183237"}],"wp:term":[{"taxonomy":"category","embeddable":true,"href":"https:\/\/prohoster.info\/et\/wp-json\/wp\/v2\/categories?post=183237"},{"taxonomy":"post_tag","embeddable":true,"href":"https:\/\/prohoster.info\/et\/wp-json\/wp\/v2\/tags?post=183237"}],"curies":[{"name":"wp","href":"https:\/\/api.w.org\/{rel}","templated":true}]}}