{"id":55012,"date":"2020-01-10T00:00:00","date_gmt":"2020-01-09T21:00:00","guid":{"rendered":"https:\/\/prohoster.info\/blog\/blog_prohoster\/yunosheskij-maksimalizm-i-duh-protivorechiya-u-podrostkov-s-tochki-zreniya-nejrologii"},"modified":"2020-02-18T14:03:05","modified_gmt":"2020-02-18T11:03:05","slug":"yunosheskij-maksimalizm-i-duh-protivorechiya-u-podrostkov-s-tochki-zreniya-nejrologii","status":"publish","type":"post","link":"https:\/\/prohoster.info\/it\/blog\/news\/yunosheskij-maksimalizm-i-duh-protivorechiya-u-podrostkov-s-tochki-zreniya-nejrologii","title":{"rendered":"Massimalismo giovanile e spirito di contraddizione negli adolescenti dal punto di vista della neurologia","gt_translate_keys":[{"key":"rendered","format":"text"}]},"content":{"rendered":"<p><img decoding=\"async\" alt=\"Massimalismo giovanile e spirito di contraddizione negli adolescenti dal punto di vista della neurologia\" src=\"\/wp-content\/uploads\/2020\/01\/141222ff51f5e1ad768004f35905a40a.jpg\" style=\"display:block;margin: 0 auto;\" \/><br \/>\n<br \/>\nUno dei fenomeni pi\u00f9 misteriosi e non completamente decifrati \u00e8 il cervello umano. Attorno a questo complesso organo ruotano molte domande: perch\u00e9 sogniamo, come le emozioni influenzano le decisioni, quali cellule nervose rispondono alla percezione della luce e del suono, perch\u00e9 alcuni amano i pesciolini, mentre altri adorano le olive? Tutte queste domande riguardano il cervello, poich\u00e9 esso \u00e8 il processore centrale dell'organismo umano. Per molti anni, gli scienziati hanno prestato particolare attenzione ai cervelli delle persone che in qualche modo si distinguevano dalla massa (da geni autodidatti a psicopatici calcolatori). Ma c'\u00e8 una categoria di persone il cui comportamento insolito \u00e8 legato alla loro et\u00e0: gli adolescenti. Molti adolescenti possiedono un senso acuto della contraddizione, uno spirito avventuroso e un irresistibile desiderio di trovare avventure per conto loro. Gli scienziati dell'Universit\u00e0 della Pennsylvania hanno deciso di esaminare da vicino i misteriosi cervelli degli adolescenti e i processi che vi si svolgono. Scopriremo cosa hanno scoperto nel loro rapporto. Andiamo.<noindex><a rel=\"nofollow\" name=\"habracut\"><\/a><\/noindex><\/p>\n<h3>Fondamenti della ricerca<\/h3>\n<p>\nOgni strumento nella tecnologia e ogni organo nell'organismo hanno la propria architettura, che permette loro di funzionare in modo efficace. La corteccia cerebrale umana \u00e8 organizzata secondo una gerarchia funzionale, a partire dalla corteccia sensoriale unimonodale <i>sensory cortex<\/i>* e terminando con la corteccia associativa <i>associative cortex*<\/i>.<\/p>\n<blockquote><p>La corteccia sensoriale del cervello* \u00e8 la parte della corteccia cerebrale responsabile della raccolta e dell'elaborazione delle informazioni ricevute dagli organi di senso (occhi, lingua, naso, orecchie, pelle e apparato vestibolare).<\/p><\/blockquote>\n<blockquote><p>La corteccia associativa* \u00e8 una parte della corteccia parietale del cervello, coinvolta nella realizzazione dei movimenti pianificati. Quando ci prepariamo a eseguire un movimento, il nostro cervello deve sapere dove si trova in quel momento il corpo e le sue parti che si muoveranno, cos\u00ec come la posizione degli oggetti nell'ambiente esterno con cui si prevede di interagire. Ad esempio, vuoi prendere una tazza, e il tuo cervello gi\u00e0 sa dove si trova la mano e la tazza stessa. <\/p><\/blockquote>\n<p>Tale gerarchia funzionale \u00e8 determinata dall'anatomia delle vie <i>della sostanza bianca*<\/i>, che coordinano l'attivit\u00e0 neuronale sincronizzata e <i>la cognizione*<\/i>.<\/p>\n<blockquote><p><b>La sostanza bianca*<\/b> \u2014 se la materia grigia \u00e8 composta da neuroni, la materia bianca \u00e8 composta da assoni ricoperti di mielina, attraverso i quali gli impulsi vengono trasmessi dal corpo cellulare ad altre cellule e organi.<\/p><\/blockquote>\n<blockquote><p><b>Cognizione*<\/b> (conoscenza) \u2014 l'insieme dei processi legati all'acquisizione di nuove conoscenze riguardo al mondo circostante. <\/p><\/blockquote>\n<p>L'evoluzione della corteccia cerebrale nei primati e lo sviluppo del cervello umano sono caratterizzati da un'espansione mirata e da un rimodellamento delle aree associative trasmodali, che costituiscono la base dei processi di rappresentazione sensoriale delle informazioni e delle regole astratte per il raggiungimento degli obiettivi.<\/p>\n<p>Il processo di sviluppo del cervello richiede un certo tempo, durante il quale avviene un gran numero di processi di perfezionamento del cervello come sistema: <i>mielinizzazione*<\/i>, <i>potatura sinaptica*<\/i> ecc.<\/p>\n<blockquote><p><b>Mielinizzazione*<\/b> \u2014 gli oligodendrociti (un tipo di cellule di supporto del sistema nervoso) avvolgono una determinata parte dell'assone, il che porta un oligodendrocita a collegarsi a pi\u00f9 neuroni contemporaneamente. Maggiore \u00e8 l'attivit\u00e0 dell'assone, maggiore \u00e8 la sua mielinizzazione, poich\u00e9 ci\u00f2 ne aumenta l'efficacia.<\/p><\/blockquote>\n<blockquote><p><b>Potatura sinaptica*<\/b> \u2014 riduzione del numero di sinapsi\/neuroniche per migliorare l'efficacia del funzionamento del sistema neuro, cio\u00e8 eliminare le connessioni superflue. In altre parole, rappresenta l'attuazione del principio \"non per quantit\u00e0, ma per qualit\u00e0\".<\/p><\/blockquote>\n<p>Durante la formazione del cervello si sviluppa una specificazione funzionale nella corteccia associativa trasmodale, che influisce direttamente sullo sviluppo delle funzioni esecutive di ordine superiore, come <i>memoria di lavoro*<\/i>, <i>flessibilit\u00e0 cognitiva*<\/i> e <i>controllo inibitorio*<\/i>.<\/p>\n<blockquote><p><b>Memoria di lavoro*<\/b> \u2014 sistema cognitivo di immagazzinamento temporaneo delle informazioni. Questo tipo di memoria si attiva nel momento dei processi di pensiero attuali e partecipa alla presa di decisioni e alla formazione delle risposte comportamentali.<\/p><\/blockquote>\n<blockquote><p><b>Flessibilit\u00e0 cognitiva*<\/b> \u2014 capacit\u00e0 di passare da un pensiero a un altro e\/o di riflettere su pi\u00f9 cose contemporaneamente.<\/p><\/blockquote>\n<blockquote><p><b>Controllo inibitorio*<\/b> (reazione di inibizione) \u2014 funzione esecutiva che regola la capacit\u00e0 di una persona di sopprimere le proprie reazioni comportamentali impulsive (naturali, abituali o dominanti) agli stimoli, al fine di attuare una risposta pi\u00f9 adeguata a una situazione specifica (stimolo esterno).<\/p><\/blockquote>\n<p>Lo studio delle connessioni strutturali e funzionali del cervello \u00e8 iniziato da tempo. Con l'emergere della teoria delle reti, \u00e8 diventato possibile visualizzare le connessioni strutturali e funzionali nei sistemi neurobiologici e classificarle in categorie. In sostanza, una connessione strutturale-funzionale rappresenta il grado in cui la distribuzione delle connessioni anatomiche nell'area cerebrale supporta l'attivit\u00e0 neuronale sincronizzata.<\/p>\n<p>\u00c8 stata stabilita la presenza di una forte correlazione tra le misurazioni della connettivit\u00e0 strutturale e funzionale a diverse scale spaziali e temporali. In altre parole, i metodi pi\u00f9 moderni di studio hanno permesso di categorizzare alcune aree del cervello in base alle loro caratteristiche funzionali, legate all'et\u00e0 dell'area e alla sua dimensione.<\/p>\n<p>Tuttavia, come affermano gli scienziati, attualmente non ci sono dati riguardo a come i cambiamenti nell'architettura della sostanza bianca durante lo sviluppo del cervello umano supportino le fluttuazioni sincronizzate dell'attivit\u00e0 neuronale.<\/p>\n<p>La connessione strutturale-funzionale \u00e8 alla base della comunicazione funzionale e si verifica quando il profilo della connettivit\u00e0 interregionale della sostanza bianca in una regione corticale predice la forza della connettivit\u00e0 funzionale interregionale. In altre parole, l'attivit\u00e0 della sostanza bianca si riflette nell'attivazione delle funzioni esecutive del cervello, consentendo cos\u00ec di valutare il grado di forza della connessione strutturale-funzionale.<\/p>\n<p>Per descrivere la connessione strutturale-funzionale, gli scienziati hanno avanzato tre ipotesi, che sono state testate nel corso della ricerca.<\/p>\n<p>La prima ipotesi afferma che la connessione strutturale-funzionale rifletter\u00e0 la specializzazione funzionale dell'area corticale. In altre parole, la connessione strutturale-funzionale sar\u00e0 forte nella corteccia somatosensoriale, grazie ai processi che determinano lo sviluppo precoce delle gerarchie sensoriali specializzate. Contrariamente a ci\u00f2, la connessione strutturale-funzionale sar\u00e0 bassa nella corteccia associativa trasmodale, dove la comunicazione funzionale pu\u00f2 essere indebolita da limitazioni genetiche e anatomiche a causa dell'espansione evolutiva rapida.<\/p>\n<p>La seconda ipotesi si basa su una lunga dipendenza dall'attivit\u00e0 di mielinizzazione durante lo sviluppo e sostiene che lo sviluppo delle connessioni strutturali-funzionali sar\u00e0 concentrato nella corteccia associativa trasmodale.<\/p>\n<p>La terza ipotesi: la connessione strutturale-funzionale riflette la specializzazione funzionale di una determinata area corticale. Pertanto, si pu\u00f2 ipotizzare che una connessione strutturale-funzionale pi\u00f9 forte nella corteccia associativa fronto-temporale partecipi a calcoli specializzati necessari per l'attuazione delle funzioni esecutive.<\/p>\n<h3>Risultati dello studio<\/h3>\n<p>\nPer caratterizzare lo sviluppo dell'interazione strutturale-funzionale negli adolescenti, gli scienziati hanno condotto una valutazione quantitativa del grado in cui le connessioni strutturali di diverse aree del cervello supportano le oscillazioni coordinate dell'attivit\u00e0 neuronale.<\/p>\n<p>Utilizzando dati di neuroimmagine multimodali provenienti da 727 partecipanti di et\u00e0 compresa tra 8 e 23 anni, \u00e8 stata condotta una tracciatura probabilistica della diffusione e una valutazione della connettivit\u00e0 funzionale tra ciascuna coppia di aree corticali durante l'esecuzione <i>del compito n-indietro*<\/i>, collegato all'attivit\u00e0 della memoria di lavoro.<\/p>\n<blockquote><p><b>Il compito n-indietro*<\/b> \u00e8 una tecnica per stimolare l'attivit\u00e0 di specifiche aree del cervello e testare la memoria di lavoro. Al soggetto viene presentata una serie di stimoli (visivi, sonori, ecc.). Deve identificare e indicare se un determinato stimolo \u00e8 apparso n posizioni fa. Ad esempio: T L H C H S C C Q L C K L H C Q T R H K C H R (compito 3-indietro, dove una lettera specifica si \u00e8 presentata 3 posizioni prima).<\/p><\/blockquote>\n<p>La connettivit\u00e0 funzionale a riposo riflette le oscillazioni spontanee dell'attivit\u00e0 neuronale. Durante l'esecuzione del compito di memoria di lavoro, la connettivit\u00e0 funzionale pu\u00f2 rafforzare determinate connessioni nervose o popolazioni coinvolte nelle funzioni esecutive.<\/p>\n<p><img decoding=\"async\" alt=\"Massimalismo giovanile e spirito di contraddizione negli adolescenti dal punto di vista della neurologia\" src=\"\/wp-content\/uploads\/2020\/01\/57f64c3668fd764e7a6e8e87327d34c2.jpg\" style=\"display:block;margin: 0 auto;\" \/><br \/>\n<i>Immagine n. 1: misurazione della connessione strutturale-funzionale del cervello umano.<\/i><\/p>\n<p>I nodi nelle reti strutturali e funzionali del cervello sono stati definiti utilizzando una parcellizzazione corticale a 400 zone (divisione in zone), basata sull'omogeneit\u00e0 funzionale nei dati di risonanza magnetica dei partecipanti allo studio. Per ciascun partecipante, i profili regionali di connettivit\u00e0 sono stati estratti da ogni riga della matrice di connettivit\u00e0 strutturale o funzionale e presentati come vettori di forza di connessione da un nodo della rete neurale a tutti gli altri nodi. <\/p>\n<p>Per iniziare, gli studiosi hanno verificato se la distribuzione spaziale delle connessioni strutturali e funzionali corrisponde alle propriet\u00e0 fondamentali dell'organizzazione corticale.<\/p>\n<p><img decoding=\"async\" alt=\"Massimalismo giovanile e spirito di contraddizione negli adolescenti dal punto di vista della neurologia\" src=\"\/wp-content\/uploads\/2020\/01\/d4a43fb088ff6f75ac623a0c4fae153d.jpg\" style=\"display:block;margin: 0 auto;\" \/><br \/>\n<i>Immagine n. 2<\/i><\/p>\n<p>Vale la pena notare che la connessione tra i profili regionali di connettivit\u00e0 strutturale e funzionale variava notevolmente in tutta la corteccia (<b>2A<\/b>). Una connessione pi\u00f9 forte \u00e8 stata osservata nella corteccia sensoriale primaria e nella corteccia prefrontale mediale. Al contrario, nelle aree laterale, temporale e fronto-temporale la connessione era piuttosto debole.<\/p>\n<p>Per una valutazione pi\u00f9 chiara, \u00e8 stata calcolata la misura di \"partecipazione\", che rappresenta una rappresentazione grafica della definizione quantitativa della connettivit\u00e0 tra aree del cervello funzionalmente specializzate. Ciascuna delle aree cerebrali \u00e8 stata assegnata a sette reti neurali funzionali classiche. I nodi neurali del cervello con un alto coefficiente di partecipazione mostrano una diversa connessione intermodulare (connessione tra aree cerebrali) e possono quindi influenzare i processi di trasmissione delle informazioni tra le aree e la loro dinamica. Al contrario, i nodi con un basso coefficiente di partecipazione mostrano connessioni pi\u00f9 locali all'interno della stessa area cerebrale, piuttosto che tra pi\u00f9 aree. In altre parole, se il coefficiente \u00e8 alto, diverse aree cerebrali interagiscono attivamente tra loro; se \u00e8 basso, l'attivit\u00e0 avviene all'interno dell'area senza collegamenti con quelle adiacenti (<b>2C<\/b>).<\/p>\n<p>\u00c8 stata quindi effettuata una valutazione della variabilit\u00e0 della connessione strutturale-funzionale e della gerarchia funzionale a grande scala. La connessione strutturale-funzionale coincide in larga misura con il principale gradiente di connessione funzionale: le aree sensoriali unimodali mostrano una connessione strutturale-funzionale relativamente forte, mentre le aree trasmodali al vertice della gerarchia funzionale presentano una connessione pi\u00f9 debole (<b>2D<\/b>).<\/p>\n<p>\u00c8 stata inoltre stabilita una forte correlazione tra la connessione strutturale-funzionale e l'espansione evolutiva della superficie corticale (<b>2E<\/b>). Le aree sensoriali ad alta conservazione presentavano una connessione strutturale-funzionale relativamente forte, mentre le aree trasmodali fortemente espanse avevano una connessione pi\u00f9 debole. Tali osservazioni confermano pienamente l'ipotesi che la connessione strutturale-funzionale rifletta la gerarchia corticale di specializzazione funzionale e l'espansione evolutiva.<\/p>\n<p><img decoding=\"async\" alt=\"Massimalismo giovanile e spirito di contraddizione negli adolescenti dal punto di vista della neurologia\" src=\"\/wp-content\/uploads\/2020\/01\/185f8d645099ee5ef618c853df7fb558.jpg\" style=\"display:block;margin: 0 auto;\" \/><br \/>\n<i>Immagine n. 3<\/i><\/p>\n<p>Gli scienziati ricordano ancora una volta che le ricerche condotte in precedenza si sono concentrate principalmente sullo studio della connettivit\u00e0 strutturale-funzionale nel cervello dell'adulto. In questo lavoro, l'accento \u00e8 stato posto sullo studio del cervello che \u00e8 ancora in sviluppo, ovvero sul cervello dell'adolescente.<\/p>\n<p>\u00c8 stato stabilito che nel cervello degli adolescenti le differenze di et\u00e0 nella connettivit\u00e0 strutturale-funzionale erano ampiamente distribuite nella corteccia temporale laterale, parietale inferiore e prefrontale (<b>3A<\/b>). Gli incrementi di connettivit\u00e0 erano distribuiti in modo sproporzionato nelle aree corticali, essendo presenti in un sottoinsieme unico di aree corticali funzionalmente separate (<b>3B<\/b>), cosa non osservata nel cervello dell'adulto.<\/p>\n<p>L'entit\u00e0 delle differenze di et\u00e0 nella connettivit\u00e0 strutturale-funzionale mostrava una forte correlazione con il coefficiente di partecipazione funzionale (<b>3C<\/b>) e con il gradiente funzionale (<b>3D<\/b>).<\/p>\n<p>La distribuzione spaziale delle differenze di et\u00e0 nelle connessioni strutturali-funzionali corrispondeva anche all'espansione evolutiva della corteccia. L'aumento dell'et\u00e0 della connettivit\u00e0 \u00e8 stato osservato nella corteccia associativa espansa del cervello, mentre la diminuzione della connettivit\u00e0 legata all'et\u00e0 \u00e8 stata osservata nella corteccia sensomotoria altamente conservativa (<b>3\u0415<\/b>).<\/p>\n<p>Nella fase successiva della ricerca, 294 partecipanti hanno sottoposto a un nuovo esame del cervello dopo 1,7 anni dal primo. In questo modo \u00e8 stato possibile identificare il legame tra i cambiamenti legati all'et\u00e0 nella connettivit\u00e0 strutturale-funzionale e i cambiamenti nello sviluppo intrapersonale. A tal fine \u00e8 stata effettuata una valutazione dei cambiamenti longitudinali nella connettivit\u00e0 strutturale-funzionale.<\/p>\n<p><img decoding=\"async\" alt=\"Massimalismo giovanile e spirito di contraddizione negli adolescenti dal punto di vista della neurologia\" src=\"\/wp-content\/uploads\/2020\/01\/34717bc1e4c4390d98c31b6d5bbc2cba.jpg\" style=\"display:block;margin: 0 auto;\" \/><br \/>\n<i>Immagine n. 4<\/i><\/p>\n<p>\u00c8 stata rilevata una significativa corrispondenza tra i cambiamenti trasversali e longitudinali legati all'et\u00e0 nella connessione strutturale-funzionale (<b>4A<\/b>).<\/p>\n<p>Per verificare il legame tra i cambiamenti longitudinali nella connettivit\u00e0 strutturale-funzionale (<b>4B<\/b>) e i cambiamenti longitudinali del coefficiente di partecipazione funzionale (<b>4\u0421<\/b>) \u00e8 stata utilizzata la regressione lineare. \u00c8 stato scoperto che i cambiamenti longitudinali nella connettivit\u00e0 corrispondevano ai cambiamenti longitudinali del coefficiente di partecipazione funzionale nelle aree associative distribuite di alto ordine, comprese la corteccia prefrontale dorsale e mediale, la corteccia parietale inferiore e la corteccia temporale laterale (<b>4D<\/b>).<\/p>\n<p><img decoding=\"async\" alt=\"Massimalismo giovanile e spirito di contraddizione negli adolescenti dal punto di vista della neurologia\" src=\"\/wp-content\/uploads\/2020\/01\/7c922bd254f31c7296b847feaad35a2d.jpg\" style=\"display:block;margin: 0 auto;\" \/><br \/>\n<i>Immagine n. 5<\/i><\/p>\n<p>Successivamente, gli scienziati hanno cercato di comprendere le conseguenze delle differenze individuali nelle connessioni strutturali-funzionali per il comportamento. In particolare, se la connettivit\u00e0 strutturale-funzionale durante l'esecuzione di compiti di memoria di lavoro possa spiegare le prestazioni esecutive. \u00c8 emerso che il miglioramento delle prestazioni esecutive era associato a una maggiore connettivit\u00e0 strutturale-funzionale nella corteccia prefrontale rostrolaterale, nella circonvoluzione cingolata posteriore e nella corteccia occipitale mediale (<b>5A<\/b>).<\/p>\n<p>La combinazione delle osservazioni sopra descritte porta a diverse conclusioni principali. Innanzitutto, le variazioni regionali nella connettivit\u00e0 strutturale e funzionale sono inversamente proporzionali alla complessit\u00e0 della funzione per cui \u00e8 responsibile una determinata area del cervello. \u00c8 stata riscontrata una connessione strutturale-funzionale pi\u00f9 forte nelle parti del cervello specializzate nell'elaborazione di informazioni sensoriali semplici (ad esempio, segnali visivi). Al contrario, nelle aree del cervello coinvolte in processi pi\u00f9 complessi (funzione esecutiva e controllo inibitorio) \u00e8 stata osservata una connettivit\u00e0 strutturale-funzionale pi\u00f9 bassa. <\/p>\n<p>\u00c8 stato anche stabilito che la connettivit\u00e0 strutturale-funzionale \u00e8 correlata all'espansione evolutiva del cervello osservata nei primati. In precedenza erano stati condotti studi comparativi sul cervello umano, del primate e della scimmia, dimostrando che le aree sensoriali (ad esempio, il sistema visivo) sono molto conservative tra le specie di primati e non si sono ampliate significativamente nel corso della recente evoluzione. Al contrario, le aree associative del cervello (ad esempio, la corteccia prefrontale) hanno subito un'espansione significativa. Questa espansione potrebbe aver influito direttamente sull'emergere delle complesse capacit\u00e0 cognitive dell'essere umano. \u00c8 emerso che le aree del cervello che si sono espanse rapidamente durante l'evoluzione avevano una connettivit\u00e0 strutturale-funzionale pi\u00f9 debole, mentre le aree sensoriali semplici presentavano una connettivit\u00e0 pi\u00f9 forte.<\/p>\n<p>Nei bambini e negli adolescenti, la connettivit\u00e0 strutturale-funzionale aumenta attivamente nelle aree frontali del cervello che sono responsabili della funzione di inibizione (cio\u00e8, dell'autocontrollo). Pertanto, lo sviluppo prolungato della connettivit\u00e0 strutturale-funzionale in queste aree pu\u00f2 migliorare la funzione esecutiva e l'autocontrollo, un processo che continua anche nell'et\u00e0 adulta. <\/p>\n<p>Per un approfondimento sui dettagli della ricerca, consiglio di dare un'occhiata a <noindex><a rel=\"nofollow\" href=\"https:\/\/www.pnas.org\/content\/pnas\/early\/2019\/12\/23\/1912034117.full.pdf\">relazione degli scienziati<\/a><\/noindex> e <noindex><a rel=\"nofollow\" href=\"https:\/\/www.pnas.org\/highwire\/filestream\/904145\/field_highwire_adjunct_files\/0\/pnas.1912034117.sapp.pdf\">materiali aggiuntivi<\/a><\/noindex> ad essa.<\/p>\n<h3>Epilogo<\/h3>\n<p>\nIl cervello umano \u00e8 sempre stato e continuer\u00e0 a lungo a essere uno dei pi\u00f9 grandi misteri dell'umanit\u00e0. Si tratta di un meccanismo incredibilmente complesso, che deve svolgere molte funzioni, controllare numerosi processi e conservare enormi volumi di informazioni. Per molti genitori, non c'\u00e8 nulla di pi\u00f9 misterioso del cervello dei loro figli adolescenti. Il loro comportamento a volte \u00e8 difficile da definire logico o costruttivo, ma questo \u00e8 spiegato dal processo del loro sviluppo biologico e della loro crescita sociale. <\/p>\n<p>Certo, i cambiamenti nelle connessioni strutturali e funzionali di determinate aree del cervello e l'influenza delle ristrutturazioni ormonali possono giustificare scientificamente il comportamento peculiare dei giovani, ma ci\u00f2 non significa che non debbano essere guidati. L'essere umano non \u00e8, per sua natura, un'entit\u00e0 asociale. Se qualcuno evita gli altri, di certo non \u00e8 a causa della nostra predisposizione biologica. Pertanto, la partecipazione attiva dei genitori nella vita dei loro figli \u00e8 un aspetto estremamente importante del loro sviluppo. <\/p>\n<p>Bisogna anche comprendere che gi\u00e0 all'et\u00e0 di tre anni un bambino \u00e8 gi\u00e0 una persona con il proprio carattere, i propri desideri e la propria visione del mondo circostante. Il genitore non deve diventare invisibile per il proprio bambino, lasciandolo andare in balia di se stesso, ma nemmeno deve diventare un muro di cemento armato che lo protegge dalla scoperta del mondo. A volte \u00e8 necessario spingere, altre volte fermarsi, dare completa libert\u00e0 o, dimostrando autorit\u00e0 genitoriale, dire un fermo \u00abno\u00bb, anche se il bambino non sar\u00e0 d'accordo.<\/p>\n<p>Essere genitore \u00e8 difficile, ma essere un buon genitore \u00e8 ancora pi\u00f9 complesso. Ma anche essere un adolescente non \u00e8 affatto semplice. Il corpo cambia esteriormente, il cervello cambia, cambia l'ambiente (c'era la scuola e ora c'\u00e8 l'universit\u00e0), cambia il ritmo della vita. Oggi la vita assomiglia spesso a una Formula 1, nella quale non c'\u00e8 spazio per la lentezza. Ma una maggiore velocit\u00e0 comporta un maggior rischio, e quindi un pilota inesperto potrebbe subire dei danni. Compito del genitore \u00e8 diventare l'allenatore del proprio bambino, in modo da lasciarlo in futuro andare nel mondo senza timori per il suo avvenire. <\/p>\n<p>Alcuni genitori si considerano pi\u00f9 intelligenti di altri, alcuni sono pronti a seguire qualsiasi consiglio trovato su internet o ricevuto da un vicino, mentre alcuni semplicemente non si curano delle sfumature dell'educazione. Le persone sono diverse, ma proprio come nel cervello umano \u00e8 importante la comunicazione tra le sue aree, cos\u00ec nell'educazione una delle funzioni pi\u00f9 importanti \u00e8 la comunicazione tra genitori e figli. <\/p>\n<p>Grazie per l'attenzione, rimanete curiosi e buon fine settimana a tutti, ragazzi! \ud83d\ude42<\/p>\n<h3>Un po' di pubblicit\u00e0 \ud83d\ude42<\/h3>\n<p>\nGrazie per rimanere con noi. Ti piacciono i nostri articoli? Vuoi vedere pi\u00f9 contenuti interessanti? Supportaci effettuando un ordine o raccomandandoci a qualcuno. <noindex><a rel=\"nofollow\" href=\"https:\/\/ua-hosting.company\/cloudvps\/nl\">VPS cloud per sviluppatori a partire da $4.99.<\/a><\/noindex>, <b>unica alternativa ai server entry-level, concepita da noi per te:<\/b> <noindex><a rel=\"nofollow\" href=\"https:\/\/habr.com\/company\/ua-hosting\/blog\/347386\/\">Tutta la verit\u00e0 sui VPS (KVM) E5-2697 v3 (6 Core) 10GB DDR4 480GB SSD 1Gbps a partire da $19 o come dividere correttamente un server?<\/a><\/noindex> (sono disponibili opzioni con RAID1 e RAID10, fino a 24 core e fino a 40GB DDR4).<\/p>\n<p><b>Dell R730xd a met\u00e0 prezzo nel data center Equinix Tier IV ad Amsterdam?<\/b> Solo da noi <b><noindex><a rel=\"nofollow\" href=\"https:\/\/ua-hosting.company\/serversnl\">2 x Intel TetraDeca-Core Xeon 2x E5-2697v3 2.6GHz 14C 64GB DDR4 4x960GB SSD 1Gbps 100 TB a partire da $199<\/a><\/noindex> nei Paesi Bassi! <b>Dell R420 \u2014 2x E5-2430 2.2Ghz 6C 128GB DDR3 2x960GB SSD 1Gbps 100TB \u2014 a partire da $99!<\/b><\/b> Leggi di <noindex><a rel=\"nofollow\" href=\"https:\/\/habr.com\/company\/ua-hosting\/blog\/329618\/\">Come costruire un'infrastruttura di livello enterprise utilizzando server Dell R730xd E5-2650 v4 del valore di 9000 euro a pochi spiccioli?<\/a><\/noindex><br \/>\n<br \/>Fonte: <a content=\"nofollow\" rel=\"nofollow\" href=\"https:\/\/habr.com\/ru\/company\/ua-hosting\/blog\/483252\/\">habr.com<\/a><\/p>","protected":false,"gt_translate_keys":[{"key":"rendered","format":"html"}]},"excerpt":{"rendered":"<p>\u041e\u0434\u043d\u0438\u043c \u0438\u0437 \u0441\u0430\u043c\u044b\u0445 \u0437\u0430\u0433\u0430\u0434\u043e\u0447\u043d\u044b\u0445 \u0438 \u043d\u0435 \u0434\u043e \u043a\u043e\u043d\u0446\u0430 \u0440\u0430\u0437\u0433\u0430\u0434\u0430\u043d\u043d\u044b\u0445 \u00ab\u044f\u0432\u043b\u0435\u043d\u0438\u0439\u00bb \u044f\u0432\u043b\u044f\u0435\u0442\u0441\u044f \u043c\u043e\u0437\u0433 \u0447\u0435\u043b\u043e\u0432\u0435\u043a\u0430. \u0412\u043e\u043a\u0440\u0443\u0433 \u044d\u0442\u043e\u0433\u043e \u0441\u043b\u043e\u0436\u043d\u043e\u0433\u043e \u043e\u0440\u0433\u0430\u043d\u0430 \u043a\u0440\u0443\u0442\u0438\u0442\u0441\u044f \u043c\u043d\u043e\u0436\u0435\u0441\u0442\u0432\u043e \u0432\u043e\u043f\u0440\u043e\u0441\u043e\u0432: \u043f\u043e\u0447\u0435\u043c\u0443 \u043c\u044b \u0432\u0438\u0434\u0438\u043c \u0441\u043d\u044b, \u043a\u0430\u043a \u044d\u043c\u043e\u0446\u0438\u0438 \u0432\u043b\u0438\u044f\u044e\u0442 \u043d\u0430 \u043f\u0440\u0438\u043d\u044f\u0442\u0438\u0435 \u0440\u0435\u0448\u0435\u043d\u0438\u0439, \u043a\u0430\u043a\u0438\u0435 \u043d\u0435\u0440\u0432\u043d\u044b\u0435 \u043a\u043b\u0435\u0442\u043a\u0438 \u043e\u0442\u0432\u0435\u0447\u0430\u044e\u0442 \u0437\u0430 \u0432\u043e\u0441\u043f\u0440\u0438\u044f\u0442\u0438\u0435 \u0441\u0432\u0435\u0442\u0430 \u0438 \u0437\u0432\u0443\u043a\u0430, \u043f\u043e\u0447\u0435\u043c\u0443 \u043e\u0434\u043d\u0438\u043c \u043d\u0440\u0430\u0432\u044f\u0442\u0441\u044f \u0448\u043f\u0440\u043e\u0442\u044b, \u0430 \u0434\u0440\u0443\u0433\u0438\u0435 \u043e\u0431\u043e\u0436\u0430\u044e\u0442 \u043e\u043b\u0438\u0432\u043a\u0438? \u0412\u0441\u0435 \u044d\u0442\u0438 \u0432\u043e\u043f\u0440\u043e\u0441\u044b \u043a\u0430\u0441\u0430\u044e\u0442\u0441\u044f \u043c\u043e\u0437\u0433\u0430, \u0438\u0431\u043e \u043e\u043d \u044f\u0432\u043b\u044f\u0435\u0442\u0441\u044f [&hellip;]<\/p>\n","protected":false,"gt_translate_keys":[{"key":"rendered","format":"html"}]},"author":1,"featured_media":0,"comment_status":"open","ping_status":"open","sticky":false,"template":"","format":"standard","meta":{"footnotes":""},"categories":[702],"tags":[],"class_list":["post-55012","post","type-post","status-publish","format-standard","hentry","category-news"],"aioseo_notices":[],"aioseo_head":"\n\t\t<!-- All in One SEO 5.0.1.1 - aioseo.com -->\n\t<meta name=\"description\" content=\"\u041e\u0434\u043d\u0438\u043c \u0438\u0437.\" \/>\n\t<meta name=\"robots\" content=\"max-image-preview:large\" \/>\n\t<meta name=\"author\" content=\"Yuri Gagarin\"\/>\n\t<link rel=\"canonical\" href=\"https:\/\/prohoster.info\/it\/blog\/news\/yunosheskij-maksimalizm-i-duh-protivorechiya-u-podrostkov-s-tochki-zreniya-nejrologii\" \/>\n\t<meta name=\"generator\" content=\"All in One SEO (AIOSEO) 5.0.1.1\" \/>\n\t\t<meta property=\"og:locale\" content=\"it_IT\" \/>\n\t\t<meta property=\"og:site_name\" content=\"ProHoster | \u041a\u0443\u043f\u0438\u0442\u044c \u043d\u0430\u0434\u0435\u0436\u043d\u044b\u0439 \u0445\u043e\u0441\u0442\u0438\u043d\u0433 \u0434\u043b\u044f \u0441\u0430\u0439\u0442\u043e\u0432 \u0441 \u0437\u0430\u0449\u0438\u0442\u043e\u0439 \u043e\u0442 DDoS, VPS VDS \u0441\u0435\u0440\u0432\u0435\u0440\u044b\" \/>\n\t\t<meta property=\"og:type\" content=\"article\" \/>\n\t\t<meta property=\"og:title\" content=\"\ud83e\udd47\u042e\u043d\u043e\u0448\u0435\u0441\u043a\u0438\u0439 \u043c\u0430\u043a\u0441\u0438\u043c\u0430\u043b\u0438\u0437\u043c \u0438 \u0434\u0443\u0445 \u043f\u0440\u043e\u0442\u0438\u0432\u043e\u0440\u0435\u0447\u0438\u044f \u0443 \u043f\u043e\u0434\u0440\u043e\u0441\u0442\u043a\u043e\u0432 \u0441 \u0442\u043e\u0447\u043a\u0438 \u0437\u0440\u0435\u043d\u0438\u044f \u043d\u0435\u0439\u0440\u043e\u043b\u043e\u0433\u0438\u0438 | ProHoster\" \/>\n\t\t<meta property=\"og:description\" content=\"\u041e\u0434\u043d\u0438\u043c \u0438\u0437.\" \/>\n\t\t<meta property=\"og:url\" content=\"https:\/\/prohoster.info\/it\/blog\/news\/yunosheskij-maksimalizm-i-duh-protivorechiya-u-podrostkov-s-tochki-zreniya-nejrologii\" \/>\n\t\t<meta property=\"og:image\" content=\"https:\/\/prohoster.info\/wp-content\/uploads\/2021\/11\/logo-350.jpg\" \/>\n\t\t<meta property=\"og:image:secure_url\" content=\"https:\/\/prohoster.info\/wp-content\/uploads\/2021\/11\/logo-350.jpg\" \/>\n\t\t<meta property=\"og:image:width\" content=\"350\" \/>\n\t\t<meta property=\"og:image:height\" content=\"350\" \/>\n\t\t<meta property=\"article:published_time\" content=\"2020-01-09T21:00:00+00:00\" \/>\n\t\t<meta property=\"article:modified_time\" content=\"2020-02-18T11:03:05+00:00\" \/>\n\t\t<meta property=\"article:publisher\" content=\"https:\/\/www.facebook.com\/prohoster\" \/>\n\t\t<meta property=\"article:author\" content=\"https:\/\/www.facebook.com\/prohoster\" \/>\n\t\t<!-- All in One SEO -->\n\n","aioseo_head_json":{"title":"\ud83e\udd47Il massimalismo giovanile e lo spirito di contraddizione negli adolescenti dal punto di vista della neurologia | ProHoster","description":"Uno di questi.","canonical_url":"https:\/\/prohoster.info\/it\/blog\/news\/yunosheskij-maksimalizm-i-duh-protivorechiya-u-podrostkov-s-tochki-zreniya-nejrologii","robots":"max-image-preview:large","keywords":"","webmasterTools":{"miscellaneous":""},"schema":null,"og:locale":"it_IT","og:site_name":"ProHoster | \u041a\u0443\u043f\u0438\u0442\u044c \u043d\u0430\u0434\u0435\u0436\u043d\u044b\u0439 \u0445\u043e\u0441\u0442\u0438\u043d\u0433 \u0434\u043b\u044f \u0441\u0430\u0439\u0442\u043e\u0432 \u0441 \u0437\u0430\u0449\u0438\u0442\u043e\u0439 \u043e\u0442 DDoS, VPS VDS \u0441\u0435\u0440\u0432\u0435\u0440\u044b","og:type":"article","og:title":"\ud83e\udd47\u042e\u043d\u043e\u0448\u0435\u0441\u043a\u0438\u0439 \u043c\u0430\u043a\u0441\u0438\u043c\u0430\u043b\u0438\u0437\u043c \u0438 \u0434\u0443\u0445 \u043f\u0440\u043e\u0442\u0438\u0432\u043e\u0440\u0435\u0447\u0438\u044f \u0443 \u043f\u043e\u0434\u0440\u043e\u0441\u0442\u043a\u043e\u0432 \u0441 \u0442\u043e\u0447\u043a\u0438 \u0437\u0440\u0435\u043d\u0438\u044f \u043d\u0435\u0439\u0440\u043e\u043b\u043e\u0433\u0438\u0438 | ProHoster","og:description":"\u041e\u0434\u043d\u0438\u043c \u0438\u0437.","og:url":"https:\/\/prohoster.info\/it\/blog\/news\/yunosheskij-maksimalizm-i-duh-protivorechiya-u-podrostkov-s-tochki-zreniya-nejrologii","og:image":"https:\/\/prohoster.info\/wp-content\/uploads\/2021\/11\/logo-350.jpg","og:image:secure_url":"https:\/\/prohoster.info\/wp-content\/uploads\/2021\/11\/logo-350.jpg","og:image:width":350,"og:image:height":350,"article:published_time":"2020-01-09T21:00:00+00:00","article:modified_time":"2020-02-18T11:03:05+00:00","article:publisher":"https:\/\/www.facebook.com\/prohoster","article:author":"https:\/\/www.facebook.com\/prohoster"},"aioseo_meta_data":{"post_id":"55012","title":null,"description":null,"keywords":null,"keyphrases":null,"primary_term":null,"canonical_url":null,"og_title":null,"og_description":null,"og_object_type":"default","og_image_type":"default","og_image_url":null,"og_image_width":null,"og_image_height":null,"og_image_custom_url":null,"og_image_custom_fields":null,"og_video":null,"og_custom_url":null,"og_article_section":null,"og_article_tags":null,"twitter_use_og":false,"twitter_card":"default","twitter_image_type":"default","twitter_image_url":null,"twitter_image_custom_url":null,"twitter_image_custom_fields":null,"twitter_title":null,"twitter_description":null,"schema":{"blockGraphs":[],"customGraphs":[],"default":{"data":{"Article":[],"Course":[],"Dataset":[],"FAQPage":[],"Movie":[],"Person":[],"Product":[],"ProductReview":[],"Car":[],"Recipe":[],"Service":[],"SoftwareApplication":[],"WebPage":[]},"graphName":"","isEnabled":true},"graphs":[]},"schema_type":null,"schema_type_options":null,"pillar_content":false,"robots_default":true,"robots_noindex":false,"robots_noarchive":false,"robots_nosnippet":false,"robots_nofollow":false,"robots_noimageindex":false,"robots_noodp":false,"robots_notranslate":false,"robots_max_snippet":null,"robots_max_videopreview":null,"robots_max_imagepreview":"large","priority":null,"frequency":null,"local_seo":null,"seo_analyzer_scan_date":"2026-01-24 13:31:20","breadcrumb_settings":null,"limit_modified_date":false,"reviewed_by":null,"ai":null,"created":"2021-02-28 19:53:49","updated":"2026-01-24 13:31:20","focus_keyword":null,"additional_keywords":null,"truseo_locale":null},"gt_translate_keys":[{"key":"link","format":"url"}],"_links":{"self":[{"href":"https:\/\/prohoster.info\/it\/wp-json\/wp\/v2\/posts\/55012","targetHints":{"allow":["GET"]}}],"collection":[{"href":"https:\/\/prohoster.info\/it\/wp-json\/wp\/v2\/posts"}],"about":[{"href":"https:\/\/prohoster.info\/it\/wp-json\/wp\/v2\/types\/post"}],"author":[{"embeddable":true,"href":"https:\/\/prohoster.info\/it\/wp-json\/wp\/v2\/users\/1"}],"replies":[{"embeddable":true,"href":"https:\/\/prohoster.info\/it\/wp-json\/wp\/v2\/comments?post=55012"}],"version-history":[{"count":0,"href":"https:\/\/prohoster.info\/it\/wp-json\/wp\/v2\/posts\/55012\/revisions"}],"wp:attachment":[{"href":"https:\/\/prohoster.info\/it\/wp-json\/wp\/v2\/media?parent=55012"}],"wp:term":[{"taxonomy":"category","embeddable":true,"href":"https:\/\/prohoster.info\/it\/wp-json\/wp\/v2\/categories?post=55012"},{"taxonomy":"post_tag","embeddable":true,"href":"https:\/\/prohoster.info\/it\/wp-json\/wp\/v2\/tags?post=55012"}],"curies":[{"name":"wp","href":"https:\/\/api.w.org\/{rel}","templated":true}]}}