{"id":55240,"date":"2020-01-16T00:00:00","date_gmt":"2020-01-15T21:00:00","guid":{"rendered":"https:\/\/prohoster.info\/blog\/blog_prohoster\/iden-versio-iz-battlefront-ii-mozhet-poyavitsya-vo-2-sezone-mandalortsa"},"modified":"2020-02-18T14:03:20","modified_gmt":"2020-02-18T11:03:20","slug":"iden-versio-iz-battlefront-ii-mozhet-poyavitsya-vo-2-sezone-mandalortsa","status":"publish","type":"post","link":"https:\/\/prohoster.info\/it\/blog\/news\/iden-versio-iz-battlefront-ii-mozhet-poyavitsya-vo-2-sezone-mandalortsa","title":{"rendered":"Iden Versio di Battlefront II potrebbe apparire nella seconda stagione di \"The Mandalorian\"","gt_translate_keys":[{"key":"rendered","format":"text"}]},"content":{"rendered":"<p>La prima del secondo stagione della serie &laquo;The Mandalorian&raquo; di Disney+ \u00e8 prevista per la fine di quest'anno. Gi\u00e0 adesso sono emerse voci secondo cui un personaggio popolare di &laquo;Star Wars&raquo;, apparso per la prima volta nel gioco del nuovo canone dell'universo, potrebbe comparire.<\/p>\n<p><img decoding=\"async\" alt=\"Iden Versio di Battlefront II potrebbe apparire nella seconda stagione di &quot;The Mandalorian&quot;\" src=\"\/wp-content\/uploads\/2020\/01\/5db090cfc2dee9c07487ca0e2464a16a.jpg\" style=\"display:block;margin: 0 auto;\" \/><\/p>\n<p><img decoding=\"async\" alt=\"Iden Versio di Battlefront II potrebbe apparire nella seconda stagione di &quot;The Mandalorian&quot;\" src=\"\/wp-content\/uploads\/2020\/01\/1d97842529b532e684dcadc3a1871608.jpg\" style=\"display:block;margin: 0 auto;\" \/><\/p>\n<p>In un tweet, un fan ha chiesto all'attrice Janina Gavankar se avesse intenzione di interpretare il ruolo di Iden Versio in &laquo;The Mandalorian&raquo;, un personaggio che Gavankar ha interpretato nello sparatutto del 2017. <noindex><a rel=\"nofollow\" href=\"https:\/\/3dnews.ru\/961614\">Star Wars Battlefront II<\/a><\/noindex> Ha anche allegato uno screenshot contenente un elenco di attori della seconda stagione, incluso Janina Gavankar nel ruolo di Versio. L'attrice ha poi citato il tweet e ha detto al fan che avrebbe dovuto inviare la domanda a Dave Filoni, uno dei principali sceneggiatori de &laquo;The Mandalorian&raquo;.<\/p>\n<p><center><\/p>\n<blockquote class=\"twitter-tweet\">\n<p>Dovrai chiedere al signor. <noindex><a rel=\"nofollow\" href=\"https:\/\/twitter.com\/dave_filoni?ref_src=twsrc%5Etfw\">@dave_filoni<\/a><\/noindex> <noindex><a rel=\"nofollow\" href=\"https:\/\/t.co\/bHjz4oX2pr\">https:\/\/t.co\/bHjz4oX2pr<\/a><\/noindex><\/p>\n<p>&mdash; janina gavankar (@Janina) <noindex><a rel=\"nofollow\" href=\"https:\/\/twitter.com\/Janina\/status\/1217495864228212737?ref_src=twsrc%5Etfw\">15 gennaio 2020<\/a><\/noindex><\/p><\/blockquote>\n<p><\/center><\/p>\n<p>In generale, sembra che Gavankar sia interessata all'idea di tornare nel ruolo di Iden Versio e di apparire in &laquo;The Mandalorian&raquo;, ma ci\u00f2 non significa affatto che accadr\u00e0 realmente. Per cominciare, lo screenshot fornito \u00e8 piuttosto sospetto e non dovrebbe essere considerato una fonte affidabile. Il fan ha detto di averlo semplicemente preso da una pagina Facebook che segue: a giudicare dai personaggi citati insieme a Iden Versio, si tratta semplicemente di fantasie da fan. \u00c8 improbabile che in una stagione di una serie in gran parte autonoma vengano mostrati cos\u00ec tanti personaggi secondari noti dell'universo, inclusi Bossk, Mon Mothma e Shriv Suurgav.<\/p>\n<p><center><\/center><\/p>\n<p style=\"text-align: center;\"><center><center><div class=\"youtube-placeholder\" data-id=\"FNUTWw17rkM\" onclick=\"loadVideo(this)\">\r\n        <img decoding=\"async\" src=\"https:\/\/img.youtube.com\/vi\/FNUTWw17rkM\/hqdefault.jpg\" alt=\"Guarda il video\" loading=\"lazy\" width=\"480\" height=\"360\" style=\"width:100%;height:auto;\">\r\n        <div class=\"play-button\"><\/div>\r\n    <\/div><\/center><\/center><\/p>\n<p>Pertanto, in questa fase, le probabilit\u00e0 di vedere Iden Versio in &laquo;The Mandalorian&raquo; sono basse, nonostante l'interesse dell'attrice. Come al solito con Lucasfilm e Disney, i dettagli della seconda stagione rimarranno segreti fino al debutto alla fine del 2020. Star Wars Battlefront II \u00e8 disponibile su PS4, Xbox One e PC e il mese scorso ha ricevuto <noindex><a rel=\"nofollow\" href=\"https:\/\/3dnews.ru\/999856\">un aggiornamento piuttosto significativo<\/a><\/noindex>.<\/p>\n<p style=\"text-align: center;\"><center><center><div class=\"youtube-placeholder\" data-id=\"pryBP4K-_34\" onclick=\"loadVideo(this)\">\r\n        <img decoding=\"async\" src=\"https:\/\/img.youtube.com\/vi\/pryBP4K-_34\/hqdefault.jpg\" alt=\"Guarda il video\" loading=\"lazy\" width=\"480\" height=\"360\" style=\"width:100%;height:auto;\">\r\n        <div class=\"play-button\"><\/div>\r\n    <\/div><\/center><\/center><\/p>\n<p><center><\/p>\n<p><\/center><\/p>\n<p>\t\t\t\t<center><br \/>\n\t\t\t\t\t\t\t\t<\/center><br \/>Fonte: <a content=\"nofollow\" rel=\"nofollow\" href=\"http:\/\/www.3dnews.ru\/1001551\">3dnews.ru<\/a><\/p>","protected":false,"gt_translate_keys":[{"key":"rendered","format":"html"}]},"excerpt":{"rendered":"<p>\u041f\u0440\u0435\u043c\u044c\u0435\u0440\u0430 \u0432\u0442\u043e\u0440\u043e\u0433\u043e \u0441\u0435\u0437\u043e\u043d\u0430 \u0441\u0435\u0440\u0438\u0430\u043b\u0430 &laquo;\u041c\u0430\u043d\u0434\u0430\u043b\u043e\u0440\u0435\u0446&raquo; \u043e\u0442 Disney+ \u043d\u0430\u043c\u0435\u0447\u0435\u043d\u0430 \u043d\u0430 \u043a\u043e\u043d\u0435\u0446 \u044d\u0442\u043e\u0433\u043e \u0433\u043e\u0434\u0430. \u0410 \u0443\u0436\u0435 \u0441\u0435\u0439\u0447\u0430\u0441 \u0441\u0442\u0430\u043b\u0438 \u0440\u0430\u0441\u043f\u0440\u043e\u0441\u0442\u0440\u0430\u043d\u044f\u0442\u044c\u0441\u044f \u0441\u043b\u0443\u0445\u0438 \u043e \u0442\u043e\u043c, \u0447\u0442\u043e \u0432 \u043d\u0451\u043c \u043c\u043e\u0436\u0435\u0442 \u0437\u0430\u0441\u0432\u0435\u0442\u0438\u0442\u044c\u0441\u044f \u043f\u043e\u043f\u0443\u043b\u044f\u0440\u043d\u044b\u0439 \u043f\u0435\u0440\u0441\u043e\u043d\u0430\u0436 \u0438\u0437 &laquo;\u0417\u0432\u0451\u0437\u0434\u043d\u044b\u0445 \u0432\u043e\u0439\u043d&raquo;, \u0432\u043f\u0435\u0440\u0432\u044b\u0435 \u043f\u043e\u044f\u0432\u0438\u0432\u0448\u0438\u0439\u0441\u044f&nbsp;\u0432 \u0438\u0433\u0440\u0435, \u0441\u043e\u0437\u0434\u0430\u043d\u043d\u043e\u0439 \u043f\u043e \u043d\u043e\u0432\u043e\u043c\u0443 \u043a\u0430\u043d\u043e\u043d\u0443 \u043f\u043e\u043f\u0443\u043b\u044f\u0440\u043d\u043e\u0439 \u0432\u0441\u0435\u043b\u0435\u043d\u043d\u043e\u0439. \u0412 \u043e\u0434\u043d\u043e\u043c \u0438\u0437 \u0441\u043e\u043e\u0431\u0449\u0435\u043d\u0438\u0439 \u0432 Twitter \u043f\u043e\u043a\u043b\u043e\u043d\u043d\u0438\u043a \u0441\u043f\u0440\u043e\u0441\u0438\u043b\u0430 \u0430\u043a\u0442\u0440\u0438\u0441\u0443 \u0414\u0436\u0430\u043d\u0438\u043d\u0443 \u0413\u0430\u0432\u0430\u043d\u043a\u0430\u0440 (Janina Gavankar), \u043d\u0435 \u0441\u043e\u0431\u0438\u0440\u0430\u0435\u0442\u0441\u044f \u043b\u0438 [&hellip;]<\/p>\n","protected":false,"gt_translate_keys":[{"key":"rendered","format":"html"}]},"author":1,"featured_media":0,"comment_status":"open","ping_status":"open","sticky":false,"template":"","format":"standard","meta":{"footnotes":""},"categories":[702],"tags":[],"class_list":["post-55240","post","type-post","status-publish","format-standard","hentry","category-news"],"aioseo_notices":[],"aioseo_head":"\n\t\t<!-- All in One SEO 5.0.1.1 - aioseo.com -->\n\t<meta name=\"description\" content=\"\u041f\u0440\u0435\u043c\u044c\u0435\u0440\u0430 \u0432\u0442\u043e\u0440\u043e\u0433\u043e \u0441\u0435\u0437\u043e\u043d\u0430 \u0441\u0435\u0440\u0438\u0430\u043b\u0430 \u00ab\u041c\u0430\u043d\u0434\u0430\u043b\u043e\u0440\u0435\u0446\u00bb \u043e\u0442 Disney+ \u043d\u0430\u043c\u0435\u0447\u0435\u043d\u0430 \u043d\u0430 \u043a\u043e\u043d\u0435\u0446 \u044d\u0442\u043e\u0433\u043e \u0433\u043e\u0434\u0430.\" \/>\n\t<meta name=\"robots\" content=\"max-image-preview:large\" \/>\n\t<meta name=\"author\" content=\"Yuri Gagarin\"\/>\n\t<link rel=\"canonical\" href=\"https:\/\/prohoster.info\/it\/blog\/news\/iden-versio-iz-battlefront-ii-mozhet-poyavitsya-vo-2-sezone-mandalortsa\" \/>\n\t<meta name=\"generator\" content=\"All in One SEO (AIOSEO) 5.0.1.1\" \/>\n\t\t<meta property=\"og:locale\" content=\"it_IT\" \/>\n\t\t<meta property=\"og:site_name\" content=\"ProHoster | \u041a\u0443\u043f\u0438\u0442\u044c \u043d\u0430\u0434\u0435\u0436\u043d\u044b\u0439 \u0445\u043e\u0441\u0442\u0438\u043d\u0433 \u0434\u043b\u044f \u0441\u0430\u0439\u0442\u043e\u0432 \u0441 \u0437\u0430\u0449\u0438\u0442\u043e\u0439 \u043e\u0442 DDoS, VPS VDS \u0441\u0435\u0440\u0432\u0435\u0440\u044b\" \/>\n\t\t<meta property=\"og:type\" content=\"article\" \/>\n\t\t<meta property=\"og:title\" content=\"\ud83e\udd47\u0418\u0434\u0435\u043d \u0412\u0435\u0440\u0441\u0438\u043e \u0438\u0437 Battlefront II \u043c\u043e\u0436\u0435\u0442 \u043f\u043e\u044f\u0432\u0438\u0442\u044c\u0441\u044f \u0432\u043e 2 \u0441\u0435\u0437\u043e\u043d\u0435 \u00ab\u041c\u0430\u043d\u0434\u0430\u043b\u043e\u0440\u0446\u0430\u00bb | ProHoster\" \/>\n\t\t<meta property=\"og:description\" content=\"\u041f\u0440\u0435\u043c\u044c\u0435\u0440\u0430 \u0432\u0442\u043e\u0440\u043e\u0433\u043e \u0441\u0435\u0437\u043e\u043d\u0430 \u0441\u0435\u0440\u0438\u0430\u043b\u0430 \u00ab\u041c\u0430\u043d\u0434\u0430\u043b\u043e\u0440\u0435\u0446\u00bb \u043e\u0442 Disney+ \u043d\u0430\u043c\u0435\u0447\u0435\u043d\u0430 \u043d\u0430 \u043a\u043e\u043d\u0435\u0446 \u044d\u0442\u043e\u0433\u043e \u0433\u043e\u0434\u0430.\" \/>\n\t\t<meta property=\"og:url\" content=\"https:\/\/prohoster.info\/it\/blog\/news\/iden-versio-iz-battlefront-ii-mozhet-poyavitsya-vo-2-sezone-mandalortsa\" \/>\n\t\t<meta property=\"og:image\" content=\"https:\/\/prohoster.info\/wp-content\/uploads\/2021\/11\/logo-350.jpg\" \/>\n\t\t<meta property=\"og:image:secure_url\" content=\"https:\/\/prohoster.info\/wp-content\/uploads\/2021\/11\/logo-350.jpg\" \/>\n\t\t<meta property=\"og:image:width\" content=\"350\" \/>\n\t\t<meta property=\"og:image:height\" content=\"350\" \/>\n\t\t<meta property=\"article:published_time\" content=\"2020-01-15T21:00:00+00:00\" \/>\n\t\t<meta property=\"article:modified_time\" content=\"2020-02-18T11:03:20+00:00\" \/>\n\t\t<meta property=\"article:publisher\" content=\"https:\/\/www.facebook.com\/prohoster\" \/>\n\t\t<meta property=\"article:author\" content=\"https:\/\/www.facebook.com\/prohoster\" \/>\n\t\t<!-- All in One SEO -->\n\n","aioseo_head_json":{"title":"\ud83e\udd47Iden Versio di Battlefront II potrebbe apparire nella 2\u00aa stagione de \u00abIl Mandaloriano\u00bb | ProHoster","description":"La premiere della seconda stagione della serie \u00abIl Mandaloriano\u00bb di Disney+ \u00e8 prevista per la fine di quest'anno.","canonical_url":"https:\/\/prohoster.info\/it\/blog\/news\/iden-versio-iz-battlefront-ii-mozhet-poyavitsya-vo-2-sezone-mandalortsa","robots":"max-image-preview:large","keywords":"","webmasterTools":{"miscellaneous":""},"schema":null,"og:locale":"it_IT","og:site_name":"ProHoster | \u041a\u0443\u043f\u0438\u0442\u044c \u043d\u0430\u0434\u0435\u0436\u043d\u044b\u0439 \u0445\u043e\u0441\u0442\u0438\u043d\u0433 \u0434\u043b\u044f \u0441\u0430\u0439\u0442\u043e\u0432 \u0441 \u0437\u0430\u0449\u0438\u0442\u043e\u0439 \u043e\u0442 DDoS, VPS VDS \u0441\u0435\u0440\u0432\u0435\u0440\u044b","og:type":"article","og:title":"\ud83e\udd47\u0418\u0434\u0435\u043d \u0412\u0435\u0440\u0441\u0438\u043e \u0438\u0437 Battlefront II \u043c\u043e\u0436\u0435\u0442 \u043f\u043e\u044f\u0432\u0438\u0442\u044c\u0441\u044f \u0432\u043e 2 \u0441\u0435\u0437\u043e\u043d\u0435 \u00ab\u041c\u0430\u043d\u0434\u0430\u043b\u043e\u0440\u0446\u0430\u00bb | ProHoster","og:description":"\u041f\u0440\u0435\u043c\u044c\u0435\u0440\u0430 \u0432\u0442\u043e\u0440\u043e\u0433\u043e \u0441\u0435\u0437\u043e\u043d\u0430 \u0441\u0435\u0440\u0438\u0430\u043b\u0430 \u00ab\u041c\u0430\u043d\u0434\u0430\u043b\u043e\u0440\u0435\u0446\u00bb \u043e\u0442 Disney+ \u043d\u0430\u043c\u0435\u0447\u0435\u043d\u0430 \u043d\u0430 \u043a\u043e\u043d\u0435\u0446 \u044d\u0442\u043e\u0433\u043e \u0433\u043e\u0434\u0430.","og:url":"https:\/\/prohoster.info\/it\/blog\/news\/iden-versio-iz-battlefront-ii-mozhet-poyavitsya-vo-2-sezone-mandalortsa","og:image":"https:\/\/prohoster.info\/wp-content\/uploads\/2021\/11\/logo-350.jpg","og:image:secure_url":"https:\/\/prohoster.info\/wp-content\/uploads\/2021\/11\/logo-350.jpg","og:image:width":350,"og:image:height":350,"article:published_time":"2020-01-15T21:00:00+00:00","article:modified_time":"2020-02-18T11:03:20+00:00","article:publisher":"https:\/\/www.facebook.com\/prohoster","article:author":"https:\/\/www.facebook.com\/prohoster"},"aioseo_meta_data":{"post_id":"55240","title":null,"description":null,"keywords":null,"keyphrases":null,"primary_term":null,"canonical_url":null,"og_title":null,"og_description":null,"og_object_type":"default","og_image_type":"default","og_image_url":null,"og_image_width":null,"og_image_height":null,"og_image_custom_url":null,"og_image_custom_fields":null,"og_video":null,"og_custom_url":null,"og_article_section":null,"og_article_tags":null,"twitter_use_og":false,"twitter_card":"default","twitter_image_type":"default","twitter_image_url":null,"twitter_image_custom_url":null,"twitter_image_custom_fields":null,"twitter_title":null,"twitter_description":null,"schema":{"blockGraphs":[],"customGraphs":[],"default":{"data":{"Article":[],"Course":[],"Dataset":[],"FAQPage":[],"Movie":[],"Person":[],"Product":[],"ProductReview":[],"Car":[],"Recipe":[],"Service":[],"SoftwareApplication":[],"WebPage":[]},"graphName":"","isEnabled":true},"graphs":[]},"schema_type":null,"schema_type_options":null,"pillar_content":false,"robots_default":true,"robots_noindex":false,"robots_noarchive":false,"robots_nosnippet":false,"robots_nofollow":false,"robots_noimageindex":false,"robots_noodp":false,"robots_notranslate":false,"robots_max_snippet":null,"robots_max_videopreview":null,"robots_max_imagepreview":"large","priority":null,"frequency":null,"local_seo":null,"seo_analyzer_scan_date":null,"breadcrumb_settings":null,"limit_modified_date":false,"reviewed_by":null,"ai":null,"created":"2021-02-28 19:47:38","updated":"2022-09-28 10:58:27","focus_keyword":null,"additional_keywords":null,"truseo_locale":null},"gt_translate_keys":[{"key":"link","format":"url"}],"_links":{"self":[{"href":"https:\/\/prohoster.info\/it\/wp-json\/wp\/v2\/posts\/55240","targetHints":{"allow":["GET"]}}],"collection":[{"href":"https:\/\/prohoster.info\/it\/wp-json\/wp\/v2\/posts"}],"about":[{"href":"https:\/\/prohoster.info\/it\/wp-json\/wp\/v2\/types\/post"}],"author":[{"embeddable":true,"href":"https:\/\/prohoster.info\/it\/wp-json\/wp\/v2\/users\/1"}],"replies":[{"embeddable":true,"href":"https:\/\/prohoster.info\/it\/wp-json\/wp\/v2\/comments?post=55240"}],"version-history":[{"count":0,"href":"https:\/\/prohoster.info\/it\/wp-json\/wp\/v2\/posts\/55240\/revisions"}],"wp:attachment":[{"href":"https:\/\/prohoster.info\/it\/wp-json\/wp\/v2\/media?parent=55240"}],"wp:term":[{"taxonomy":"category","embeddable":true,"href":"https:\/\/prohoster.info\/it\/wp-json\/wp\/v2\/categories?post=55240"},{"taxonomy":"post_tag","embeddable":true,"href":"https:\/\/prohoster.info\/it\/wp-json\/wp\/v2\/tags?post=55240"}],"curies":[{"name":"wp","href":"https:\/\/api.w.org\/{rel}","templated":true}]}}