{"id":183237,"date":"2026-09-03T22:54:14","date_gmt":"2026-09-03T20:54:15","guid":{"rendered":"https:\/\/prohoster.info\/blog\/news\/cern-perevedyot-sistemu-upravleniya-uskoritelem-na-debian-no-ostavit-rhel-almalinux-v-dataczentrah"},"modified":"2026-09-03T22:54:17","modified_gmt":"2026-09-03T20:54:17","slug":"cern-to-migrate-accelerator-control-system-to-debian-but-keep-rhel-almalinux-in-data-centers","status":"publish","type":"post","link":"https:\/\/prohoster.info\/pl\/blog\/news\/cern-to-migrate-accelerator-control-system-to-debian-but-keep-rhel-almalinux-in-data-centers","title":{"rendered":"CERN przeniesie system zarz\u0105dzania akceleratorami na Debian, ale pozostawi RHEL\/AlmaLinux w centrach danych","gt_translate_keys":[{"key":"rendered","format":"text"}]},"content":{"rendered":"<p>Przedstawiciele Europejskiej Organizacji Bada\u0144 J\u0105drowych (CERN) wspomnieli podczas swojego wyst\u0105pienia na konferencji MiniDebConf o planach przet\u0142umaczenia do ko\u0144ca 2026 roku ponad 2200 komputer\u00f3w przemys\u0142owych i wbudowanych z RHEL na Debian 13, kt\u00f3re s\u0105 stosowane do zarz\u0105dzania kompleksem akcelerator\u00f3w, w tym Wielkim Zderzaczem Hadron\u00f3w oraz szeregiem niezale\u017cnych eksperyment\u00f3w. Oddzielnie zaznaczono, \u017ce migracja nie dotknie centr\u00f3w danych ani system\u00f3w eksperymentalnych, na kt\u00f3rych nadal b\u0119dzie u\u017cywany RHEL\/AlmaLinux.    <\/p>\n<p>Pocz\u0105tkowo in\u017cynierowie CERN planowali przej\u015bcie na CentOS Stream, jednak zrezygnowali z tego kroku z powodu kompilacji pakiet\u00f3w dla architektury x86-64-v2 (&#171;-march=x86-64-v2&#187;), kt\u00f3ra obejmuje rozszerzenia SSE3, SSE4_2, SSSE3, POPCNT, LAHF-SAHF oraz CMPXCHG16B, co uniemo\u017cliwia korzystanie z dystrybucji na starszym sprz\u0119cie. W\u015br\u00f3d problem\u00f3w, z kt\u00f3rymi zderzyli si\u0119 podczas wdra\u017cania Debiana, wymienia si\u0119 brak pe\u0142noprawnych narz\u0119dzi do automatycznej kompilacji i publikacji pakiet\u00f3w, a tak\u017ce brak oficjalnej polityki dotycz\u0105cej binarnych modu\u0142\u00f3w j\u0105dra oraz problemy z obs\u0142ug\u0105 niekt\u00f3rych narz\u0119dzi do pracy z wieloma wersjami tego samego pakietu w jednym repozytorium.    <center><img decoding=\"async\" src=\"\/wp-content\/uploads\/2026\/09\/9559ad58f107cf5335da7baa583a859f.png\" style=\"display:block;margin: 0 auto;\" \/><\/center>    <\/p>\n<p>W swoim czasie organizacja CERN by\u0142a jednym z kluczowych tw\u00f3rc\u00f3w dystrybucji Scientific Linux, kt\u00f3rej rozw\u00f3j zosta\u0142 wstrzymany w 2019 roku na rzecz CentOS. W 2022 roku, po zmianie polityki firmy Red Hat dotycz\u0105cej wsparcia dla CentOS i przedwczesnym zako\u0144czeniu wsparcia dla ga\u0142\u0119zi CentOS 8, organizacja CERN przesz\u0142a na AlmaLinux jako standardow\u0105 dystrybucj\u0119 do wsparcia eksperyment\u00f3w, ale kontynuowa\u0142a korzystanie z ju\u017c wdro\u017conych system\u00f3w opartych na CentOS i RHEL do zako\u0144czenia cyklu \u017cycia u\u017cywanych wyda\u0144.<br \/>\n<br \/>\u0179r\u00f3d\u0142o: <a content=\"nofollow\" rel=\"nofollow\" href=\"https:\/\/www.opennet.ru\/opennews\/art.shtml?num=66202\">opennet.ru<\/a> <\/p>","protected":false,"gt_translate_keys":[{"key":"rendered","format":"html"}]},"excerpt":{"rendered":"<p>\u041f\u0440\u0435\u0434\u0441\u0442\u0430\u0432\u0438\u0442\u0435\u043b\u0438 \u0415\u0432\u0440\u043e\u043f\u0435\u0439\u0441\u043a\u043e\u0439 \u043e\u0440\u0433\u0430\u043d\u0438\u0437\u0430\u0446\u0438\u0438 \u043f\u043e \u044f\u0434\u0435\u0440\u043d\u044b\u043c \u0438\u0441\u0441\u043b\u0435\u0434\u043e\u0432\u0430\u043d\u0438\u044f\u043c (CERN) \u0443\u043f\u043e\u043c\u044f\u043d\u0443\u043b\u0438 \u0432 \u0441\u0432\u043e\u0451\u043c \u0432\u044b\u0441\u0442\u0443\u043f\u043b\u0435\u043d\u0438\u0438 \u043d\u0430 \u043a\u043e\u043d\u0444\u0435\u0440\u0435\u043d\u0446\u0438\u0438 MiniDebConf \u043e \u043f\u043b\u0430\u043d\u0430\u0445 \u0434\u043e \u043a\u043e\u043d\u0446\u0430 2026 \u0433\u043e\u0434\u0430 \u043f\u0435\u0440\u0435\u0432\u0435\u0441\u0442\u0438 \u0441 RHEL \u043d\u0430 Debian 13 \u0431\u043e\u043b\u0435\u0435 2200 \u043f\u0440\u043e\u043c\u044b\u0448\u043b\u0435\u043d\u043d\u044b\u0445 \u0438 \u0432\u0441\u0442\u0440\u0430\u0438\u0432\u0430\u0435\u043c\u044b\u0445 \u043a\u043e\u043c\u043f\u044c\u044e\u0442\u0435\u0440\u043e\u0432, \u043f\u0440\u0438\u043c\u0435\u043d\u044f\u0435\u043c\u044b\u0445 \u0434\u043b\u044f \u0443\u043f\u0440\u0430\u0432\u043b\u0435\u043d\u0438\u044f \u0443\u0441\u043a\u043e\u0440\u0438\u0442\u0435\u043b\u044c\u043d\u044b\u043c \u043a\u043e\u043c\u043f\u043b\u0435\u043a\u0441\u043e\u043c, \u0432 \u043a\u043e\u0442\u043e\u0440\u044b\u0439 \u0432\u0445\u043e\u0434\u0438\u0442 \u0411\u043e\u043b\u044c\u0448\u043e\u0439 \u0430\u0434\u0440\u043e\u043d\u043d\u044b\u0439 \u043a\u043e\u043b\u043b\u0430\u0439\u0434\u0435\u0440 \u0438 \u0440\u044f\u0434 \u043d\u0435\u0437\u0430\u0432\u0438\u0441\u0438\u043c\u044b\u0445 \u044d\u043a\u0441\u043f\u0435\u0440\u0438\u043c\u0435\u043d\u0442\u0430\u043b\u044c\u043d\u044b\u0445 \u0443\u0441\u0442\u0430\u043d\u043e\u0432\u043e\u043a. \u041e\u0442\u0434\u0435\u043b\u044c\u043d\u043e \u0443\u0442\u043e\u0447\u043d\u044f\u0435\u0442\u0441\u044f, \u0447\u0442\u043e \u043c\u0438\u0433\u0440\u0430\u0446\u0438\u044f \u043d\u0435 \u0437\u0430\u0442\u0440\u043e\u043d\u0435\u0442 \u0434\u0430\u0442\u0430\u0446\u0435\u043d\u0442\u0440\u044b [&hellip;]<\/p>\n","protected":false,"gt_translate_keys":[{"key":"rendered","format":"html"}]},"author":10,"featured_media":183239,"comment_status":"open","ping_status":"open","sticky":false,"template":"","format":"standard","meta":{"footnotes":""},"categories":[702],"tags":[],"class_list":["post-183237","post","type-post","status-publish","format-standard","has-post-thumbnail","hentry","category-news"],"aioseo_notices":[],"aioseo_head":"\n\t\t<!-- All in One SEO 5.0.1.1 - aioseo.com -->\n\t<meta name=\"description\" content=\"\u041f\u0440\u0435\u0434\u0441\u0442\u0430\u0432\u0438\u0442\u0435\u043b\u0438 \u0415\u0432\u0440\u043e\u043f\u0435\u0439\u0441\u043a\u043e\u0439 \u043e\u0440\u0433\u0430\u043d\u0438\u0437\u0430\u0446\u0438\u0438 \u043f\u043e \u044f\u0434\u0435\u0440\u043d\u044b\u043c \u0438\u0441\u0441\u043b\u0435\u0434\u043e\u0432\u0430\u043d\u0438\u044f\u043c (CERN) \u0443\u043f\u043e\u043c\u044f\u043d\u0443\u043b\u0438 \u0432 \u0441\u0432\u043e\u0451\u043c \u0432\u044b\u0441\u0442\u0443\u043f\u043b\u0435\u043d\u0438\u0438 \u043d\u0430 \u043a\u043e\u043d\u0444\u0435\u0440\u0435\u043d\u0446\u0438\u0438 MiniDebConf \u043e \u043f\u043b\u0430\u043d\u0430\u0445 \u0434\u043e \u043a\u043e\u043d\u0446\u0430 2026 \u0433\u043e\u0434\u0430 \u043f\u0435\u0440\u0435\u0432\u0435\u0441\u0442\u0438 \u0441 RHEL \u043d\u0430 Debian 13 \u0431\u043e\u043b\u0435\u0435 2200 \u043f\u0440\u043e\u043c\u044b\u0448\u043b\u0435\u043d\u043d\u044b\u0445 \u0438.\" \/>\n\t<meta name=\"robots\" content=\"max-image-preview:large\" \/>\n\t<meta name=\"author\" content=\"Alexander Kovalev\"\/>\n\t<link rel=\"canonical\" href=\"https:\/\/prohoster.info\/pl\/blog\/news\/cern-to-migrate-accelerator-control-system-to-debian-but-keep-rhel-almalinux-in-data-centers\" \/>\n\t<meta name=\"generator\" content=\"All in One SEO (AIOSEO) 5.0.1.1\" \/>\n\t\t<meta property=\"og:locale\" content=\"pl_PL\" \/>\n\t\t<meta property=\"og:site_name\" content=\"ProHoster | \u041a\u0443\u043f\u0438\u0442\u044c \u043d\u0430\u0434\u0435\u0436\u043d\u044b\u0439 \u0445\u043e\u0441\u0442\u0438\u043d\u0433 \u0434\u043b\u044f \u0441\u0430\u0439\u0442\u043e\u0432 \u0441 \u0437\u0430\u0449\u0438\u0442\u043e\u0439 \u043e\u0442 DDoS, VPS VDS \u0441\u0435\u0440\u0432\u0435\u0440\u044b\" \/>\n\t\t<meta property=\"og:type\" content=\"article\" \/>\n\t\t<meta property=\"og:title\" content=\"\ud83e\udd47CERN \u043f\u0435\u0440\u0435\u0432\u0435\u0434\u0451\u0442 \u0441\u0438\u0441\u0442\u0435\u043c\u0443 \u0443\u043f\u0440\u0430\u0432\u043b\u0435\u043d\u0438\u044f \u0443\u0441\u043a\u043e\u0440\u0438\u0442\u0435\u043b\u0435\u043c \u043d\u0430 Debian, \u043d\u043e \u043e\u0441\u0442\u0430\u0432\u0438\u0442 RHEL\/AlmaLinux \u0432 \u0434\u0430\u0442\u0430\u0446\u0435\u043d\u0442\u0440\u0430\u0445 | ProHoster\" \/>\n\t\t<meta property=\"og:description\" content=\"\u041f\u0440\u0435\u0434\u0441\u0442\u0430\u0432\u0438\u0442\u0435\u043b\u0438 \u0415\u0432\u0440\u043e\u043f\u0435\u0439\u0441\u043a\u043e\u0439 \u043e\u0440\u0433\u0430\u043d\u0438\u0437\u0430\u0446\u0438\u0438 \u043f\u043e \u044f\u0434\u0435\u0440\u043d\u044b\u043c \u0438\u0441\u0441\u043b\u0435\u0434\u043e\u0432\u0430\u043d\u0438\u044f\u043c (CERN) \u0443\u043f\u043e\u043c\u044f\u043d\u0443\u043b\u0438 \u0432 \u0441\u0432\u043e\u0451\u043c \u0432\u044b\u0441\u0442\u0443\u043f\u043b\u0435\u043d\u0438\u0438 \u043d\u0430 \u043a\u043e\u043d\u0444\u0435\u0440\u0435\u043d\u0446\u0438\u0438 MiniDebConf \u043e \u043f\u043b\u0430\u043d\u0430\u0445 \u0434\u043e \u043a\u043e\u043d\u0446\u0430 2026 \u0433\u043e\u0434\u0430 \u043f\u0435\u0440\u0435\u0432\u0435\u0441\u0442\u0438 \u0441 RHEL \u043d\u0430 Debian 13 \u0431\u043e\u043b\u0435\u0435 2200 \u043f\u0440\u043e\u043c\u044b\u0448\u043b\u0435\u043d\u043d\u044b\u0445 \u0438.\" \/>\n\t\t<meta property=\"og:url\" content=\"https:\/\/prohoster.info\/pl\/blog\/news\/cern-to-migrate-accelerator-control-system-to-debian-but-keep-rhel-almalinux-in-data-centers\" \/>\n\t\t<meta property=\"og:image\" content=\"https:\/\/prohoster.info\/wp-content\/uploads\/2021\/11\/logo-350.jpg\" \/>\n\t\t<meta property=\"og:image:secure_url\" content=\"https:\/\/prohoster.info\/wp-content\/uploads\/2021\/11\/logo-350.jpg\" \/>\n\t\t<meta property=\"og:image:width\" content=\"350\" \/>\n\t\t<meta property=\"og:image:height\" content=\"350\" \/>\n\t\t<meta property=\"article:published_time\" content=\"2026-09-03T20:54:15+00:00\" \/>\n\t\t<meta property=\"article:modified_time\" content=\"2026-09-03T20:54:17+00:00\" \/>\n\t\t<meta property=\"article:publisher\" content=\"https:\/\/www.facebook.com\/prohoster\" \/>\n\t\t<!-- All in One SEO -->\n\n","aioseo_head_json":{"title":"\ud83e\udd47CERN przeniesie system zarz\u0105dzania akceleratorami na Debiana, ale pozostawi RHEL\/AlmaLinux w centrach danych | ProHoster","description":"Przedstawiciele Europejskiej Organizacji Bada\u0144 J\u0105drowych (CERN) wspomnieli podczas swojego wyst\u0105pienia na konferencji MiniDebConf o planach przet\u0142umaczenia do ko\u0144ca 2026 roku ponad 2200 komputer\u00f3w przemys\u0142owych.","canonical_url":"https:\/\/prohoster.info\/pl\/blog\/news\/cern-to-migrate-accelerator-control-system-to-debian-but-keep-rhel-almalinux-in-data-centers","robots":"max-image-preview:large","keywords":"","webmasterTools":{"miscellaneous":""},"schema":null,"og:locale":"pl_PL","og:site_name":"ProHoster | \u041a\u0443\u043f\u0438\u0442\u044c \u043d\u0430\u0434\u0435\u0436\u043d\u044b\u0439 \u0445\u043e\u0441\u0442\u0438\u043d\u0433 \u0434\u043b\u044f \u0441\u0430\u0439\u0442\u043e\u0432 \u0441 \u0437\u0430\u0449\u0438\u0442\u043e\u0439 \u043e\u0442 DDoS, VPS VDS \u0441\u0435\u0440\u0432\u0435\u0440\u044b","og:type":"article","og:title":"\ud83e\udd47CERN \u043f\u0435\u0440\u0435\u0432\u0435\u0434\u0451\u0442 \u0441\u0438\u0441\u0442\u0435\u043c\u0443 \u0443\u043f\u0440\u0430\u0432\u043b\u0435\u043d\u0438\u044f \u0443\u0441\u043a\u043e\u0440\u0438\u0442\u0435\u043b\u0435\u043c \u043d\u0430 Debian, \u043d\u043e \u043e\u0441\u0442\u0430\u0432\u0438\u0442 RHEL\/AlmaLinux \u0432 \u0434\u0430\u0442\u0430\u0446\u0435\u043d\u0442\u0440\u0430\u0445 | ProHoster","og:description":"\u041f\u0440\u0435\u0434\u0441\u0442\u0430\u0432\u0438\u0442\u0435\u043b\u0438 \u0415\u0432\u0440\u043e\u043f\u0435\u0439\u0441\u043a\u043e\u0439 \u043e\u0440\u0433\u0430\u043d\u0438\u0437\u0430\u0446\u0438\u0438 \u043f\u043e \u044f\u0434\u0435\u0440\u043d\u044b\u043c \u0438\u0441\u0441\u043b\u0435\u0434\u043e\u0432\u0430\u043d\u0438\u044f\u043c (CERN) \u0443\u043f\u043e\u043c\u044f\u043d\u0443\u043b\u0438 \u0432 \u0441\u0432\u043e\u0451\u043c \u0432\u044b\u0441\u0442\u0443\u043f\u043b\u0435\u043d\u0438\u0438 \u043d\u0430 \u043a\u043e\u043d\u0444\u0435\u0440\u0435\u043d\u0446\u0438\u0438 MiniDebConf \u043e \u043f\u043b\u0430\u043d\u0430\u0445 \u0434\u043e \u043a\u043e\u043d\u0446\u0430 2026 \u0433\u043e\u0434\u0430 \u043f\u0435\u0440\u0435\u0432\u0435\u0441\u0442\u0438 \u0441 RHEL \u043d\u0430 Debian 13 \u0431\u043e\u043b\u0435\u0435 2200 \u043f\u0440\u043e\u043c\u044b\u0448\u043b\u0435\u043d\u043d\u044b\u0445 \u0438.","og:url":"https:\/\/prohoster.info\/pl\/blog\/news\/cern-to-migrate-accelerator-control-system-to-debian-but-keep-rhel-almalinux-in-data-centers","og:image":"https:\/\/prohoster.info\/wp-content\/uploads\/2021\/11\/logo-350.jpg","og:image:secure_url":"https:\/\/prohoster.info\/wp-content\/uploads\/2021\/11\/logo-350.jpg","og:image:width":350,"og:image:height":350,"article:published_time":"2026-09-03T20:54:15+00:00","article:modified_time":"2026-09-03T20:54:17+00:00","article:publisher":"https:\/\/www.facebook.com\/prohoster"},"aioseo_meta_data":[],"gt_translate_keys":[{"key":"link","format":"url"}],"_links":{"self":[{"href":"https:\/\/prohoster.info\/pl\/wp-json\/wp\/v2\/posts\/183237","targetHints":{"allow":["GET"]}}],"collection":[{"href":"https:\/\/prohoster.info\/pl\/wp-json\/wp\/v2\/posts"}],"about":[{"href":"https:\/\/prohoster.info\/pl\/wp-json\/wp\/v2\/types\/post"}],"author":[{"embeddable":true,"href":"https:\/\/prohoster.info\/pl\/wp-json\/wp\/v2\/users\/10"}],"replies":[{"embeddable":true,"href":"https:\/\/prohoster.info\/pl\/wp-json\/wp\/v2\/comments?post=183237"}],"version-history":[{"count":1,"href":"https:\/\/prohoster.info\/pl\/wp-json\/wp\/v2\/posts\/183237\/revisions"}],"predecessor-version":[{"id":183238,"href":"https:\/\/prohoster.info\/pl\/wp-json\/wp\/v2\/posts\/183237\/revisions\/183238"}],"wp:featuredmedia":[{"embeddable":true,"href":"https:\/\/prohoster.info\/pl\/wp-json\/wp\/v2\/media\/183239"}],"wp:attachment":[{"href":"https:\/\/prohoster.info\/pl\/wp-json\/wp\/v2\/media?parent=183237"}],"wp:term":[{"taxonomy":"category","embeddable":true,"href":"https:\/\/prohoster.info\/pl\/wp-json\/wp\/v2\/categories?post=183237"},{"taxonomy":"post_tag","embeddable":true,"href":"https:\/\/prohoster.info\/pl\/wp-json\/wp\/v2\/tags?post=183237"}],"curies":[{"name":"wp","href":"https:\/\/api.w.org\/{rel}","templated":true}]}}