{"id":32148,"date":"2019-10-31T21:45:23","date_gmt":"2019-10-31T18:45:23","guid":{"rendered":"https:\/\/prohoster.info\/blog\/t-conf-2019-ne-za-gorami\/"},"modified":"2019-10-31T21:45:23","modified_gmt":"2019-10-31T18:45:23","slug":"t-conf-2019-ne-za-gorami","status":"publish","type":"post","link":"https:\/\/prohoster.info\/pl\/blog\/administrirovanie\/t-conf-2019-ne-za-gorami","title":{"rendered":"T+ Conf 2019 ju\u017c za rogiem","gt_translate_keys":[{"key":"rendered","format":"text"}]},"content":{"rendered":"<p><img decoding=\"async\" alt=\"T+ Conf 2019 ju\u017c za rogiem\" src=\"\/wp-content\/uploads\/2019\/04\/5c10f584dd607fc5ca78f4f3580d116d.jpeg\" style=\"display:block;margin: 0 auto;\" \/><br \/>\n<br \/>\n17 czerwca (poniedzia\u0142ek) w biurze Mail.ru Group odb\u0119dzie si\u0119 druga coroczna konferencja<br \/>\nTarantool Conference, w skr\u00f3cie \u2014 T+ Conf. Jest ona adresowana zar\u00f3wno do nowicjuszy, jak i do do\u015bwiadczonych programist\u00f3w oraz architekt\u00f3w w sektorze korporacyjnym.<\/p>\n<p>Czekaj\u0105 na Was nowe prezentacje i warsztaty dotycz\u0105ce wykorzystania oblicze\u0144 in-memory. <noindex><a rel=\"nofollow\" href=\"https:\/\/www.tarantool.io\">Tarantool<\/a><\/noindex> \/ Redis \/ Memcached, \u043a\u043e\u043e\u043f\u0435\u0440\u0430\u0442\u0438\u0432\u043d\u043e\u0439 \u043c\u043d\u043e\u0433\u043e\u0437\u0430\u0434\u0430\u0447\u043d\u043e\u0441\u0442\u0438 \u0438 \u044f\u0437\u044b\u043a\u0430 Lua \u0434\u043b\u044f \u0441\u043e\u0437\u0434\u0430\u043d\u0438\u044f \u0432\u044b\u0441\u043e\u043a\u043e\u043d\u0430\u0433\u0440\u0443\u0436\u0435\u043d\u043d\u044b\u0445 \u043e\u0442\u043a\u0430\u0437\u043e\u0443\u0441\u0442\u043e\u0439\u0447\u0438\u0432\u044b\u0445 \u0441\u0435\u0440\u0432\u0438\u0441\u043e\u0432 \u0432 Digital \u0438 Enterprise. <br \/>\n<noindex><a rel=\"nofollow\" name=\"habracut\"><\/a><\/noindex><br \/>\nW programie znajd\u0105 si\u0119 wyst\u0105pienia na temat architektury mikroserwis\u00f3w i grid, szczeg\u00f3lne cechy rozwoju aplikacji enterprise oraz najlepsze metody realizacji okre\u015blonych funkcji. Przyk\u0142ady wyst\u0105pie\u0144 z zesz\u0142orocznej konferencji:<\/p>\n<ul>\n<li><noindex><a rel=\"nofollow\" href=\"https:\/\/conf.tarantool.io\/2018\/abstracts\/3678\">Tworzenie aplikacji o wysokim obci\u0105\u017ceniu dla Tarantool od podstaw<\/a><\/noindex><\/li>\n<li><noindex><a rel=\"nofollow\" href=\"https:\/\/conf.tarantool.io\/2018\/abstracts\/3672\">Wn\u0119trze, tuning i monitorowanie Tarantool\/Vinyl<\/a><\/noindex><\/li>\n<li><noindex><a rel=\"nofollow\" href=\"https:\/\/conf.tarantool.io\/2018\/abstracts\/3703\">Replikacja w Tarantool: konfiguracja i u\u017cycie<\/a><\/noindex><\/li>\n<li><noindex><a rel=\"nofollow\" href=\"https:\/\/conf.tarantool.io\/2018\/abstracts\/3674\">VShard \u2014 poziome skalowanie w Tarantool<\/a><\/noindex><\/li>\n<\/ul>\n<p>\nJak i w zesz\u0142ym roku, to b\u0119dzie pe\u0142ny dzie\u0144 roboczy: prezentacje rozpoczn\u0105 si\u0119 o 10:00 i zako\u0144cz\u0105 o 19:00.<\/p>\n<p>Program wyst\u0105pie\u0144 opublikujemy bli\u017cej pocz\u0105tku konferencji. Spoiler: otwieraj\u0105cym prelegentem b\u0119dzie Konstantin Osipov z przegl\u0105dem najbardziej interesuj\u0105cych funkcji z roadmap Tarantool.<\/p>\n<blockquote><p>Je\u015bli chcesz podzieli\u0107 si\u0119 swoim do\u015bwiadczeniem z spo\u0142eczno\u015bci\u0105, prze\u015blij nam <noindex><a rel=\"nofollow\" href=\"http:\/\/conf.tarantool.io\/2019\">zg\u0142oszenie<\/a><\/noindex> propozycj\u0119 wyst\u0105pienia, jeste\u015bmy otwarci na nowych prelegent\u00f3w.<\/p><\/blockquote>\n<p>\nTermin sk\u0142adania zg\u0142osze\u0144 zbli\u017ca si\u0119 \u2014 1 maja 2019. Wtedy tak\u017ce wzro\u015bnie cena bilet\u00f3w dla uczestnik\u00f3w konferencji. Zarezerwuj miejsce w kwietniu! \ud83d\ude42<\/p>\n<p>Opr\u00f3cz samych wyst\u0105pie\u0144 czekaj\u0105 na Was przydatne materia\u0142y, obiad oraz smaczne przerwy na kaw\u0119, a po konferencji b\u0119dzie mo\u017cna obejrze\u0107 nagrania szczeg\u00f3lnie interesuj\u0105cych prezentacji.<\/p>\n<p><b>Strona konferencji<\/b>: <noindex><a rel=\"nofollow\" href=\"http:\/\/conf.tarantool.io\/2019\">conf.tarantool.io\/2019<\/a><\/noindex><br \/>\n<b>Adres<\/b>: biuro Mail.ru Group, Prospekt Leningradzki 39, bud. 79.<br \/>\n<b>Czas trwania<\/b>: 1 pe\u0142ny dzie\u0144.<br \/>\n<br \/>\u0179r\u00f3d\u0142o: habr.com<\/p>","protected":false,"gt_translate_keys":[{"key":"rendered","format":"html"}]},"excerpt":{"rendered":"<p>17 \u0438\u044e\u043d\u044f (\u043f\u043e\u043d\u0435\u0434\u0435\u043b\u044c\u043d\u0438\u043a) \u0432 \u043e\u0444\u0438\u0441\u0435 Mail.ru Group \u043f\u0440\u043e\u0439\u0434\u0451\u0442 \u0432\u0442\u043e\u0440\u0430\u044f \u0435\u0436\u0435\u0433\u043e\u0434\u043d\u0430\u044f \u043a\u043e\u043d\u0444\u0435\u0440\u0435\u043d\u0446\u0438\u044f Tarantool Conference, \u0438\u043b\u0438 \u043a\u043e\u0440\u043e\u0442\u043a\u043e \u2014 T+ Conf. \u041e\u043d\u0430 \u0430\u0434\u0440\u0435\u0441\u043e\u0432\u0430\u043d\u0430 \u043a\u0430\u043a \u043d\u043e\u0432\u0438\u0447\u043a\u0430\u043c, \u0442\u0430\u043a \u0438 \u043e\u043f\u044b\u0442\u043d\u044b\u043c \u0440\u0430\u0437\u0440\u0430\u0431\u043e\u0442\u0447\u0438\u043a\u0430\u043c \u0438 \u0430\u0440\u0445\u0438\u0442\u0435\u043a\u0442\u043e\u0440\u0430\u043c \u0432 \u043a\u043e\u0440\u043f\u043e\u0440\u0430\u0442\u0438\u0432\u043d\u043e\u043c \u0441\u0435\u043a\u0442\u043e\u0440\u0435. \u0412\u0430\u0441 \u0436\u0434\u0443\u0442 \u043d\u043e\u0432\u044b\u0435 \u0434\u043e\u043a\u043b\u0430\u0434\u044b \u0438 \u0432\u043e\u0440\u043a\u0448\u043e\u043f\u044b \u043f\u043e \u0438\u0441\u043f\u043e\u043b\u044c\u0437\u043e\u0432\u0430\u043d\u0438\u044e in-memory computing, Tarantool \/ Redis \/ Memcached, \u043a\u043e\u043e\u043f\u0435\u0440\u0430\u0442\u0438\u0432\u043d\u043e\u0439 \u043c\u043d\u043e\u0433\u043e\u0437\u0430\u0434\u0430\u0447\u043d\u043e\u0441\u0442\u0438 \u0438 \u044f\u0437\u044b\u043a\u0430 Lua \u0434\u043b\u044f \u0441\u043e\u0437\u0434\u0430\u043d\u0438\u044f \u0432\u044b\u0441\u043e\u043a\u043e\u043d\u0430\u0433\u0440\u0443\u0436\u0435\u043d\u043d\u044b\u0445 \u043e\u0442\u043a\u0430\u0437\u043e\u0443\u0441\u0442\u043e\u0439\u0447\u0438\u0432\u044b\u0445 [&hellip;]<\/p>\n","protected":false,"gt_translate_keys":[{"key":"rendered","format":"html"}]},"author":1,"featured_media":23981,"comment_status":"open","ping_status":"open","sticky":false,"template":"","format":"standard","meta":{"footnotes":""},"categories":[688],"tags":[],"class_list":["post-32148","post","type-post","status-publish","format-standard","has-post-thumbnail","hentry","category-administrirovanie"],"aioseo_notices":[],"aioseo_head":"\n\t\t<!-- All in One SEO 5.0.1.1 - aioseo.com -->\n\t<meta name=\"description\" content=\"17 \u0438\u044e\u043d\u044f (\u043f\u043e\u043d\u0435\u0434\u0435\u043b\u044c\u043d\u0438\u043a) \u0432 \u043e\u0444\u0438\u0441\u0435 Mail.ru Group \u043f\u0440\u043e\u0439\u0434\u0451\u0442 \u0432\u0442\u043e\u0440\u0430\u044f.\" \/>\n\t<meta name=\"robots\" content=\"max-image-preview:large\" \/>\n\t<meta name=\"author\" content=\"Yuri Gagarin\"\/>\n\t<link rel=\"canonical\" href=\"https:\/\/prohoster.info\/pl\/blog\/administrirovanie\/t-conf-2019-ne-za-gorami\" \/>\n\t<meta name=\"generator\" content=\"All in One SEO (AIOSEO) 5.0.1.1\" \/>\n\t\t<meta property=\"og:locale\" content=\"pl_PL\" \/>\n\t\t<meta property=\"og:site_name\" content=\"ProHoster | \u041a\u0443\u043f\u0438\u0442\u044c \u043d\u0430\u0434\u0435\u0436\u043d\u044b\u0439 \u0445\u043e\u0441\u0442\u0438\u043d\u0433 \u0434\u043b\u044f \u0441\u0430\u0439\u0442\u043e\u0432 \u0441 \u0437\u0430\u0449\u0438\u0442\u043e\u0439 \u043e\u0442 DDoS, VPS VDS \u0441\u0435\u0440\u0432\u0435\u0440\u044b\" \/>\n\t\t<meta property=\"og:type\" content=\"article\" \/>\n\t\t<meta property=\"og:title\" content=\"\ud83e\udd47T+ Conf 2019 \u043d\u0435 \u0437\u0430 \u0433\u043e\u0440\u0430\u043c\u0438 | ProHoster\" \/>\n\t\t<meta property=\"og:description\" content=\"17 \u0438\u044e\u043d\u044f (\u043f\u043e\u043d\u0435\u0434\u0435\u043b\u044c\u043d\u0438\u043a) \u0432 \u043e\u0444\u0438\u0441\u0435 Mail.ru Group \u043f\u0440\u043e\u0439\u0434\u0451\u0442 \u0432\u0442\u043e\u0440\u0430\u044f.\" \/>\n\t\t<meta property=\"og:url\" content=\"https:\/\/prohoster.info\/pl\/blog\/administrirovanie\/t-conf-2019-ne-za-gorami\" \/>\n\t\t<meta property=\"og:image\" content=\"https:\/\/prohoster.info\/wp-content\/uploads\/2021\/11\/logo-350.jpg\" \/>\n\t\t<meta property=\"og:image:secure_url\" content=\"https:\/\/prohoster.info\/wp-content\/uploads\/2021\/11\/logo-350.jpg\" \/>\n\t\t<meta property=\"og:image:width\" content=\"350\" \/>\n\t\t<meta property=\"og:image:height\" content=\"350\" \/>\n\t\t<meta property=\"article:published_time\" content=\"2019-10-31T18:45:23+00:00\" \/>\n\t\t<meta property=\"article:modified_time\" content=\"2019-10-31T18:45:23+00:00\" \/>\n\t\t<meta property=\"article:publisher\" content=\"https:\/\/www.facebook.com\/prohoster\" \/>\n\t\t<meta property=\"article:author\" content=\"https:\/\/www.facebook.com\/prohoster\" \/>\n\t\t<!-- All in One SEO -->\n\n","aioseo_head_json":{"title":"\ud83e\udd47T+ Conf 2019 ju\u017c tu\u017c, tu\u017c | ProHoster","description":"17 czerwca (poniedzia\u0142ek) w biurze Mail.ru Group odb\u0119dzie si\u0119 druga.","canonical_url":"https:\/\/prohoster.info\/pl\/blog\/administrirovanie\/t-conf-2019-ne-za-gorami","robots":"max-image-preview:large","keywords":"","webmasterTools":{"miscellaneous":""},"schema":null,"og:locale":"pl_PL","og:site_name":"ProHoster | \u041a\u0443\u043f\u0438\u0442\u044c \u043d\u0430\u0434\u0435\u0436\u043d\u044b\u0439 \u0445\u043e\u0441\u0442\u0438\u043d\u0433 \u0434\u043b\u044f \u0441\u0430\u0439\u0442\u043e\u0432 \u0441 \u0437\u0430\u0449\u0438\u0442\u043e\u0439 \u043e\u0442 DDoS, VPS VDS \u0441\u0435\u0440\u0432\u0435\u0440\u044b","og:type":"article","og:title":"\ud83e\udd47T+ Conf 2019 \u043d\u0435 \u0437\u0430 \u0433\u043e\u0440\u0430\u043c\u0438 | ProHoster","og:description":"17 \u0438\u044e\u043d\u044f (\u043f\u043e\u043d\u0435\u0434\u0435\u043b\u044c\u043d\u0438\u043a) \u0432 \u043e\u0444\u0438\u0441\u0435 Mail.ru Group \u043f\u0440\u043e\u0439\u0434\u0451\u0442 \u0432\u0442\u043e\u0440\u0430\u044f.","og:url":"https:\/\/prohoster.info\/pl\/blog\/administrirovanie\/t-conf-2019-ne-za-gorami","og:image":"https:\/\/prohoster.info\/wp-content\/uploads\/2021\/11\/logo-350.jpg","og:image:secure_url":"https:\/\/prohoster.info\/wp-content\/uploads\/2021\/11\/logo-350.jpg","og:image:width":350,"og:image:height":350,"article:published_time":"2019-10-31T18:45:23+00:00","article:modified_time":"2019-10-31T18:45:23+00:00","article:publisher":"https:\/\/www.facebook.com\/prohoster","article:author":"https:\/\/www.facebook.com\/prohoster"},"aioseo_meta_data":{"post_id":"32148","title":null,"description":null,"keywords":null,"keyphrases":null,"primary_term":null,"canonical_url":null,"og_title":null,"og_description":null,"og_object_type":"default","og_image_type":"default","og_image_url":null,"og_image_width":null,"og_image_height":null,"og_image_custom_url":null,"og_image_custom_fields":null,"og_video":null,"og_custom_url":null,"og_article_section":null,"og_article_tags":null,"twitter_use_og":false,"twitter_card":"default","twitter_image_type":"default","twitter_image_url":null,"twitter_image_custom_url":null,"twitter_image_custom_fields":null,"twitter_title":null,"twitter_description":null,"schema":{"blockGraphs":[],"customGraphs":[],"default":{"data":{"Article":[],"Course":[],"Dataset":[],"FAQPage":[],"Movie":[],"Person":[],"Product":[],"ProductReview":[],"Car":[],"Recipe":[],"Service":[],"SoftwareApplication":[],"WebPage":[]},"graphName":"","isEnabled":true},"graphs":[]},"schema_type":null,"schema_type_options":null,"pillar_content":false,"robots_default":true,"robots_noindex":false,"robots_noarchive":false,"robots_nosnippet":false,"robots_nofollow":false,"robots_noimageindex":false,"robots_noodp":false,"robots_notranslate":false,"robots_max_snippet":null,"robots_max_videopreview":null,"robots_max_imagepreview":"large","priority":null,"frequency":null,"local_seo":null,"seo_analyzer_scan_date":"2026-01-21 09:31:19","breadcrumb_settings":null,"limit_modified_date":false,"reviewed_by":null,"ai":null,"created":"2021-02-28 13:34:05","updated":"2026-01-21 09:31:19","focus_keyword":null,"additional_keywords":null,"truseo_locale":null},"gt_translate_keys":[{"key":"link","format":"url"}],"_links":{"self":[{"href":"https:\/\/prohoster.info\/pl\/wp-json\/wp\/v2\/posts\/32148","targetHints":{"allow":["GET"]}}],"collection":[{"href":"https:\/\/prohoster.info\/pl\/wp-json\/wp\/v2\/posts"}],"about":[{"href":"https:\/\/prohoster.info\/pl\/wp-json\/wp\/v2\/types\/post"}],"author":[{"embeddable":true,"href":"https:\/\/prohoster.info\/pl\/wp-json\/wp\/v2\/users\/1"}],"replies":[{"embeddable":true,"href":"https:\/\/prohoster.info\/pl\/wp-json\/wp\/v2\/comments?post=32148"}],"version-history":[{"count":0,"href":"https:\/\/prohoster.info\/pl\/wp-json\/wp\/v2\/posts\/32148\/revisions"}],"wp:featuredmedia":[{"embeddable":true,"href":"https:\/\/prohoster.info\/pl\/wp-json\/wp\/v2\/media\/23981"}],"wp:attachment":[{"href":"https:\/\/prohoster.info\/pl\/wp-json\/wp\/v2\/media?parent=32148"}],"wp:term":[{"taxonomy":"category","embeddable":true,"href":"https:\/\/prohoster.info\/pl\/wp-json\/wp\/v2\/categories?post=32148"},{"taxonomy":"post_tag","embeddable":true,"href":"https:\/\/prohoster.info\/pl\/wp-json\/wp\/v2\/tags?post=32148"}],"curies":[{"name":"wp","href":"https:\/\/api.w.org\/{rel}","templated":true}]}}